{"id":10470,"date":"2018-10-15T18:37:09","date_gmt":"2018-10-15T21:37:09","guid":{"rendered":"http:\/\/newsinfoco.com.br\/?p=10470"},"modified":"2018-10-15T18:37:09","modified_gmt":"2018-10-15T21:37:09","slug":"haddad-sugere-mario-sergio-cortella-para-a-educacao","status":"publish","type":"post","link":"https:\/\/newsinfoco.com.br\/inicio\/haddad-sugere-mario-sergio-cortella-para-a-educacao\/","title":{"rendered":"Haddad sugere Mario Sergio Cortella para a Educa\u00e7\u00e3o"},"content":{"rendered":"<p style=\"text-align: justify;\">O candidato do PT \u00e0 Presid\u00eancia da Rep\u00fablica, Fernando Haddad, postou uma mensagem em seu perfil no Twitter, nesta segunda-feira, sugerindo o nome do fil\u00f3sofo e articulista Mario Sergio Cortella para o Minist\u00e9rio da Educa\u00e7\u00e3o. \u201cSou amigo do Mario Sergio Cortella h\u00e1 anos. Ele acompanhou meu trabalho como ministro e h\u00e1 muito tempo digo que ele deveria pensar em ocupar o Minist\u00e9rio da Educa\u00e7\u00e3o. Quero montar a equipe dos melhores\u201d, escreveu o ex-prefeito da capital paulista.<\/p>\n<p style=\"text-align: justify;\">Cortella n\u00e3o \u00e9 o primeiro nome aventado pelo presidenci\u00e1vel para compor um eventual minist\u00e9rio. Na semana passada, o petista sugeriu que o empres\u00e1rio Josu\u00e9 Gomes, filho do ex-vice-presidente Jos\u00e9 Alencar, \u201ctem todas as condi\u00e7\u00f5es, perfil e sensibilidade social\u201d para chefiar a Fazenda caso ele seja eleito. \u201cIsso \u00e9 s\u00f3 especula\u00e7\u00e3o, sem nenhum fundamento. Nem \u00e9 o momento para isso (conversas)\u201d, desconversou o empres\u00e1rio ao Estado.<\/p><div class=\"newsi-conteudo_19\" id=\"newsi-1412913465\"><a href=\"https:\/\/www.instagram.com\/prefeituraalagoinhas?igsh=YzgzdDJ1bWR3aWI4\" aria-label=\"SAVE_20251006_221555\"><img loading=\"lazy\" decoding=\"async\" src=\"https:\/\/newsinfoco.com.br\/inicio\/wp-content\/uploads\/2025\/10\/SAVE_20251006_221555-rotated.jpg\" alt=\"\"  srcset=\"https:\/\/newsinfoco.com.br\/inicio\/wp-content\/uploads\/2025\/10\/SAVE_20251006_221555-rotated.jpg 1140w, https:\/\/newsinfoco.com.br\/inicio\/wp-content\/uploads\/2025\/10\/SAVE_20251006_221555-300x52.jpg 300w, https:\/\/newsinfoco.com.br\/inicio\/wp-content\/uploads\/2025\/10\/SAVE_20251006_221555-1024x177.jpg 1024w, https:\/\/newsinfoco.com.br\/inicio\/wp-content\/uploads\/2025\/10\/SAVE_20251006_221555-768x133.jpg 768w, https:\/\/newsinfoco.com.br\/inicio\/wp-content\/uploads\/2025\/10\/SAVE_20251006_221555-600x104.jpg 600w, https:\/\/newsinfoco.com.br\/inicio\/wp-content\/uploads\/2025\/10\/SAVE_20251006_221555-696x120.jpg 696w, https:\/\/newsinfoco.com.br\/inicio\/wp-content\/uploads\/2025\/10\/SAVE_20251006_221555-1068x185.jpg 1068w\" sizes=\"(max-width: 1140px) 100vw, 1140px\" width=\"1140\" height=\"197\"   \/><\/a><\/div>\n<h6 style=\"text-align: right;\"><span style=\"color: #999999;\">Estad\u00e3o<\/span><\/h6>\n<div class='share-to-whatsapp-wrapper'><div class='share-on-whsp'>Share on: <\/div><a data-text='Haddad sugere Mario Sergio Cortella para a Educa\u00e7\u00e3o' data-link='https:\/\/newsinfoco.com.br\/inicio\/haddad-sugere-mario-sergio-cortella-para-a-educacao\/' class='whatsapp-button whatsapp-share'>WhatsApp<\/a><div class='clear '><\/div><\/div>","protected":false},"excerpt":{"rendered":"<p>O candidato do PT \u00e0 Presid\u00eancia da Rep\u00fablica, Fernando Haddad, postou uma mensagem em seu perfil no Twitter, nesta segunda-feira, sugerindo o nome do fil\u00f3sofo e articulista Mario Sergio Cortella para o Minist\u00e9rio da Educa\u00e7\u00e3o. \u201cSou amigo do Mario Sergio Cortella h\u00e1 anos. Ele acompanhou meu trabalho como ministro e h\u00e1 muito tempo digo que [&hellip;]<\/p>\n","protected":false},"author":1,"featured_media":10471,"comment_status":"open","ping_status":"open","sticky":false,"template":"","format":"standard","meta":{"om_disable_all_campaigns":false,"_exactmetrics_skip_tracking":false,"_exactmetrics_sitenote_active":false,"_exactmetrics_sitenote_note":"","_exactmetrics_sitenote_category":0,"footnotes":""},"categories":[21],"tags":[],"class_list":["post-10470","post","type-post","status-publish","format-standard","has-post-thumbnail","hentry","category-brasil"],"aioseo_notices":[],"_links":{"self":[{"href":"https:\/\/newsinfoco.com.br\/inicio\/wp-json\/wp\/v2\/posts\/10470","targetHints":{"allow":["GET"]}}],"collection":[{"href":"https:\/\/newsinfoco.com.br\/inicio\/wp-json\/wp\/v2\/posts"}],"about":[{"href":"https:\/\/newsinfoco.com.br\/inicio\/wp-json\/wp\/v2\/types\/post"}],"author":[{"embeddable":true,"href":"https:\/\/newsinfoco.com.br\/inicio\/wp-json\/wp\/v2\/users\/1"}],"replies":[{"embeddable":true,"href":"https:\/\/newsinfoco.com.br\/inicio\/wp-json\/wp\/v2\/comments?post=10470"}],"version-history":[{"count":0,"href":"https:\/\/newsinfoco.com.br\/inicio\/wp-json\/wp\/v2\/posts\/10470\/revisions"}],"wp:featuredmedia":[{"embeddable":true,"href":"https:\/\/newsinfoco.com.br\/inicio\/wp-json\/wp\/v2\/media\/10471"}],"wp:attachment":[{"href":"https:\/\/newsinfoco.com.br\/inicio\/wp-json\/wp\/v2\/media?parent=10470"}],"wp:term":[{"taxonomy":"category","embeddable":true,"href":"https:\/\/newsinfoco.com.br\/inicio\/wp-json\/wp\/v2\/categories?post=10470"},{"taxonomy":"post_tag","embeddable":true,"href":"https:\/\/newsinfoco.com.br\/inicio\/wp-json\/wp\/v2\/tags?post=10470"}],"curies":[{"name":"wp","href":"https:\/\/api.w.org\/{rel}","templated":true}]}}