{"id":10473,"date":"2018-10-15T18:39:31","date_gmt":"2018-10-15T21:39:31","guid":{"rendered":"http:\/\/newsinfoco.com.br\/?p=10473"},"modified":"2018-10-15T18:39:31","modified_gmt":"2018-10-15T21:39:31","slug":"bolsonaro-afirma-que-vai-resgatar-o-respeito-em-sala-de-aula","status":"publish","type":"post","link":"https:\/\/newsinfoco.com.br\/inicio\/bolsonaro-afirma-que-vai-resgatar-o-respeito-em-sala-de-aula\/","title":{"rendered":"Bolsonaro afirma que vai resgatar o respeito em sala de aula"},"content":{"rendered":"<p style=\"text-align: justify;\">O candidato do PSL \u00e0 Presid\u00eancia, Jair Bolsonaro, afirmou hoje (15), no Dia do Professor, que pretende valorizar a categoria e resgatar o respeito em sala de aula. Lembrando que \u00e9 formado em educa\u00e7\u00e3o f\u00edsica, ele disse que estava falando como professor da \u00e1rea.<\/p>\n<h6 style=\"text-align: justify;\">\u201cA invers\u00e3o de valores dificulta a autoridade do professor em sala de aula. S\u00e3o muitos os relatos e registros de agress\u00e3o, desrespeito e humilha\u00e7\u00e3o. Resgatar a refer\u00eancia que sempre representaram \u00e9 tamb\u00e9m uma forma de valoriz\u00e1-los\u201d, disse o candidato no Twitter.<\/h6>\n<h6 style=\"text-align: right;\"><span style=\"color: #999999;\">Agencia Brasil<\/span><\/h6>\n<div class='share-to-whatsapp-wrapper'><div class='share-on-whsp'>Share on: <\/div><a data-text='Bolsonaro afirma que vai resgatar o respeito em sala de aula' data-link='https:\/\/newsinfoco.com.br\/inicio\/bolsonaro-afirma-que-vai-resgatar-o-respeito-em-sala-de-aula\/' class='whatsapp-button whatsapp-share'>WhatsApp<\/a><div class='clear '><\/div><\/div>","protected":false},"excerpt":{"rendered":"<p>O candidato do PSL \u00e0 Presid\u00eancia, Jair Bolsonaro, afirmou hoje (15), no Dia do Professor, que pretende valorizar a categoria e resgatar o respeito em sala de aula. Lembrando que \u00e9 formado em educa\u00e7\u00e3o f\u00edsica, ele disse que estava falando como professor da \u00e1rea. \u201cA invers\u00e3o de valores dificulta a autoridade do professor em sala [&hellip;]<\/p>\n","protected":false},"author":1,"featured_media":10474,"comment_status":"open","ping_status":"open","sticky":false,"template":"","format":"standard","meta":{"om_disable_all_campaigns":false,"_exactmetrics_skip_tracking":false,"_exactmetrics_sitenote_active":false,"_exactmetrics_sitenote_note":"","_exactmetrics_sitenote_category":0,"footnotes":""},"categories":[21],"tags":[],"class_list":["post-10473","post","type-post","status-publish","format-standard","has-post-thumbnail","hentry","category-brasil"],"aioseo_notices":[],"_links":{"self":[{"href":"https:\/\/newsinfoco.com.br\/inicio\/wp-json\/wp\/v2\/posts\/10473","targetHints":{"allow":["GET"]}}],"collection":[{"href":"https:\/\/newsinfoco.com.br\/inicio\/wp-json\/wp\/v2\/posts"}],"about":[{"href":"https:\/\/newsinfoco.com.br\/inicio\/wp-json\/wp\/v2\/types\/post"}],"author":[{"embeddable":true,"href":"https:\/\/newsinfoco.com.br\/inicio\/wp-json\/wp\/v2\/users\/1"}],"replies":[{"embeddable":true,"href":"https:\/\/newsinfoco.com.br\/inicio\/wp-json\/wp\/v2\/comments?post=10473"}],"version-history":[{"count":0,"href":"https:\/\/newsinfoco.com.br\/inicio\/wp-json\/wp\/v2\/posts\/10473\/revisions"}],"wp:featuredmedia":[{"embeddable":true,"href":"https:\/\/newsinfoco.com.br\/inicio\/wp-json\/wp\/v2\/media\/10474"}],"wp:attachment":[{"href":"https:\/\/newsinfoco.com.br\/inicio\/wp-json\/wp\/v2\/media?parent=10473"}],"wp:term":[{"taxonomy":"category","embeddable":true,"href":"https:\/\/newsinfoco.com.br\/inicio\/wp-json\/wp\/v2\/categories?post=10473"},{"taxonomy":"post_tag","embeddable":true,"href":"https:\/\/newsinfoco.com.br\/inicio\/wp-json\/wp\/v2\/tags?post=10473"}],"curies":[{"name":"wp","href":"https:\/\/api.w.org\/{rel}","templated":true}]}}