{"id":10477,"date":"2018-10-15T18:46:10","date_gmt":"2018-10-15T21:46:10","guid":{"rendered":"http:\/\/newsinfoco.com.br\/?p=10477"},"modified":"2018-10-15T18:46:10","modified_gmt":"2018-10-15T21:46:10","slug":"haddad-propoe-equilibrar-contas-com-reformas-tributaria-e-bancaria","status":"publish","type":"post","link":"https:\/\/newsinfoco.com.br\/inicio\/haddad-propoe-equilibrar-contas-com-reformas-tributaria-e-bancaria\/","title":{"rendered":"Haddad prop\u00f5e equilibrar contas com reformas tribut\u00e1ria e banc\u00e1ria"},"content":{"rendered":"<p style=\"text-align: justify;\">O candidato do PT \u00e0 Presid\u00eancia da Rep\u00fablica, Fernando Haddad, refor\u00e7ou sua proposta de equilibrar as contas p\u00fablicas com reformas tribut\u00e1ria e banc\u00e1ria e fazendo investimentos para incentivar o crescimento da arrecada\u00e7\u00e3o.<\/p>\n<p style=\"text-align: justify;\">O ex-prefeito de S\u00e3o Paulo falou ainda em perseguir um regime \u00fanico de Previd\u00eancia come\u00e7ando a ajustar os regimes pr\u00f3prios de Estados e munic\u00edpios. Nestas segunda-feira, 15, Dia do Professor, o presidenci\u00e1vel do PT prometeu deixar mais claro na Lei de Diretrizes e Bases da Educa\u00e7\u00e3o (LDB) a proibi\u00e7\u00e3o do m\u00e9todo de educa\u00e7\u00e3o \u00e0 dist\u00e2ncia no ensino fundamental \u2013 numa contraposi\u00e7\u00e3o a uma proposta de Jair Bolsonaro (PSL).<\/p><div class=\"newsi-conteudo_19\" id=\"newsi-459806861\"><a href=\"https:\/\/www.instagram.com\/prefeituraalagoinhas?igsh=YzgzdDJ1bWR3aWI4\" aria-label=\"SAVE_20251006_221555\"><img loading=\"lazy\" decoding=\"async\" src=\"https:\/\/newsinfoco.com.br\/inicio\/wp-content\/uploads\/2025\/10\/SAVE_20251006_221555-rotated.jpg\" alt=\"\"  srcset=\"https:\/\/newsinfoco.com.br\/inicio\/wp-content\/uploads\/2025\/10\/SAVE_20251006_221555-rotated.jpg 1140w, https:\/\/newsinfoco.com.br\/inicio\/wp-content\/uploads\/2025\/10\/SAVE_20251006_221555-300x52.jpg 300w, https:\/\/newsinfoco.com.br\/inicio\/wp-content\/uploads\/2025\/10\/SAVE_20251006_221555-1024x177.jpg 1024w, https:\/\/newsinfoco.com.br\/inicio\/wp-content\/uploads\/2025\/10\/SAVE_20251006_221555-768x133.jpg 768w, https:\/\/newsinfoco.com.br\/inicio\/wp-content\/uploads\/2025\/10\/SAVE_20251006_221555-600x104.jpg 600w, https:\/\/newsinfoco.com.br\/inicio\/wp-content\/uploads\/2025\/10\/SAVE_20251006_221555-696x120.jpg 696w, https:\/\/newsinfoco.com.br\/inicio\/wp-content\/uploads\/2025\/10\/SAVE_20251006_221555-1068x185.jpg 1068w\" sizes=\"(max-width: 1140px) 100vw, 1140px\" width=\"1140\" height=\"197\"   \/><\/a><\/div>\n<p style=\"text-align: justify;\">O petista refor\u00e7ou o discurso de que Bolsonaro \u00e9 um risco para a democracia e que o quadro est\u00e1 sendo \u201cnaturalizado\u201d no Pa\u00eds. \u201cTem muita viol\u00eancia na rua. As pessoas est\u00e3o com medo de se manifestar, as que se manifestam sofrem constrangimentos imediatos.\u201d<\/p>\n<h6 style=\"text-align: right;\"><span style=\"color: #999999;\">Estad\u00e3o Conte\u00fado<\/span><\/h6>\n<div class='share-to-whatsapp-wrapper'><div class='share-on-whsp'>Share on: <\/div><a data-text='Haddad prop\u00f5e equilibrar contas com reformas tribut\u00e1ria e banc\u00e1ria' data-link='https:\/\/newsinfoco.com.br\/inicio\/haddad-propoe-equilibrar-contas-com-reformas-tributaria-e-bancaria\/' class='whatsapp-button whatsapp-share'>WhatsApp<\/a><div class='clear '><\/div><\/div>","protected":false},"excerpt":{"rendered":"<p>O candidato do PT \u00e0 Presid\u00eancia da Rep\u00fablica, Fernando Haddad, refor\u00e7ou sua proposta de equilibrar as contas p\u00fablicas com reformas tribut\u00e1ria e banc\u00e1ria e fazendo investimentos para incentivar o crescimento da arrecada\u00e7\u00e3o. O ex-prefeito de S\u00e3o Paulo falou ainda em perseguir um regime \u00fanico de Previd\u00eancia come\u00e7ando a ajustar os regimes pr\u00f3prios de Estados e [&hellip;]<\/p>\n","protected":false},"author":1,"featured_media":8806,"comment_status":"open","ping_status":"open","sticky":false,"template":"","format":"standard","meta":{"om_disable_all_campaigns":false,"_exactmetrics_skip_tracking":false,"_exactmetrics_sitenote_active":false,"_exactmetrics_sitenote_note":"","_exactmetrics_sitenote_category":0,"footnotes":""},"categories":[21],"tags":[],"class_list":["post-10477","post","type-post","status-publish","format-standard","has-post-thumbnail","hentry","category-brasil"],"aioseo_notices":[],"_links":{"self":[{"href":"https:\/\/newsinfoco.com.br\/inicio\/wp-json\/wp\/v2\/posts\/10477","targetHints":{"allow":["GET"]}}],"collection":[{"href":"https:\/\/newsinfoco.com.br\/inicio\/wp-json\/wp\/v2\/posts"}],"about":[{"href":"https:\/\/newsinfoco.com.br\/inicio\/wp-json\/wp\/v2\/types\/post"}],"author":[{"embeddable":true,"href":"https:\/\/newsinfoco.com.br\/inicio\/wp-json\/wp\/v2\/users\/1"}],"replies":[{"embeddable":true,"href":"https:\/\/newsinfoco.com.br\/inicio\/wp-json\/wp\/v2\/comments?post=10477"}],"version-history":[{"count":0,"href":"https:\/\/newsinfoco.com.br\/inicio\/wp-json\/wp\/v2\/posts\/10477\/revisions"}],"wp:featuredmedia":[{"embeddable":true,"href":"https:\/\/newsinfoco.com.br\/inicio\/wp-json\/wp\/v2\/media\/8806"}],"wp:attachment":[{"href":"https:\/\/newsinfoco.com.br\/inicio\/wp-json\/wp\/v2\/media?parent=10477"}],"wp:term":[{"taxonomy":"category","embeddable":true,"href":"https:\/\/newsinfoco.com.br\/inicio\/wp-json\/wp\/v2\/categories?post=10477"},{"taxonomy":"post_tag","embeddable":true,"href":"https:\/\/newsinfoco.com.br\/inicio\/wp-json\/wp\/v2\/tags?post=10477"}],"curies":[{"name":"wp","href":"https:\/\/api.w.org\/{rel}","templated":true}]}}