{"id":10490,"date":"2018-10-15T19:01:35","date_gmt":"2018-10-15T22:01:35","guid":{"rendered":"http:\/\/newsinfoco.com.br\/?p=10490"},"modified":"2018-10-15T19:01:35","modified_gmt":"2018-10-15T22:01:35","slug":"fragilizada-oposicao-na-al-ba-deve-se-unir-e-votar-nova-presidencia-da-casa-em-bloco","status":"publish","type":"post","link":"https:\/\/newsinfoco.com.br\/inicio\/fragilizada-oposicao-na-al-ba-deve-se-unir-e-votar-nova-presidencia-da-casa-em-bloco\/","title":{"rendered":"Fragilizada, oposi\u00e7\u00e3o na AL-BA deve se unir e votar nova presid\u00eancia da Casa em bloco"},"content":{"rendered":"<div class=\"text-descricao\">\n<p style=\"text-align: justify;\">A redu\u00e7\u00e3o na bancada de oposi\u00e7\u00e3o da Assembleia Legislativa da Bahia (AL-BA) deve unir os deputados estaduais da minoria em torno de um \u00fanico nome para a presid\u00eancia da Casa na pr\u00f3xima legislatura. O bloco ainda espera o fim do segundo turno das elei\u00e7\u00f5es presidenciais para acirrar o debate sobre o assunto, mas a atual conjuntura indica um acordo entre os partidos\u00a0da oposi\u00e7\u00e3o.<\/p>\n<p style=\"text-align: justify;\">\u201cAinda n\u00e3o sentamos, mas a oposi\u00e7\u00e3o dever\u00e1 caminha unida. Sa\u00edmos fracos da elei\u00e7\u00e3o, o m\u00ednimo que devemos fazer \u00e9 caminhar juntos\u201d, defendeu\u00a0Marcell Moraes (PSDB),\u00a0l\u00edder do bloco PSDB e PSC.<\/p><div class=\"newsi-conteudo_19\" id=\"newsi-1422588253\"><a href=\"https:\/\/www.instagram.com\/prefeituraalagoinhas?igsh=YzgzdDJ1bWR3aWI4\" aria-label=\"SAVE_20251006_221555\"><img loading=\"lazy\" decoding=\"async\" src=\"https:\/\/newsinfoco.com.br\/inicio\/wp-content\/uploads\/2025\/10\/SAVE_20251006_221555-rotated.jpg\" alt=\"\"  srcset=\"https:\/\/newsinfoco.com.br\/inicio\/wp-content\/uploads\/2025\/10\/SAVE_20251006_221555-rotated.jpg 1140w, https:\/\/newsinfoco.com.br\/inicio\/wp-content\/uploads\/2025\/10\/SAVE_20251006_221555-300x52.jpg 300w, https:\/\/newsinfoco.com.br\/inicio\/wp-content\/uploads\/2025\/10\/SAVE_20251006_221555-1024x177.jpg 1024w, https:\/\/newsinfoco.com.br\/inicio\/wp-content\/uploads\/2025\/10\/SAVE_20251006_221555-768x133.jpg 768w, https:\/\/newsinfoco.com.br\/inicio\/wp-content\/uploads\/2025\/10\/SAVE_20251006_221555-600x104.jpg 600w, https:\/\/newsinfoco.com.br\/inicio\/wp-content\/uploads\/2025\/10\/SAVE_20251006_221555-696x120.jpg 696w, https:\/\/newsinfoco.com.br\/inicio\/wp-content\/uploads\/2025\/10\/SAVE_20251006_221555-1068x185.jpg 1068w\" sizes=\"(max-width: 1140px) 100vw, 1140px\" width=\"1140\" height=\"197\"   \/><\/a><\/div>\n<p style=\"text-align: justify;\">Apesar do posicionamento, nomes ainda n\u00e3o est\u00e3o sendo discutidos com profundidade pelo grupo. Os deputados da minoria aguardam o fim do segundo turno das elei\u00e7\u00f5es presidenciais e conversas com os novatos eleitos nas urnas para um posicionamento mais preciso sobre\u00a0do sucessor de Angelo Coronel (PSD) no comando da mesa diretora da AL-BA.<\/p>\n<p style=\"text-align: justify;\">\u201cPara ser sincero s\u00f3 tem especula\u00e7\u00e3o sobre o tema at\u00e9 agora. A oposi\u00e7\u00e3o ainda\u00a0n\u00e3o se reuniu com os deputados novos. Temos muito o que se conversar antes de consolidar uma opini\u00e3o sobre a presid\u00eancia da Casa\u201d, defendeu Sandro R\u00e9gis (DEM), vice-l\u00edder do bloco na Assembleia.<\/p>\n<p style=\"text-align: justify;\">A oposi\u00e7\u00e3o elegeu 16 parlamentares nas elei\u00e7\u00f5es estaduais deste ano, mas ainda deve perder mais cadeiras para a base do governador Rui Costa (PT). Os deputados Tum (PSC) e J\u00fanior Muniz (PHS) oficializaram a mudan\u00e7a de posicionamento.<\/p>\n<p style=\"text-align: justify;\">PT e PSD disputam, ainda de forma muito incipiente, a presid\u00eancia da Casa nos pr\u00f3ximos dois anos. Nomes governistas como Adolfo Menezes (PSD) e Rosemberg Pinto (PT) estariam cotados para concorrer a vaga.<\/p>\n<p style=\"text-align: right;\"><span style=\"color: #999999;\">Por Lucas Arraz para o Bahianoticias<\/span><\/p>\n<\/div>\n<div class='share-to-whatsapp-wrapper'><div class='share-on-whsp'>Share on: <\/div><a data-text='Fragilizada, oposi\u00e7\u00e3o na AL-BA deve se unir e votar nova presid\u00eancia da Casa em bloco' data-link='https:\/\/newsinfoco.com.br\/inicio\/fragilizada-oposicao-na-al-ba-deve-se-unir-e-votar-nova-presidencia-da-casa-em-bloco\/' class='whatsapp-button whatsapp-share'>WhatsApp<\/a><div class='clear '><\/div><\/div>","protected":false},"excerpt":{"rendered":"<p>A redu\u00e7\u00e3o na bancada de oposi\u00e7\u00e3o da Assembleia Legislativa da Bahia (AL-BA) deve unir os deputados estaduais da minoria em torno de um \u00fanico nome para a presid\u00eancia da Casa na pr\u00f3xima legislatura. O bloco ainda espera o fim do segundo turno das elei\u00e7\u00f5es presidenciais para acirrar o debate sobre o assunto, mas a atual [&hellip;]<\/p>\n","protected":false},"author":1,"featured_media":10491,"comment_status":"open","ping_status":"open","sticky":false,"template":"","format":"standard","meta":{"om_disable_all_campaigns":false,"_exactmetrics_skip_tracking":false,"_exactmetrics_sitenote_active":false,"_exactmetrics_sitenote_note":"","_exactmetrics_sitenote_category":0,"footnotes":""},"categories":[19],"tags":[],"class_list":["post-10490","post","type-post","status-publish","format-standard","has-post-thumbnail","hentry","category-bahia"],"aioseo_notices":[],"_links":{"self":[{"href":"https:\/\/newsinfoco.com.br\/inicio\/wp-json\/wp\/v2\/posts\/10490","targetHints":{"allow":["GET"]}}],"collection":[{"href":"https:\/\/newsinfoco.com.br\/inicio\/wp-json\/wp\/v2\/posts"}],"about":[{"href":"https:\/\/newsinfoco.com.br\/inicio\/wp-json\/wp\/v2\/types\/post"}],"author":[{"embeddable":true,"href":"https:\/\/newsinfoco.com.br\/inicio\/wp-json\/wp\/v2\/users\/1"}],"replies":[{"embeddable":true,"href":"https:\/\/newsinfoco.com.br\/inicio\/wp-json\/wp\/v2\/comments?post=10490"}],"version-history":[{"count":0,"href":"https:\/\/newsinfoco.com.br\/inicio\/wp-json\/wp\/v2\/posts\/10490\/revisions"}],"wp:featuredmedia":[{"embeddable":true,"href":"https:\/\/newsinfoco.com.br\/inicio\/wp-json\/wp\/v2\/media\/10491"}],"wp:attachment":[{"href":"https:\/\/newsinfoco.com.br\/inicio\/wp-json\/wp\/v2\/media?parent=10490"}],"wp:term":[{"taxonomy":"category","embeddable":true,"href":"https:\/\/newsinfoco.com.br\/inicio\/wp-json\/wp\/v2\/categories?post=10490"},{"taxonomy":"post_tag","embeddable":true,"href":"https:\/\/newsinfoco.com.br\/inicio\/wp-json\/wp\/v2\/tags?post=10490"}],"curies":[{"name":"wp","href":"https:\/\/api.w.org\/{rel}","templated":true}]}}