{"id":10495,"date":"2018-10-15T20:55:58","date_gmt":"2018-10-15T23:55:58","guid":{"rendered":"http:\/\/newsinfoco.com.br\/?p=10495"},"modified":"2018-10-15T20:55:58","modified_gmt":"2018-10-15T23:55:58","slug":"semas-informa-programacao-dos-cras-para-esta-semana","status":"publish","type":"post","link":"https:\/\/newsinfoco.com.br\/inicio\/semas-informa-programacao-dos-cras-para-esta-semana\/","title":{"rendered":"SEMAS informa programa\u00e7\u00e3o dos Cras para esta semana"},"content":{"rendered":"<p style=\"text-align: justify;\"><span style=\"color: #000000;\">Com o objetivo cont\u00ednuo de garantir os direitos socioassistenciais, os CRAS de Riacho da Guia, Boa Uni\u00e3o, Pra\u00e7a do C\u00e9u e Nova Bras\u00edlia realizam, nesta semana, as seguintes atividades:<\/span><\/p>\n<p style=\"text-align: justify;\"><span style=\"color: #000000;\"><strong>CRAS de Nova Bras\u00edlia<\/strong><\/span><\/p><div class=\"newsi-conteudo_19\" id=\"newsi-1118052869\"><a href=\"https:\/\/www.instagram.com\/prefeituraalagoinhas?igsh=YzgzdDJ1bWR3aWI4\" aria-label=\"SAVE_20251006_221555\"><img loading=\"lazy\" decoding=\"async\" src=\"https:\/\/newsinfoco.com.br\/inicio\/wp-content\/uploads\/2025\/10\/SAVE_20251006_221555-rotated.jpg\" alt=\"\"  srcset=\"https:\/\/newsinfoco.com.br\/inicio\/wp-content\/uploads\/2025\/10\/SAVE_20251006_221555-rotated.jpg 1140w, https:\/\/newsinfoco.com.br\/inicio\/wp-content\/uploads\/2025\/10\/SAVE_20251006_221555-300x52.jpg 300w, https:\/\/newsinfoco.com.br\/inicio\/wp-content\/uploads\/2025\/10\/SAVE_20251006_221555-1024x177.jpg 1024w, https:\/\/newsinfoco.com.br\/inicio\/wp-content\/uploads\/2025\/10\/SAVE_20251006_221555-768x133.jpg 768w, https:\/\/newsinfoco.com.br\/inicio\/wp-content\/uploads\/2025\/10\/SAVE_20251006_221555-600x104.jpg 600w, https:\/\/newsinfoco.com.br\/inicio\/wp-content\/uploads\/2025\/10\/SAVE_20251006_221555-696x120.jpg 696w, https:\/\/newsinfoco.com.br\/inicio\/wp-content\/uploads\/2025\/10\/SAVE_20251006_221555-1068x185.jpg 1068w\" sizes=\"(max-width: 1140px) 100vw, 1140px\" width=\"1140\" height=\"197\"   \/><\/a><\/div>\n<p style=\"text-align: justify;\"><span style=\"color: #000000;\">15\/10<\/span><\/p>\n<p style=\"text-align: justify;\"><span style=\"color: #000000;\">Manh\u00e3<\/span><\/p>\n<p style=\"text-align: justify;\"><span style=\"color: #000000;\">Atendimento socioassistencial<\/span><\/p>\n<p style=\"text-align: justify;\"><span style=\"color: #000000;\">Servi\u00e7o de Conviv\u00eancia e Fortalecimento de V\u00ednculos (SCFV) com o grupo de adolescentes.<\/span><\/p>\n<p style=\"text-align: justify;\"><span style=\"color: #000000;\">Manh\u00e3 e tarde<\/span><\/p>\n<p style=\"text-align: justify;\"><span style=\"color: #000000;\">Oficina de Capoeira na Baixa da Candeia;<\/span><\/p>\n<p style=\"text-align: justify;\"><span style=\"color: #000000;\">Tarde<\/span><\/p>\n<p style=\"text-align: justify;\"><span style=\"color: #000000;\">Oficina de Gin\u00e1stica CRAS de Nova Bras\u00edlia<\/span><\/p>\n<p style=\"text-align: justify;\"><span style=\"color: #000000;\">SCFV para os adolescentes<\/span><\/p>\n<p style=\"text-align: justify;\"><span style=\"color: #000000;\">Atendimento Socioassistencial<\/span><\/p>\n<p style=\"text-align: justify;\"><span style=\"color: #000000;\">16\/10<\/span><\/p>\n<p style=\"text-align: justify;\"><span style=\"color: #000000;\">Manh\u00e3<\/span><\/p>\n<p style=\"text-align: justify;\"><span style=\"color: #000000;\">Oficina de Violinos no CRAS<\/span><\/p>\n<p style=\"text-align: justify;\"><span style=\"color: #000000;\">Visita domiciliar<\/span><\/p>\n<p style=\"text-align: justify;\"><span style=\"color: #000000;\">Atendimento Socioassistencial<\/span><\/p>\n<p style=\"text-align: justify;\"><span style=\"color: #000000;\">Tarde:<\/span><\/p>\n<p style=\"text-align: justify;\"><span style=\"color: #000000;\">Oficina de Violinos;<\/span><\/p>\n<p style=\"text-align: justify;\"><span style=\"color: #000000;\">Encontro com o Grupo de Idosas\/os \u2013 SCFV<\/span><\/p>\n<p style=\"text-align: justify;\"><span style=\"color: #000000;\">Manh\u00e3 e Tarde<\/span><\/p>\n<p style=\"text-align: justify;\"><span style=\"color: #000000;\">Oficina de Futebol na Comunidade da Baixa da Candeia<\/span><\/p>\n<p style=\"text-align: justify;\"><span style=\"color: #000000;\">Servi\u00e7o de Prote\u00e7\u00e3o Social \u00e0 Domic\u00edlio- visitas domiciliares \u00e0s Pessoas com Defici\u00eancia e visitas da rede<\/span><\/p>\n<p style=\"text-align: justify;\"><span style=\"color: #000000;\">17\/10<\/span><\/p>\n<p style=\"text-align: justify;\"><span style=\"color: #000000;\">Manh\u00e3<\/span><\/p>\n<p style=\"text-align: justify;\"><span style=\"color: #000000;\">Oficina de Dan\u00e7a e Atendimento Socioassistencial.<\/span><\/p>\n<p style=\"text-align: justify;\"><span style=\"color: #000000;\">Tarde<\/span><\/p>\n<p style=\"text-align: justify;\"><span style=\"color: #000000;\">Oficina de Dan\u00e7a<\/span><\/p>\n<p style=\"text-align: justify;\"><span style=\"color: #000000;\">Atendimento Socioassistencial<\/span><\/p>\n<p style=\"text-align: justify;\"><span style=\"color: #000000;\">Oficina de Gin\u00e1stica na Baixa da Candeia.<\/span><\/p>\n<p style=\"text-align: justify;\"><span style=\"color: #000000;\">18\/10<\/span><\/p>\n<p style=\"text-align: justify;\"><span style=\"color: #000000;\">Manh\u00e3<\/span><\/p>\n<p style=\"text-align: justify;\"><span style=\"color: #000000;\">Atendimento Socioassistencial e Oficina de Capoeira<\/span><\/p>\n<p style=\"text-align: justify;\"><span style=\"color: #000000;\">Tarde<\/span><\/p>\n<p style=\"text-align: justify;\"><span style=\"color: #000000;\">Comemora\u00e7\u00e3o do Dia das Crian\u00e7as<\/span><\/p>\n<p style=\"text-align: justify;\"><span style=\"color: #000000;\">19\/10<\/span><\/p>\n<p style=\"text-align: justify;\"><span style=\"color: #000000;\">Manh\u00e3<\/span><\/p>\n<p style=\"text-align: justify;\"><span style=\"color: #000000;\">Visita Domiciliar com o Servi\u00e7o de Prote\u00e7\u00e3o Social \u00e0 Domic\u00edlio para pessoas Idosas; Atendimento Socioassistencial<\/span><\/p>\n<p style=\"text-align: justify;\"><span style=\"color: #000000;\">Servi\u00e7o de Conviv\u00eancia e Fortalecimento de V\u00ednculos (SCFV) Grupo de Crian\u00e7as.<\/span><\/p>\n<p style=\"text-align: justify;\"><span style=\"color: #000000;\">Tarde<\/span><\/p>\n<p style=\"text-align: justify;\"><span style=\"color: #000000;\">Servi\u00e7o de Conviv\u00eancia e Fortalecimento de V\u00ednculos (SCFV) Grupo de Crian\u00e7as;<\/span><\/p>\n<p style=\"text-align: justify;\"><span style=\"color: #000000;\">Oficina de Flauta<\/span><\/p>\n<p style=\"text-align: justify;\"><span style=\"color: #000000;\">Oficina de Dan\u00e7a com Mulheres e Idosos na Comunidade da Baixa da Candeia.<\/span><\/p>\n<p style=\"text-align: justify;\"><span style=\"color: #000000;\">PAIF- \u201cConversas Consentidas\u201d com as fam\u00edlias da Baixa da Candeia<\/span><\/p>\n<p style=\"text-align: justify;\"><span style=\"color: #000000;\"><strong>CRAS Pra\u00e7a do C\u00e9u<\/strong><\/span><\/p>\n<p style=\"text-align: justify;\"><span style=\"color: #000000;\">15\/10<\/span><\/p>\n<p style=\"text-align: justify;\"><span style=\"color: #000000;\">Manh\u00e3<\/span><\/p>\n<p style=\"text-align: justify;\"><span style=\"color: #000000;\">Visita Domiciliar<\/span><\/p>\n<p style=\"text-align: justify;\"><span style=\"color: #000000;\">Oficina de Violinos M\u00e1gicos<\/span><\/p>\n<p style=\"text-align: justify;\"><span style=\"color: #000000;\">Manh\u00e3 e Tarde<\/span><\/p>\n<p style=\"text-align: justify;\"><span style=\"color: #000000;\">Curso de Capacita\u00e7\u00e3o sobre Estrutura\u00e7\u00e3o documental( Semas), no Teatro.<\/span><\/p>\n<p style=\"text-align: justify;\"><span style=\"color: #000000;\">Tarde: Visita Domiciliar<\/span><\/p>\n<p style=\"text-align: justify;\"><span style=\"color: #000000;\">Oficina de Dan\u00e7a Grupo de Idosas \/ Mulheres<\/span><\/p>\n<p style=\"text-align: justify;\"><span style=\"color: #000000;\">Grupo de Mulheres: \u201cTodo mundo tem uma eterna crian\u00e7a dentro de si\u201d<\/span><\/p>\n<p style=\"text-align: justify;\"><span style=\"color: #000000;\">16\/10<\/span><\/p>\n<p style=\"text-align: justify;\"><span style=\"color: #000000;\">Manh\u00e3<\/span><\/p>\n<p style=\"text-align: justify;\"><span style=\"color: #000000;\">Sala de espera \u2013 Acolhida com os T\u00e9cnicos<\/span><\/p>\n<p style=\"text-align: justify;\"><span style=\"color: #000000;\">Manh\u00e3 e Tarde<\/span><\/p>\n<p style=\"text-align: justify;\"><span style=\"color: #000000;\">Curso de Capacita\u00e7\u00e3o sobre Estrutura\u00e7\u00e3o Documental(Semas), no Teatro.<\/span><\/p>\n<p style=\"text-align: justify;\"><span style=\"color: #000000;\">Tarde<\/span><\/p>\n<p style=\"text-align: justify;\"><span style=\"color: #000000;\">Oficina de Flauta Doce<\/span><\/p>\n<p style=\"text-align: justify;\"><span style=\"color: #000000;\">Grupo de Mulheres: \u201cTodo mundo tem uma eterna crian\u00e7a dentro de si.\u201d<\/span><\/p>\n<p style=\"text-align: justify;\"><span style=\"color: #000000;\">17\/10<\/span><\/p>\n<p style=\"text-align: justify;\"><span style=\"color: #000000;\">Manh\u00e3 \u2013 Oficina de Capoeira<\/span><\/p>\n<p style=\"text-align: justify;\"><span style=\"color: #000000;\">Tarde \u2013 Grupo do PAIF- PBF<\/span><\/p>\n<p style=\"text-align: justify;\"><span style=\"color: #000000;\">Oficina de Violinos M\u00e1gicos<\/span><\/p>\n<p style=\"text-align: justify;\"><span style=\"color: #000000;\">Oficina de Dan\u00e7a Crian\u00e7a<\/span><\/p>\n<p style=\"text-align: justify;\"><span style=\"color: #000000;\">Oficina de Gin\u00e1stica<\/span><\/p>\n<p style=\"text-align: justify;\"><span style=\"color: #000000;\">18\/10<\/span><\/p>\n<p style=\"text-align: justify;\"><span style=\"color: #000000;\">Manh\u00e3 e Tarde: Grupo de Adolescentes: Brincadeira do Twister<\/span><\/p>\n<p style=\"text-align: justify;\"><span style=\"color: #000000;\">Tarde:\u00a0 Grupo de Idosas: Palestra com Nutricionista Camila Vitorino<\/span><\/p>\n<p style=\"text-align: justify;\"><span style=\"color: #000000;\">19\/10<\/span><\/p>\n<p style=\"text-align: justify;\"><span style=\"color: #000000;\">Manh\u00e3 e Tarde: Oficina de Futebol<\/span><\/p>\n<p style=\"text-align: justify;\"><span style=\"color: #000000;\">Grupo de Crian\u00e7a \u2013 Hora do Conto<\/span><\/p>\n<p style=\"text-align: justify;\"><span style=\"color: #000000;\"><strong>CRAS Boa Uni\u00e3o<\/strong><\/span><\/p>\n<p style=\"text-align: justify;\"><span style=\"color: #000000;\">Dia 15\/10<\/span><\/p>\n<p style=\"text-align: justify;\"><span style=\"color: #000000;\">Oficina de Futebol do SCFV para Adolescentes nos per\u00edodos Matutino e Vespertino;<\/span><\/p>\n<p style=\"text-align: justify;\"><span style=\"color: #000000;\">Oficina de Gin\u00e1stica no per\u00edodo matutino.<\/span><\/p>\n<p style=\"text-align: justify;\"><span style=\"color: #000000;\">SCFV \u2013 Grupo Intergeracional no per\u00edodo Vespertino \u2013 Bate\u00a0\u00a0 Papo: Refletindo sobre os cuidados com a sa\u00fade e a autoestima.<\/span><\/p>\n<p style=\"text-align: justify;\"><span style=\"color: #000000;\">Dia 16\/10<\/span><\/p>\n<p style=\"text-align: justify;\"><span style=\"color: #000000;\">Manh\u00e3 e Tarde<\/span><\/p>\n<p style=\"text-align: justify;\"><span style=\"color: #000000;\">Oficina de Dan\u00e7a do SCFV para Crian\u00e7as nos per\u00edodos e<\/span><\/p>\n<p style=\"text-align: justify;\"><span style=\"color: #000000;\">Tarde<\/span><\/p>\n<p style=\"text-align: justify;\"><span style=\"color: #000000;\">Oficina de Dan\u00e7a do SCFV \u00a0para mulheres<\/span><\/p>\n<p style=\"text-align: justify;\"><span style=\"color: #000000;\">Dia 17\/10<\/span><\/p>\n<p style=\"text-align: justify;\"><span style=\"color: #000000;\">Manh\u00e3<\/span><\/p>\n<p style=\"text-align: justify;\"><span style=\"color: #000000;\">Oficina de Violinos \u2013 SCFV na Comunidade do Oiteiro e no Cras no per\u00edodo Matutino e no Cras no per\u00edodo Vespertino<\/span><\/p>\n<p style=\"text-align: justify;\"><span style=\"color: #000000;\">Tarde<\/span><\/p>\n<p style=\"text-align: justify;\"><span style=\"color: #000000;\">Oficina de Violinos \u2013 SCFV no Cras<\/span><\/p>\n<p style=\"text-align: justify;\"><span style=\"color: #000000;\">Dia 18\/10<\/span><\/p>\n<p style=\"text-align: justify;\"><span style=\"color: #000000;\">Manh\u00e3 e Tarde<\/span><\/p>\n<p style=\"text-align: justify;\"><span style=\"color: #000000;\">SCFV \u2013 Grupo de Adolescentes \u2013 Din\u00e2mica grupal: import\u00e2ncia do respeito \u00e0 diferen\u00e7a.<\/span><\/p>\n<p style=\"text-align: justify;\"><span style=\"color: #000000;\">Dia 19\/10 \u2013 Programa\u00e7\u00e3o Especial da Semana da Crian\u00e7a<\/span><\/p>\n<h6 style=\"text-align: right;\"><span style=\"color: #999999;\">Fonte: SECOM CRAS<\/span><\/h6>\n<div style=\"text-align: justify;\" align=\"right\"><\/div>\n<div class='share-to-whatsapp-wrapper'><div class='share-on-whsp'>Share on: <\/div><a data-text='SEMAS informa programa\u00e7\u00e3o dos Cras para esta semana' data-link='https:\/\/newsinfoco.com.br\/inicio\/semas-informa-programacao-dos-cras-para-esta-semana\/' class='whatsapp-button whatsapp-share'>WhatsApp<\/a><div class='clear '><\/div><\/div>","protected":false},"excerpt":{"rendered":"<p>Com o objetivo cont\u00ednuo de garantir os direitos socioassistenciais, os CRAS de Riacho da Guia, Boa Uni\u00e3o, Pra\u00e7a do C\u00e9u e Nova Bras\u00edlia realizam, nesta semana, as seguintes atividades: CRAS de Nova Bras\u00edlia 15\/10 Manh\u00e3 Atendimento socioassistencial Servi\u00e7o de Conviv\u00eancia e Fortalecimento de V\u00ednculos (SCFV) com o grupo de adolescentes. Manh\u00e3 e tarde Oficina de [&hellip;]<\/p>\n","protected":false},"author":1,"featured_media":10496,"comment_status":"open","ping_status":"open","sticky":false,"template":"","format":"standard","meta":{"om_disable_all_campaigns":false,"_exactmetrics_skip_tracking":false,"_exactmetrics_sitenote_active":false,"_exactmetrics_sitenote_note":"","_exactmetrics_sitenote_category":0,"footnotes":""},"categories":[38,30],"tags":[53,54,133],"class_list":["post-10495","post","type-post","status-publish","format-standard","has-post-thumbnail","hentry","category-alagoinhas-e-regiao","category-destaque","tag-alagoinhas","tag-prefeitura","tag-secom-cras"],"aioseo_notices":[],"_links":{"self":[{"href":"https:\/\/newsinfoco.com.br\/inicio\/wp-json\/wp\/v2\/posts\/10495","targetHints":{"allow":["GET"]}}],"collection":[{"href":"https:\/\/newsinfoco.com.br\/inicio\/wp-json\/wp\/v2\/posts"}],"about":[{"href":"https:\/\/newsinfoco.com.br\/inicio\/wp-json\/wp\/v2\/types\/post"}],"author":[{"embeddable":true,"href":"https:\/\/newsinfoco.com.br\/inicio\/wp-json\/wp\/v2\/users\/1"}],"replies":[{"embeddable":true,"href":"https:\/\/newsinfoco.com.br\/inicio\/wp-json\/wp\/v2\/comments?post=10495"}],"version-history":[{"count":0,"href":"https:\/\/newsinfoco.com.br\/inicio\/wp-json\/wp\/v2\/posts\/10495\/revisions"}],"wp:featuredmedia":[{"embeddable":true,"href":"https:\/\/newsinfoco.com.br\/inicio\/wp-json\/wp\/v2\/media\/10496"}],"wp:attachment":[{"href":"https:\/\/newsinfoco.com.br\/inicio\/wp-json\/wp\/v2\/media?parent=10495"}],"wp:term":[{"taxonomy":"category","embeddable":true,"href":"https:\/\/newsinfoco.com.br\/inicio\/wp-json\/wp\/v2\/categories?post=10495"},{"taxonomy":"post_tag","embeddable":true,"href":"https:\/\/newsinfoco.com.br\/inicio\/wp-json\/wp\/v2\/tags?post=10495"}],"curies":[{"name":"wp","href":"https:\/\/api.w.org\/{rel}","templated":true}]}}