{"id":10501,"date":"2018-10-16T09:24:12","date_gmt":"2018-10-16T12:24:12","guid":{"rendered":"http:\/\/newsinfoco.com.br\/?p=10501"},"modified":"2018-10-16T09:24:12","modified_gmt":"2018-10-16T12:24:12","slug":"lideres-partidarios-criticam-atitude-hegemonista-dos-petistas","status":"publish","type":"post","link":"https:\/\/newsinfoco.com.br\/inicio\/lideres-partidarios-criticam-atitude-hegemonista-dos-petistas\/","title":{"rendered":"L\u00edderes partid\u00e1rios criticam atitude \u2018hegemonista\u2019 dos petistas"},"content":{"rendered":"<p style=\"text-align: justify;\">Ap\u00f3s vencer quatro disputas presidenciais seguidas, a postura do PT, classificada por ex-aliados e advers\u00e1rios como \u201chegemonista\u201d, deixou um rastro de ressentimentos que hoje dificulta reaproxima\u00e7\u00f5es e a forma\u00e7\u00e3o de uma \u201cfrente democr\u00e1tica\u201d em torno do presidenci\u00e1vel Fernando Haddad e contra o candidato Jair Bolsonaro (PSL).<\/p>\n<p style=\"text-align: justify;\">Em entrevista ao Estado, neste domingo, 14, o ex-presidente Fernando Henrique Cardoso deixou claro que a postura do PT \u00e9 um entrave para seu apoio a Haddad. \u201cO PT no poder sempre teve uma deteriora\u00e7\u00e3o da vis\u00e3o do (Antonio) Gramsci da hegemonia. Aqui n\u00e3o \u00e9 cultural, \u00e9 hegemonia do comando efetivo. Quando voc\u00ea v\u00ea o que foi dito a respeito do meu governo, nada \u00e9 bom\u201d, disse.<\/p><div class=\"newsi-conteudo_19\" id=\"newsi-972309809\"><a href=\"https:\/\/www.instagram.com\/prefeituraalagoinhas?igsh=YzgzdDJ1bWR3aWI4\" aria-label=\"SAVE_20251006_221555\"><img loading=\"lazy\" decoding=\"async\" src=\"https:\/\/newsinfoco.com.br\/inicio\/wp-content\/uploads\/2025\/10\/SAVE_20251006_221555-rotated.jpg\" alt=\"\"  srcset=\"https:\/\/newsinfoco.com.br\/inicio\/wp-content\/uploads\/2025\/10\/SAVE_20251006_221555-rotated.jpg 1140w, https:\/\/newsinfoco.com.br\/inicio\/wp-content\/uploads\/2025\/10\/SAVE_20251006_221555-300x52.jpg 300w, https:\/\/newsinfoco.com.br\/inicio\/wp-content\/uploads\/2025\/10\/SAVE_20251006_221555-1024x177.jpg 1024w, https:\/\/newsinfoco.com.br\/inicio\/wp-content\/uploads\/2025\/10\/SAVE_20251006_221555-768x133.jpg 768w, https:\/\/newsinfoco.com.br\/inicio\/wp-content\/uploads\/2025\/10\/SAVE_20251006_221555-600x104.jpg 600w, https:\/\/newsinfoco.com.br\/inicio\/wp-content\/uploads\/2025\/10\/SAVE_20251006_221555-696x120.jpg 696w, https:\/\/newsinfoco.com.br\/inicio\/wp-content\/uploads\/2025\/10\/SAVE_20251006_221555-1068x185.jpg 1068w\" sizes=\"(max-width: 1140px) 100vw, 1140px\" width=\"1140\" height=\"197\"   \/><\/a><\/div>\n<p style=\"text-align: justify;\">FHC n\u00e3o \u00e9 o \u00fanico. Carlos Lupi, presidente do PDT, partido que declarou \u201capoio cr\u00edtico\u201d a Haddad, explicou por que a sigla e Ciro Gomes n\u00e3o entraram de cabe\u00e7a na campanha petista. \u201c\u00c9 um ac\u00famulo dessa coisa de hegemonia. Me diga uma unidade da Federa\u00e7\u00e3o em que eles nos apoiaram. Para o PT, a gente s\u00f3 \u00e9 bom quando os apoia\u201d.<\/p>\n<p style=\"text-align: justify;\">Segundo Lupi, no dia 29, logo depois do segundo turno, o PDT vai lan\u00e7ar a candidatura de Ciro para a elei\u00e7\u00e3o presidencial de 2022. O PT tamb\u00e9m procurou a Rede de Marina Silva, por meio de ex-petistas. As tratativas pararam quando a Executiva Nacional do partido decidiu n\u00e3o apoiar o petista ao estabelecer apenas o veto a Jair Bolsonaro. Questionado sobre as raz\u00f5es para n\u00e3o apoiar Haddad, Bazileu Margarido, membro da Executiva Nacional da Rede, criticou o que chamou de \u201cerros\u201d do PT, como as alian\u00e7as com \u201co que h\u00e1 de pior na pol\u00edtica\u201d.<\/p>\n<p style=\"text-align: justify;\">Durante o debate do primeiro turno no SBT, Marina lembrou que, mesmo depois de o senador Renan Calheiros (MDB-AL) apoiar o impeachment, Haddad foi pedir \u201cb\u00ean\u00e7\u00e3o\u201d a ele. A maior parte do Congresso que eles chamam de conservador foi eleito na coliga\u00e7\u00e3o do PT, disse Bazileu. \u201cO PT, mais do que ningu\u00e9m, preferiu priorizar sua hegemonia no campo das esquerdas do que construir uma alternativa que pudesse fazer frente a essa alternativa conservadora\u201d, criticou.<\/p>\n<p style=\"text-align: justify;\">Apesar da decis\u00e3o da Executiva, a candidata derrotada da Rede ainda n\u00e3o definiu seu voto. Filiada ao PT por quase 30 anos, Marina sofreu duros ataques do partido na elei\u00e7\u00e3o presidencial de 2014 e costuma dizer que PT e MDB s\u00e3o irm\u00e3os siameses.<\/p>\n<h6 style=\"text-align: right;\"><span style=\"color: #999999;\">Estadao<\/span><\/h6>\n<div class='share-to-whatsapp-wrapper'><div class='share-on-whsp'>Share on: <\/div><a data-text='L\u00edderes partid\u00e1rios criticam atitude \u2018hegemonista\u2019 dos petistas' data-link='https:\/\/newsinfoco.com.br\/inicio\/lideres-partidarios-criticam-atitude-hegemonista-dos-petistas\/' class='whatsapp-button whatsapp-share'>WhatsApp<\/a><div class='clear '><\/div><\/div>","protected":false},"excerpt":{"rendered":"<p>Ap\u00f3s vencer quatro disputas presidenciais seguidas, a postura do PT, classificada por ex-aliados e advers\u00e1rios como \u201chegemonista\u201d, deixou um rastro de ressentimentos que hoje dificulta reaproxima\u00e7\u00f5es e a forma\u00e7\u00e3o de uma \u201cfrente democr\u00e1tica\u201d em torno do presidenci\u00e1vel Fernando Haddad e contra o candidato Jair Bolsonaro (PSL). Em entrevista ao Estado, neste domingo, 14, o ex-presidente [&hellip;]<\/p>\n","protected":false},"author":1,"featured_media":10502,"comment_status":"open","ping_status":"open","sticky":false,"template":"","format":"standard","meta":{"om_disable_all_campaigns":false,"_exactmetrics_skip_tracking":false,"_exactmetrics_sitenote_active":false,"_exactmetrics_sitenote_note":"","_exactmetrics_sitenote_category":0,"footnotes":""},"categories":[21],"tags":[],"class_list":["post-10501","post","type-post","status-publish","format-standard","has-post-thumbnail","hentry","category-brasil"],"aioseo_notices":[],"_links":{"self":[{"href":"https:\/\/newsinfoco.com.br\/inicio\/wp-json\/wp\/v2\/posts\/10501","targetHints":{"allow":["GET"]}}],"collection":[{"href":"https:\/\/newsinfoco.com.br\/inicio\/wp-json\/wp\/v2\/posts"}],"about":[{"href":"https:\/\/newsinfoco.com.br\/inicio\/wp-json\/wp\/v2\/types\/post"}],"author":[{"embeddable":true,"href":"https:\/\/newsinfoco.com.br\/inicio\/wp-json\/wp\/v2\/users\/1"}],"replies":[{"embeddable":true,"href":"https:\/\/newsinfoco.com.br\/inicio\/wp-json\/wp\/v2\/comments?post=10501"}],"version-history":[{"count":0,"href":"https:\/\/newsinfoco.com.br\/inicio\/wp-json\/wp\/v2\/posts\/10501\/revisions"}],"wp:featuredmedia":[{"embeddable":true,"href":"https:\/\/newsinfoco.com.br\/inicio\/wp-json\/wp\/v2\/media\/10502"}],"wp:attachment":[{"href":"https:\/\/newsinfoco.com.br\/inicio\/wp-json\/wp\/v2\/media?parent=10501"}],"wp:term":[{"taxonomy":"category","embeddable":true,"href":"https:\/\/newsinfoco.com.br\/inicio\/wp-json\/wp\/v2\/categories?post=10501"},{"taxonomy":"post_tag","embeddable":true,"href":"https:\/\/newsinfoco.com.br\/inicio\/wp-json\/wp\/v2\/tags?post=10501"}],"curies":[{"name":"wp","href":"https:\/\/api.w.org\/{rel}","templated":true}]}}