{"id":1057,"date":"2018-03-12T12:06:57","date_gmt":"2018-03-12T15:06:57","guid":{"rendered":"http:\/\/newsinfoco.com.br\/?p=1057"},"modified":"2018-03-12T12:06:57","modified_gmt":"2018-03-12T15:06:57","slug":"sem-neymar-tite-convoca-25-jogadores-para-selecao-brasileira","status":"publish","type":"post","link":"https:\/\/newsinfoco.com.br\/inicio\/sem-neymar-tite-convoca-25-jogadores-para-selecao-brasileira\/","title":{"rendered":"Sem Neymar, Tite convoca 25 jogadores para sele\u00e7\u00e3o brasileira"},"content":{"rendered":"<p style=\"text-align: justify;\"><span style=\"color: #000000;\">O t\u00e9cnico Tite divulgou na manh\u00e3 desta segunda-feira (12) a lista dos jogadores convocados para os amistosos contra R\u00fassia e Alemanha, que ser\u00e3o realizados nos dias 23 e 28 de mar\u00e7o.\u00a0<\/span><\/p>\n<p style=\"text-align: justify;\"><span style=\"color: #000000;\">Ao contr\u00e1rio das \u00faltimas convoca\u00e7\u00f5es, Tite chamou desta vez 25 jogadores (dois a mais do que o usual), visando acompanhar de perto alguns jogadores antes de divulgar a lista final de convocados para a Copa do Mundo de 2018 na R\u00fassia.<\/span><\/p><div class=\"newsi-conteudo_19\" id=\"newsi-1231469886\"><a href=\"https:\/\/www.instagram.com\/prefeituraalagoinhas?igsh=YzgzdDJ1bWR3aWI4\" aria-label=\"SAVE_20251006_221555\"><img loading=\"lazy\" decoding=\"async\" src=\"https:\/\/newsinfoco.com.br\/inicio\/wp-content\/uploads\/2025\/10\/SAVE_20251006_221555-rotated.jpg\" alt=\"\"  srcset=\"https:\/\/newsinfoco.com.br\/inicio\/wp-content\/uploads\/2025\/10\/SAVE_20251006_221555-rotated.jpg 1140w, https:\/\/newsinfoco.com.br\/inicio\/wp-content\/uploads\/2025\/10\/SAVE_20251006_221555-300x52.jpg 300w, https:\/\/newsinfoco.com.br\/inicio\/wp-content\/uploads\/2025\/10\/SAVE_20251006_221555-1024x177.jpg 1024w, https:\/\/newsinfoco.com.br\/inicio\/wp-content\/uploads\/2025\/10\/SAVE_20251006_221555-768x133.jpg 768w, https:\/\/newsinfoco.com.br\/inicio\/wp-content\/uploads\/2025\/10\/SAVE_20251006_221555-600x104.jpg 600w, https:\/\/newsinfoco.com.br\/inicio\/wp-content\/uploads\/2025\/10\/SAVE_20251006_221555-696x120.jpg 696w, https:\/\/newsinfoco.com.br\/inicio\/wp-content\/uploads\/2025\/10\/SAVE_20251006_221555-1068x185.jpg 1068w\" sizes=\"(max-width: 1140px) 100vw, 1140px\" width=\"1140\" height=\"197\"   \/><\/a><\/div>\n<p style=\"text-align: justify;\"><span style=\"color: #000000;\">Na convoca\u00e7\u00e3o desta segunda-feira (12), tr\u00eas atletas foram chamados pela primeira vez pelo treinador desde sua estreia na sele\u00e7\u00e3o, em agosto de 2016: Neto, Anderson Talisca e Willian Jos\u00e9. <\/span><\/p>\n<div class=\"related_content\" style=\"text-align: justify;\">\n<p>&nbsp;<\/p>\n<\/div>\n<p style=\"text-align: justify;\"><span style=\"color: #000000;\">A grande aus\u00eancai na lista de Tite foi o atacante Neymar, do Paris Saint-Germain, que se recupera de uma cirurgia e s\u00f3 deve voltar em mar\u00e7o.\u00a0<\/span><\/p>\n<p style=\"text-align: justify;\"><span style=\"color: #000000;\"><strong>Confira a lista dos convocados do t\u00e9cnico Tite para os amistosos de mar\u00e7o de 2018 contra R\u00fassia e Alemanha:<\/strong><\/span><\/p>\n<p style=\"text-align: justify;\"><span style=\"color: #000000;\"><strong>Goleiros:\u00a0<\/strong>Alisson (Roma-ITA), Ederson (Manchester City-ING) e C\u00e1ssio (Corinthians) e Neto (Valencia-ESP)<\/span><\/p>\n<p style=\"text-align: justify;\"><span style=\"color: #000000;\"><strong>Laterais-direitos:\u00a0<\/strong>Daniel Alves (Paris Saint-Germain-FRA) e F\u00e1gner (Corinthians)<\/span><\/p>\n<p style=\"text-align: justify;\"><span style=\"color: #000000;\"><strong>Zagueiros:\u00a0<\/strong>Marquinhos (Paris Saint-Germain-FRA), Miranda (Internazionale-ITA), Thiago Silva (Paris Saint-Germain-FRA), Geromel (Gr\u00eamio) e Rodrigo Caio (S\u00e3o Paulo)<\/span><\/p>\n<p style=\"text-align: justify;\"><span style=\"color: #000000;\"><strong>Laterais-esquerdos:\u00a0<\/strong>Marcelo (Real Madrid-ESP) e Filipe Lu\u00eds (Atl\u00e9tico de Madrid-ESP)<\/span><\/p>\n<p style=\"text-align: justify;\"><span style=\"color: #000000;\"><strong>Volantes:\u00a0<\/strong>Casemiro (Real Madrid-ESP), Fernandinho (Manchester City-ING), Paulinho (Barcelona-ESP) e Fred (Shakhtar Donetsk-UCR)<\/span><\/p>\n<p style=\"text-align: justify;\"><span style=\"color: #000000;\"><strong>Meias:\u00a0<\/strong>Willian (Chelsea-ING), Philippe Coutinho (Barcelona-ESP) e\u00a0Renato Augusto (Beijing Guoan-CHN)<\/span><\/p>\n<p style=\"text-align: justify;\"><span style=\"color: #000000;\"><strong>Atacantes:\u00a0<\/strong>Gabriel Jesus (Manchester City-ING), Roberto Firmino (Liverpool-ING), Taison (Shakhtar Donetsk-UCR), Douglas Costa (Juventus-ITA), Willian Jos\u00e9 (Real Sociedad-ESP) e Anderson Talisca (Besiktas-TUR)<\/span><\/p>\n<p style=\"text-align: justify;\"><span style=\"color: #000000;\">A sele\u00e7\u00e3o brasileira vai enfrentar a R\u00fassia no dia 23 de mar\u00e7o, em Moscou, e a Alemanha, no dia 28 de mar\u00e7o, em Berlim. O confronto contra os atuais campe\u00f5es do mundo ser\u00e1 o primeira ap\u00f3s o fat\u00eddico 7 a 1 aplicado pela sele\u00e7\u00e3o alem\u00e3 na sele\u00e7\u00e3o brasileira em Belo Horizonte, pela semfinal da Copa de 2014.<\/span><\/p>\n<p style=\"text-align: justify;\"><span style=\"color: #000000;\">Dos jogadores que estiveram naquela partida pela sele\u00e7\u00e3o brasileira (em campo ou no banco), apenas cinco est\u00e3o na lista de convocados do t\u00e9cnico Tite desta segunda-feira (12): Marcelo, Fernandinho, Daniel Alves, Paulinho e Willian. Thiago Silva, tamb\u00e9m convocado, n\u00e3o foi para o jogo contra a Alemanha pois estava suspenso \u2014 Neymar, lesionado, tamb\u00e9m n\u00e3o jogou.<\/span><\/p>\n<p style=\"text-align: justify;\"><span style=\"color: #000000;\">O Brasil est\u00e1 no Grupo E da Copa do Mundo de 2018 ao lado de Su\u00ed\u00e7a, S\u00e9rvia e Costa Rica e ir\u00e1 fazer sua estreia no Mundial da R\u00fassia no dia 17 de junho contra a sele\u00e7\u00e3o su\u00ed\u00e7a, em Rostov.\u00a0<\/span><\/p>\n<p>&nbsp;<\/p>\n<h6 style=\"text-align: right;\"><span style=\"color: #999999;\">Fonte:R7<\/span><\/h6>\n<div class='share-to-whatsapp-wrapper'><div class='share-on-whsp'>Share on: <\/div><a data-text='Sem Neymar, Tite convoca 25 jogadores para sele\u00e7\u00e3o brasileira' data-link='https:\/\/newsinfoco.com.br\/inicio\/sem-neymar-tite-convoca-25-jogadores-para-selecao-brasileira\/' class='whatsapp-button whatsapp-share'>WhatsApp<\/a><div class='clear '><\/div><\/div>","protected":false},"excerpt":{"rendered":"<p>O t\u00e9cnico Tite divulgou na manh\u00e3 desta segunda-feira (12) a lista dos jogadores convocados para os amistosos contra R\u00fassia e Alemanha, que ser\u00e3o realizados nos dias 23 e 28 de mar\u00e7o.\u00a0 Ao contr\u00e1rio das \u00faltimas convoca\u00e7\u00f5es, Tite chamou desta vez 25 jogadores (dois a mais do que o usual), visando acompanhar de perto alguns jogadores [&hellip;]<\/p>\n","protected":false},"author":1,"featured_media":1058,"comment_status":"open","ping_status":"open","sticky":false,"template":"","format":"standard","meta":{"om_disable_all_campaigns":false,"_exactmetrics_skip_tracking":false,"_exactmetrics_sitenote_active":false,"_exactmetrics_sitenote_note":"","_exactmetrics_sitenote_category":0,"footnotes":""},"categories":[36],"tags":[],"class_list":["post-1057","post","type-post","status-publish","format-standard","has-post-thumbnail","hentry","category-esporte"],"aioseo_notices":[],"_links":{"self":[{"href":"https:\/\/newsinfoco.com.br\/inicio\/wp-json\/wp\/v2\/posts\/1057","targetHints":{"allow":["GET"]}}],"collection":[{"href":"https:\/\/newsinfoco.com.br\/inicio\/wp-json\/wp\/v2\/posts"}],"about":[{"href":"https:\/\/newsinfoco.com.br\/inicio\/wp-json\/wp\/v2\/types\/post"}],"author":[{"embeddable":true,"href":"https:\/\/newsinfoco.com.br\/inicio\/wp-json\/wp\/v2\/users\/1"}],"replies":[{"embeddable":true,"href":"https:\/\/newsinfoco.com.br\/inicio\/wp-json\/wp\/v2\/comments?post=1057"}],"version-history":[{"count":0,"href":"https:\/\/newsinfoco.com.br\/inicio\/wp-json\/wp\/v2\/posts\/1057\/revisions"}],"wp:featuredmedia":[{"embeddable":true,"href":"https:\/\/newsinfoco.com.br\/inicio\/wp-json\/wp\/v2\/media\/1058"}],"wp:attachment":[{"href":"https:\/\/newsinfoco.com.br\/inicio\/wp-json\/wp\/v2\/media?parent=1057"}],"wp:term":[{"taxonomy":"category","embeddable":true,"href":"https:\/\/newsinfoco.com.br\/inicio\/wp-json\/wp\/v2\/categories?post=1057"},{"taxonomy":"post_tag","embeddable":true,"href":"https:\/\/newsinfoco.com.br\/inicio\/wp-json\/wp\/v2\/tags?post=1057"}],"curies":[{"name":"wp","href":"https:\/\/api.w.org\/{rel}","templated":true}]}}