{"id":10584,"date":"2018-10-17T17:19:49","date_gmt":"2018-10-17T20:19:49","guid":{"rendered":"http:\/\/newsinfoco.com.br\/?p=10584"},"modified":"2018-10-17T17:19:49","modified_gmt":"2018-10-17T20:19:49","slug":"saae-tem-novos-coordenadores-de-faturamento-e-cobranca-e-de-atendimento-ao-publico","status":"publish","type":"post","link":"https:\/\/newsinfoco.com.br\/inicio\/saae-tem-novos-coordenadores-de-faturamento-e-cobranca-e-de-atendimento-ao-publico\/","title":{"rendered":"SAAE tem novos coordenadores de Faturamento e Cobran\u00e7a e de Atendimento ao P\u00fablico"},"content":{"rendered":"<p style=\"text-align: justify;\">A diretora geral do Servi\u00e7o Aut\u00f4nomo de \u00c1gua e Esgoto (SAAE) Alagoinhas Maria das Gra\u00e7as Reis realizou, no dia 11 de outubro, a transi\u00e7\u00e3o de dois cargos administrativos.<\/p>\n<p style=\"text-align: justify;\">Conforme atesta as portarias 089\/2018 e , a servidora Daniela Chaves Silva, passa assumir a Coordena\u00e7\u00e3o de Faturamento e Cobran\u00e7a, enquanto o servidor Gleidson Alves dos Santos, a Coordena\u00e7\u00e3o de Atendimento ao P\u00fablico.<\/p><div class=\"newsi-conteudo_19\" id=\"newsi-1592916051\"><a href=\"https:\/\/www.instagram.com\/prefeituraalagoinhas?igsh=YzgzdDJ1bWR3aWI4\" aria-label=\"SAVE_20251006_221555\"><img loading=\"lazy\" decoding=\"async\" src=\"https:\/\/newsinfoco.com.br\/inicio\/wp-content\/uploads\/2025\/10\/SAVE_20251006_221555-rotated.jpg\" alt=\"\"  srcset=\"https:\/\/newsinfoco.com.br\/inicio\/wp-content\/uploads\/2025\/10\/SAVE_20251006_221555-rotated.jpg 1140w, https:\/\/newsinfoco.com.br\/inicio\/wp-content\/uploads\/2025\/10\/SAVE_20251006_221555-300x52.jpg 300w, https:\/\/newsinfoco.com.br\/inicio\/wp-content\/uploads\/2025\/10\/SAVE_20251006_221555-1024x177.jpg 1024w, https:\/\/newsinfoco.com.br\/inicio\/wp-content\/uploads\/2025\/10\/SAVE_20251006_221555-768x133.jpg 768w, https:\/\/newsinfoco.com.br\/inicio\/wp-content\/uploads\/2025\/10\/SAVE_20251006_221555-600x104.jpg 600w, https:\/\/newsinfoco.com.br\/inicio\/wp-content\/uploads\/2025\/10\/SAVE_20251006_221555-696x120.jpg 696w, https:\/\/newsinfoco.com.br\/inicio\/wp-content\/uploads\/2025\/10\/SAVE_20251006_221555-1068x185.jpg 1068w\" sizes=\"(max-width: 1140px) 100vw, 1140px\" width=\"1140\" height=\"197\"   \/><\/a><\/div>\n<p style=\"text-align: justify;\">O SAAE agradece a ambos pelo profissionalismo e desempenho em suas fun\u00e7\u00f5es anteriores e frisa a confian\u00e7a em sua capacidade de somar \u00e0 autarquia agora atrav\u00e9s do desempenho de suas novas atribui\u00e7\u00f5es.<\/p>\n<p style=\"text-align: justify;\"><em>Al\u00e9m do atendimento presencial no Posto de Atendimento (Rua Moreira Rego,9977, Centro), h\u00e1 o WhatsApp e o Call Center. Pelo aplicativo, basta enviar uma mensagem (75) 981804500; o retorno sempre \u00e9 instant\u00e2neo. Pelo Call Center, \u00e9 s\u00f3 ligar gratuitamente para 0800 702 7065.<\/em><\/p>\n<h6 style=\"text-align: right;\"><span style=\"color: #999999;\">Ascom SAAE<\/span><\/h6>\n<div class='share-to-whatsapp-wrapper'><div class='share-on-whsp'>Share on: <\/div><a data-text='SAAE tem novos coordenadores de Faturamento e Cobran\u00e7a e de Atendimento ao P\u00fablico' data-link='https:\/\/newsinfoco.com.br\/inicio\/saae-tem-novos-coordenadores-de-faturamento-e-cobranca-e-de-atendimento-ao-publico\/' class='whatsapp-button whatsapp-share'>WhatsApp<\/a><div class='clear '><\/div><\/div>","protected":false},"excerpt":{"rendered":"<p>A diretora geral do Servi\u00e7o Aut\u00f4nomo de \u00c1gua e Esgoto (SAAE) Alagoinhas Maria das Gra\u00e7as Reis realizou, no dia 11 de outubro, a transi\u00e7\u00e3o de dois cargos administrativos. Conforme atesta as portarias 089\/2018 e , a servidora Daniela Chaves Silva, passa assumir a Coordena\u00e7\u00e3o de Faturamento e Cobran\u00e7a, enquanto o servidor Gleidson Alves dos Santos, [&hellip;]<\/p>\n","protected":false},"author":1,"featured_media":10585,"comment_status":"open","ping_status":"open","sticky":false,"template":"","format":"standard","meta":{"om_disable_all_campaigns":false,"_exactmetrics_skip_tracking":false,"_exactmetrics_sitenote_active":false,"_exactmetrics_sitenote_note":"","_exactmetrics_sitenote_category":0,"footnotes":""},"categories":[38,30],"tags":[],"class_list":["post-10584","post","type-post","status-publish","format-standard","has-post-thumbnail","hentry","category-alagoinhas-e-regiao","category-destaque"],"aioseo_notices":[],"_links":{"self":[{"href":"https:\/\/newsinfoco.com.br\/inicio\/wp-json\/wp\/v2\/posts\/10584","targetHints":{"allow":["GET"]}}],"collection":[{"href":"https:\/\/newsinfoco.com.br\/inicio\/wp-json\/wp\/v2\/posts"}],"about":[{"href":"https:\/\/newsinfoco.com.br\/inicio\/wp-json\/wp\/v2\/types\/post"}],"author":[{"embeddable":true,"href":"https:\/\/newsinfoco.com.br\/inicio\/wp-json\/wp\/v2\/users\/1"}],"replies":[{"embeddable":true,"href":"https:\/\/newsinfoco.com.br\/inicio\/wp-json\/wp\/v2\/comments?post=10584"}],"version-history":[{"count":0,"href":"https:\/\/newsinfoco.com.br\/inicio\/wp-json\/wp\/v2\/posts\/10584\/revisions"}],"wp:featuredmedia":[{"embeddable":true,"href":"https:\/\/newsinfoco.com.br\/inicio\/wp-json\/wp\/v2\/media\/10585"}],"wp:attachment":[{"href":"https:\/\/newsinfoco.com.br\/inicio\/wp-json\/wp\/v2\/media?parent=10584"}],"wp:term":[{"taxonomy":"category","embeddable":true,"href":"https:\/\/newsinfoco.com.br\/inicio\/wp-json\/wp\/v2\/categories?post=10584"},{"taxonomy":"post_tag","embeddable":true,"href":"https:\/\/newsinfoco.com.br\/inicio\/wp-json\/wp\/v2\/tags?post=10584"}],"curies":[{"name":"wp","href":"https:\/\/api.w.org\/{rel}","templated":true}]}}