{"id":10589,"date":"2018-10-17T18:28:10","date_gmt":"2018-10-17T21:28:10","guid":{"rendered":"http:\/\/newsinfoco.com.br\/?p=10589"},"modified":"2018-10-17T18:33:48","modified_gmt":"2018-10-17T21:33:48","slug":"visando-reduzir-custos-prefeito-joaquim-neto-ira-fundir-secretaria-municipal-de-comunicacao-e-secretaria-municipal-de-governo","status":"publish","type":"post","link":"https:\/\/newsinfoco.com.br\/inicio\/visando-reduzir-custos-prefeito-joaquim-neto-ira-fundir-secretaria-municipal-de-comunicacao-e-secretaria-municipal-de-governo\/","title":{"rendered":"Visando reduzir custos, prefeito Joaquim Neto ir\u00e1 fundir secretaria municipal de comunica\u00e7\u00e3o e secretaria municipal de governo"},"content":{"rendered":"<p style=\"text-align: justify;\">Ap\u00f3s o rompimento pol\u00edtico com o deputado federal Paulo Azi, o lema do prefeito Joaquim Neto agora \u00e9 economizar para investir na cidade.<\/p>\n<p style=\"text-align: justify;\">Seguindo essa diretriz, o prefeito Joaquim Neto afirmou ao site News Infoco que ir\u00e1 fundir a secretaria municipal de governo, que est\u00e1 vaga desde a exonera\u00e7\u00e3o de Marco Antunes, com a secretaria de comunica\u00e7\u00e3o. Com isso Gustavo Carmo ir\u00e1 acumular a chefia das duas secretarias.<\/p><div class=\"newsi-conteudo_19\" id=\"newsi-1332801603\"><a href=\"https:\/\/www.instagram.com\/prefeituraalagoinhas?igsh=YzgzdDJ1bWR3aWI4\" aria-label=\"SAVE_20251006_221555\"><img loading=\"lazy\" decoding=\"async\" src=\"https:\/\/newsinfoco.com.br\/inicio\/wp-content\/uploads\/2025\/10\/SAVE_20251006_221555-rotated.jpg\" alt=\"\"  srcset=\"https:\/\/newsinfoco.com.br\/inicio\/wp-content\/uploads\/2025\/10\/SAVE_20251006_221555-rotated.jpg 1140w, https:\/\/newsinfoco.com.br\/inicio\/wp-content\/uploads\/2025\/10\/SAVE_20251006_221555-300x52.jpg 300w, https:\/\/newsinfoco.com.br\/inicio\/wp-content\/uploads\/2025\/10\/SAVE_20251006_221555-1024x177.jpg 1024w, https:\/\/newsinfoco.com.br\/inicio\/wp-content\/uploads\/2025\/10\/SAVE_20251006_221555-768x133.jpg 768w, https:\/\/newsinfoco.com.br\/inicio\/wp-content\/uploads\/2025\/10\/SAVE_20251006_221555-600x104.jpg 600w, https:\/\/newsinfoco.com.br\/inicio\/wp-content\/uploads\/2025\/10\/SAVE_20251006_221555-696x120.jpg 696w, https:\/\/newsinfoco.com.br\/inicio\/wp-content\/uploads\/2025\/10\/SAVE_20251006_221555-1068x185.jpg 1068w\" sizes=\"(max-width: 1140px) 100vw, 1140px\" width=\"1140\" height=\"197\"   \/><\/a><\/div>\n<p style=\"text-align: justify;\">&#8220;Gustavo Carmo chefiar\u00e1 as duas pastas e continuar\u00e1 recebendo o mesmo sal\u00e1rio que recebia antes. Assim a prefeitura pode utilizar estes recursos provenientes da economia como sal\u00e1rio para investir na cidade&#8221;, afirmou o prefeito.<\/p>\n<p style=\"text-align: justify;\">Ele tamb\u00e9m falou que usou o mesmo crit\u00e9rio para o preenchimento das outras \u00e1reas do governo, antes ocupadas por indicados do deputado federa Paulo Azi(DEM). Na SESEP ele promoveu o subsecretario Freitas \u00e0 categoria de secret\u00e1rio e deixou o cargo de subsecretario vago para economizar. Na pasta da educa\u00e7\u00e3o, antes ocupada por Fabricio Faro ele colocou o ex-secretario de planejamento Tacio Lobo e na \u00e1rea de planejamento colocar\u00e1 uma funcion\u00e1ria efetiva da prefeitura.<\/p>\n<p style=\"text-align: justify;\">Com rela\u00e7\u00e3o a SEMAD, ele nomeou interinamente a controladora Leila Vila Flor, que j\u00e1 chefiava a COGER. Neste caso, ele entende que pode ser complicado a chefia de duas pastas t\u00e3o complexas, mas disse que est\u00e1 fazendo um teste. Se der certo, ela fica.<\/p>\n<p style=\"text-align: justify;\">Diante dos sinais de austeridade defendidas pelo prefeito Joaquim Neto, se espera que mais obras e melhorias nos servi\u00e7os p\u00fablicos ofertados pela prefeitura sejam sentidas pela popula\u00e7\u00e3o daqui por diante.<\/p>\n<h6 style=\"text-align: right;\"><span style=\"color: #999999;\">Por Caio Pimenta para o News Infoco<\/span><\/h6>\n<p style=\"text-align: justify;\">\n<div class='share-to-whatsapp-wrapper'><div class='share-on-whsp'>Share on: <\/div><a data-text='Visando reduzir custos, prefeito Joaquim Neto ir\u00e1 fundir secretaria municipal de comunica\u00e7\u00e3o e secretaria municipal de governo' data-link='https:\/\/newsinfoco.com.br\/inicio\/visando-reduzir-custos-prefeito-joaquim-neto-ira-fundir-secretaria-municipal-de-comunicacao-e-secretaria-municipal-de-governo\/' class='whatsapp-button whatsapp-share'>WhatsApp<\/a><div class='clear '><\/div><\/div>","protected":false},"excerpt":{"rendered":"<p>Ap\u00f3s o rompimento pol\u00edtico com o deputado federal Paulo Azi, o lema do prefeito Joaquim Neto agora \u00e9 economizar para investir na cidade. Seguindo essa diretriz, o prefeito Joaquim Neto afirmou ao site News Infoco que ir\u00e1 fundir a secretaria municipal de governo, que est\u00e1 vaga desde a exonera\u00e7\u00e3o de Marco Antunes, com a secretaria [&hellip;]<\/p>\n","protected":false},"author":1,"featured_media":6733,"comment_status":"open","ping_status":"open","sticky":false,"template":"","format":"standard","meta":{"om_disable_all_campaigns":false,"_exactmetrics_skip_tracking":false,"_exactmetrics_sitenote_active":false,"_exactmetrics_sitenote_note":"","_exactmetrics_sitenote_category":0,"footnotes":""},"categories":[38,30],"tags":[],"class_list":["post-10589","post","type-post","status-publish","format-standard","has-post-thumbnail","hentry","category-alagoinhas-e-regiao","category-destaque"],"aioseo_notices":[],"_links":{"self":[{"href":"https:\/\/newsinfoco.com.br\/inicio\/wp-json\/wp\/v2\/posts\/10589","targetHints":{"allow":["GET"]}}],"collection":[{"href":"https:\/\/newsinfoco.com.br\/inicio\/wp-json\/wp\/v2\/posts"}],"about":[{"href":"https:\/\/newsinfoco.com.br\/inicio\/wp-json\/wp\/v2\/types\/post"}],"author":[{"embeddable":true,"href":"https:\/\/newsinfoco.com.br\/inicio\/wp-json\/wp\/v2\/users\/1"}],"replies":[{"embeddable":true,"href":"https:\/\/newsinfoco.com.br\/inicio\/wp-json\/wp\/v2\/comments?post=10589"}],"version-history":[{"count":0,"href":"https:\/\/newsinfoco.com.br\/inicio\/wp-json\/wp\/v2\/posts\/10589\/revisions"}],"wp:featuredmedia":[{"embeddable":true,"href":"https:\/\/newsinfoco.com.br\/inicio\/wp-json\/wp\/v2\/media\/6733"}],"wp:attachment":[{"href":"https:\/\/newsinfoco.com.br\/inicio\/wp-json\/wp\/v2\/media?parent=10589"}],"wp:term":[{"taxonomy":"category","embeddable":true,"href":"https:\/\/newsinfoco.com.br\/inicio\/wp-json\/wp\/v2\/categories?post=10589"},{"taxonomy":"post_tag","embeddable":true,"href":"https:\/\/newsinfoco.com.br\/inicio\/wp-json\/wp\/v2\/tags?post=10589"}],"curies":[{"name":"wp","href":"https:\/\/api.w.org\/{rel}","templated":true}]}}