{"id":10591,"date":"2018-10-17T17:57:37","date_gmt":"2018-10-17T20:57:37","guid":{"rendered":"http:\/\/newsinfoco.com.br\/?p=10591"},"modified":"2018-10-17T17:57:37","modified_gmt":"2018-10-17T20:57:37","slug":"outubro-rosa-saae-promove-palestra-sobre-prevencao-e-diagnostico-do-cancer-de-mama","status":"publish","type":"post","link":"https:\/\/newsinfoco.com.br\/inicio\/outubro-rosa-saae-promove-palestra-sobre-prevencao-e-diagnostico-do-cancer-de-mama\/","title":{"rendered":"OUTUBRO ROSA: SAAE promove palestra sobre preven\u00e7\u00e3o e diagn\u00f3stico do c\u00e2ncer de mama"},"content":{"rendered":"<p style=\"text-align: justify;\"><span style=\"color: #000000;\">O Servi\u00e7o Aut\u00f4nomo de \u00c1gua e Esgoto (SAAE) Alagoinhas realizou, na ter\u00e7a-feira (16), uma palestra sobre preven\u00e7\u00e3o e diagn\u00f3stico do c\u00e2ncer de mama para suas funcion\u00e1rias. A a\u00e7\u00e3o ocorreu durante a campanha Outubro Rosa, que desde 1990 estabeleceu-se como o m\u00eas dedicado \u00e0 discuss\u00e3o e a\u00e7\u00f5es afirmativas relacionadas ao tema.<\/span><\/p>\n<p style=\"text-align: justify;\"><span style=\"color: #000000;\">Engracia Lima, enfermeira respons\u00e1vel pela condu\u00e7\u00e3o da atividade, tirou muitas d\u00favidas e frisou a import\u00e2ncia de a mulher conhecer o pr\u00f3prio corpo e a inquestion\u00e1vel import\u00e2ncia do autoexame, ressaltando que, ao mesmo tempo, a consulta ginecol\u00f3gica deve ser feita pelo menos uma vez por ano.<\/span><\/p><div class=\"newsi-conteudo_19\" id=\"newsi-2586259101\"><a href=\"https:\/\/www.instagram.com\/prefeituraalagoinhas?igsh=YzgzdDJ1bWR3aWI4\" aria-label=\"SAVE_20251006_221555\"><img loading=\"lazy\" decoding=\"async\" src=\"https:\/\/newsinfoco.com.br\/inicio\/wp-content\/uploads\/2025\/10\/SAVE_20251006_221555-rotated.jpg\" alt=\"\"  srcset=\"https:\/\/newsinfoco.com.br\/inicio\/wp-content\/uploads\/2025\/10\/SAVE_20251006_221555-rotated.jpg 1140w, https:\/\/newsinfoco.com.br\/inicio\/wp-content\/uploads\/2025\/10\/SAVE_20251006_221555-300x52.jpg 300w, https:\/\/newsinfoco.com.br\/inicio\/wp-content\/uploads\/2025\/10\/SAVE_20251006_221555-1024x177.jpg 1024w, https:\/\/newsinfoco.com.br\/inicio\/wp-content\/uploads\/2025\/10\/SAVE_20251006_221555-768x133.jpg 768w, https:\/\/newsinfoco.com.br\/inicio\/wp-content\/uploads\/2025\/10\/SAVE_20251006_221555-600x104.jpg 600w, https:\/\/newsinfoco.com.br\/inicio\/wp-content\/uploads\/2025\/10\/SAVE_20251006_221555-696x120.jpg 696w, https:\/\/newsinfoco.com.br\/inicio\/wp-content\/uploads\/2025\/10\/SAVE_20251006_221555-1068x185.jpg 1068w\" sizes=\"(max-width: 1140px) 100vw, 1140px\" width=\"1140\" height=\"197\"   \/><\/a><\/div>\n<p style=\"text-align: justify;\"><span style=\"color: #000000;\">\u201cUm momento como esse \u00e9 muito importante\u201d, afirmou a enfermeira. \u201cQue faz com que a gente direcione, que faz a converg\u00eancia de toda essa energia para que mais uma vez a gente chame a aten\u00e7\u00e3o das mulheres para a import\u00e2ncia do diagn\u00f3stico precoce\u201d.<\/span><\/p>\n<p style=\"text-align: justify;\"><span style=\"color: #000000;\">O c\u00e2ncer de mama \u00e9 o segundo tipo de c\u00e2ncer mais comum entre as mulheres, representando, de acordo com o Minist\u00e9rio da Sa\u00fade, 28% dos casos novos anualmente; nos homens, embora mais raramente, com incid\u00eancia de 1% dos casos, tamb\u00e9m n\u00e3o est\u00e3o imunes. No entanto, em grande parte dos casos o c\u00e2ncer de mama pode ser detectado em fases iniciais, aumentando as chances de tratamento e cura.<\/span><\/p>\n<p style=\"text-align: justify;\"><span style=\"color: #000000;\">Com base no compromisso em assegurar o bem-estar de seus servidores, o SAAE possui o N\u00facleo de Atendimento ao Servidor (NAS), viabilizando um canal seguro de di\u00e1logo e apoio, sempre dispon\u00edvel \u2014 seja para conversar, seja para dar os encaminhamentos necess\u00e1rios, com o m\u00e1ximo de privacidade e discri\u00e7\u00e3o.<\/span><\/p>\n<p style=\"text-align: justify;\">\n<p style=\"text-align: justify;\"><span style=\"color: #000000;\"><em>Al\u00e9m do atendimento presencial no Posto de Atendimento (Rua Moreira Rego,9977, Centro), h\u00e1 o WhatsApp e o Call Center. Pelo aplicativo, basta enviar uma mensagem (75) 981804500; o retorno sempre \u00e9 instant\u00e2neo. Pelo Call Center, \u00e9 s\u00f3 ligar gratuitamente para 0800 702 7065.<\/em><\/span><\/p>\n<p style=\"text-align: justify;\">\n<p style=\"text-align: justify;\"><span style=\"color: #000000;\"><strong>ASCOM<\/strong><\/span><br \/>\n<span style=\"color: #000000;\">Servi\u00e7o Aut\u00f4nomo de \u00c1gua e Esgoto \u2013 SAAE Alagoinhas<\/span><br \/>\n<span style=\"color: #000000;\">E-mail: ascom.saae@alagoinhas.ba.gov.br<\/span><br \/>\n<span style=\"color: #000000;\">Telefone: (75) 31826031<\/span><\/p>\n<p style=\"text-align: justify;\"><span style=\"color: #000000;\"><strong>Redes Sociais<\/strong><\/span><br \/>\n<span style=\"color: #000000;\">Facebook: www.facebook.com\/saaedealagoinhas<\/span><br \/>\n<span style=\"color: #000000;\">Instagram: www.instagram.com\/saaealagoinhas<\/span><br \/>\n<span style=\"color: #000000;\">Site: www.saae.alagoinhas.ba.gov.br<\/span><\/p>\n<h6 style=\"text-align: right;\"><span style=\"color: #999999;\">Fonte: SECOM SAAE<\/span><\/h6>\n<div style=\"text-align: justify;\" align=\"right\"><\/div>\n<div class='share-to-whatsapp-wrapper'><div class='share-on-whsp'>Share on: <\/div><a data-text='OUTUBRO ROSA: SAAE promove palestra sobre preven\u00e7\u00e3o e diagn\u00f3stico do c\u00e2ncer de mama' data-link='https:\/\/newsinfoco.com.br\/inicio\/outubro-rosa-saae-promove-palestra-sobre-prevencao-e-diagnostico-do-cancer-de-mama\/' class='whatsapp-button whatsapp-share'>WhatsApp<\/a><div class='clear '><\/div><\/div>","protected":false},"excerpt":{"rendered":"<p>O Servi\u00e7o Aut\u00f4nomo de \u00c1gua e Esgoto (SAAE) Alagoinhas realizou, na ter\u00e7a-feira (16), uma palestra sobre preven\u00e7\u00e3o e diagn\u00f3stico do c\u00e2ncer de mama para suas funcion\u00e1rias. A a\u00e7\u00e3o ocorreu durante a campanha Outubro Rosa, que desde 1990 estabeleceu-se como o m\u00eas dedicado \u00e0 discuss\u00e3o e a\u00e7\u00f5es afirmativas relacionadas ao tema. Engracia Lima, enfermeira respons\u00e1vel pela [&hellip;]<\/p>\n","protected":false},"author":1,"featured_media":10592,"comment_status":"open","ping_status":"open","sticky":false,"template":"","format":"standard","meta":{"om_disable_all_campaigns":false,"_exactmetrics_skip_tracking":false,"_exactmetrics_sitenote_active":false,"_exactmetrics_sitenote_note":"","_exactmetrics_sitenote_category":0,"footnotes":""},"categories":[38,30],"tags":[53,54,123],"class_list":["post-10591","post","type-post","status-publish","format-standard","has-post-thumbnail","hentry","category-alagoinhas-e-regiao","category-destaque","tag-alagoinhas","tag-prefeitura","tag-secom-saae"],"aioseo_notices":[],"_links":{"self":[{"href":"https:\/\/newsinfoco.com.br\/inicio\/wp-json\/wp\/v2\/posts\/10591","targetHints":{"allow":["GET"]}}],"collection":[{"href":"https:\/\/newsinfoco.com.br\/inicio\/wp-json\/wp\/v2\/posts"}],"about":[{"href":"https:\/\/newsinfoco.com.br\/inicio\/wp-json\/wp\/v2\/types\/post"}],"author":[{"embeddable":true,"href":"https:\/\/newsinfoco.com.br\/inicio\/wp-json\/wp\/v2\/users\/1"}],"replies":[{"embeddable":true,"href":"https:\/\/newsinfoco.com.br\/inicio\/wp-json\/wp\/v2\/comments?post=10591"}],"version-history":[{"count":0,"href":"https:\/\/newsinfoco.com.br\/inicio\/wp-json\/wp\/v2\/posts\/10591\/revisions"}],"wp:featuredmedia":[{"embeddable":true,"href":"https:\/\/newsinfoco.com.br\/inicio\/wp-json\/wp\/v2\/media\/10592"}],"wp:attachment":[{"href":"https:\/\/newsinfoco.com.br\/inicio\/wp-json\/wp\/v2\/media?parent=10591"}],"wp:term":[{"taxonomy":"category","embeddable":true,"href":"https:\/\/newsinfoco.com.br\/inicio\/wp-json\/wp\/v2\/categories?post=10591"},{"taxonomy":"post_tag","embeddable":true,"href":"https:\/\/newsinfoco.com.br\/inicio\/wp-json\/wp\/v2\/tags?post=10591"}],"curies":[{"name":"wp","href":"https:\/\/api.w.org\/{rel}","templated":true}]}}