{"id":10594,"date":"2018-10-17T18:06:18","date_gmt":"2018-10-17T21:06:18","guid":{"rendered":"http:\/\/newsinfoco.com.br\/?p=10594"},"modified":"2018-10-17T18:06:18","modified_gmt":"2018-10-17T21:06:18","slug":"prefeitura-realiza-acao-integrada-da-comissao-de-combate-a-dengue-na-regiao-do-cachorro-magro-e-na-praca-kennedy","status":"publish","type":"post","link":"https:\/\/newsinfoco.com.br\/inicio\/prefeitura-realiza-acao-integrada-da-comissao-de-combate-a-dengue-na-regiao-do-cachorro-magro-e-na-praca-kennedy\/","title":{"rendered":"Prefeitura realiza a\u00e7\u00e3o integrada da Comiss\u00e3o de Combate \u00e0 Dengue na regi\u00e3o do Cachorro Magro e na Pra\u00e7a Kennedy"},"content":{"rendered":"<p style=\"text-align: justify;\"><span style=\"color: #000000;\">Ap\u00f3s registrar altos \u00edndices de infesta\u00e7\u00e3o do mosquito vetor nas regi\u00f5es do Cachorro Magro e da Pra\u00e7a Kennedy, e depois de realizar interven\u00e7\u00f5es no Barreiro de Cima e na Baixa da Candeia, onde foram notificados terrenos baldios com inadequa\u00e7\u00f5es, a Comiss\u00e3o de Mobiliza\u00e7\u00e3o, Preven\u00e7\u00e3o e Controle da Dengue promoveu, nesta quarta-feira (17), uma a\u00e7\u00e3o integrada com representantes das secretarias municipais.<\/span><\/p>\n<p style=\"text-align: justify;\"><span style=\"color: #000000;\">\u201cEmbora o Cachorro Magro e a Pra\u00e7a Kennedy n\u00e3o tenham sido apontados pelo \u00faltimo Levantamento R\u00e1pido de Infesta\u00e7\u00e3o pelo Aedes aegypti, o LIRAa, nas visitas domiciliares, realizadas a cada 2 meses pelos agentes de endemias, foi verificado um alto \u00edndice de infesta\u00e7\u00e3o e um grande n\u00famero de casas fechadas na regi\u00e3o. Tendo em vista esses dados, nos reunimos e fizemos uma a\u00e7\u00e3o interinstitucional, com todas as outras secretarias, porque a gente entende que o programa de endemias, sozinho, n\u00e3o tem pernas para fazer tudo. \u00c9 preciso um trabalho conjunto e o envolvimento da popula\u00e7\u00e3o para pensar e executar as estrat\u00e9gias de combate ao mosquito\u201d, pontuou Telma Pio da Silva, que integra a Comiss\u00e3o.<\/span><\/p><div class=\"newsi-conteudo_19\" id=\"newsi-1475667388\"><a href=\"https:\/\/www.instagram.com\/prefeituraalagoinhas?igsh=YzgzdDJ1bWR3aWI4\" aria-label=\"SAVE_20251006_221555\"><img loading=\"lazy\" decoding=\"async\" src=\"https:\/\/newsinfoco.com.br\/inicio\/wp-content\/uploads\/2025\/10\/SAVE_20251006_221555-rotated.jpg\" alt=\"\"  srcset=\"https:\/\/newsinfoco.com.br\/inicio\/wp-content\/uploads\/2025\/10\/SAVE_20251006_221555-rotated.jpg 1140w, https:\/\/newsinfoco.com.br\/inicio\/wp-content\/uploads\/2025\/10\/SAVE_20251006_221555-300x52.jpg 300w, https:\/\/newsinfoco.com.br\/inicio\/wp-content\/uploads\/2025\/10\/SAVE_20251006_221555-1024x177.jpg 1024w, https:\/\/newsinfoco.com.br\/inicio\/wp-content\/uploads\/2025\/10\/SAVE_20251006_221555-768x133.jpg 768w, https:\/\/newsinfoco.com.br\/inicio\/wp-content\/uploads\/2025\/10\/SAVE_20251006_221555-600x104.jpg 600w, https:\/\/newsinfoco.com.br\/inicio\/wp-content\/uploads\/2025\/10\/SAVE_20251006_221555-696x120.jpg 696w, https:\/\/newsinfoco.com.br\/inicio\/wp-content\/uploads\/2025\/10\/SAVE_20251006_221555-1068x185.jpg 1068w\" sizes=\"(max-width: 1140px) 100vw, 1140px\" width=\"1140\" height=\"197\"   \/><\/a><\/div>\n<p><img decoding=\"async\" src=\"https:\/\/www.alagoinhas.ba.gov.br\/wp-content\/uploads\/2018\/10\/WhatsApp-Image-2018-10-17-at-11.51.40-1024x768.jpeg\" \/><\/p>\n<p style=\"text-align: justify;\"><span style=\"color: #000000;\">Segundo ela, profissionais da Secretaria de Infraestrutura (SECIN), da Secretaria de Servi\u00e7os P\u00fablicos (SESEP), da Secretaria de Assist\u00eancia Social (SEMAS), da Secretaria de Comunica\u00e7\u00e3o (SECOM), da Secretaria de Desenvolvimento e Meio Ambiente (SEDEA), da Secretaria de Sa\u00fade e do Servi\u00e7o Aut\u00f4nomo de \u00c1gua e Esgoto (SAAE) se uniram a agentes de endemias, na manh\u00e3 de hoje, para vistoriar im\u00f3veis, orientar a popula\u00e7\u00e3o, notificar os casos cr\u00edticos e eliminar criadouros do mosquito.<\/span><\/p>\n<p style=\"text-align: justify;\"><span style=\"color: #000000;\">\u201cVisitamos, no Cachorro Magro, uma localidade que tem uma nascente que est\u00e1 totalmente destru\u00edda, tentamos sanar alguns pontos, junto com a Comiss\u00e3o. Esperamos que, no retorno, os estabelecimentos que estavam afetando a localidade se adequem, porque \u00e9 com a\u00e7\u00f5es preventivas e conscientiza\u00e7\u00e3o que conseguiremos diminuir os \u00edndices\u201d, ressaltou Telma Pio da Silva.<\/span><\/p>\n<p style=\"text-align: justify;\"><span style=\"color: #000000;\">Os profissionais destacaram a necessidade de alertar a popula\u00e7\u00e3o e de chamar a aten\u00e7\u00e3o das pessoas para que eliminem a \u00e1gua parada de garrafas, plantas, dep\u00f3sitos, tanques e pneus.<\/span><\/p>\n<p style=\"text-align: justify;\"><span style=\"color: #000000;\">A Comiss\u00e3o enfatizou que, embora o 4\u00ba LIRAa, divulgado em outubro, tenha registrado uma redu\u00e7\u00e3o significativa do \u00edndice de infesta\u00e7\u00e3o na cidade, a m\u00e9trica de 1,4% ainda est\u00e1 fora do padr\u00e3o preconizado pelo Minist\u00e9rio da Sa\u00fade, e n\u00e3o tira o munic\u00edpio da situa\u00e7\u00e3o de alerta.<\/span><\/p>\n<p style=\"text-align: justify;\"><span style=\"color: #000000;\">A previs\u00e3o \u00e9 de que novas interven\u00e7\u00f5es sejam realizadas a partir dos pr\u00f3ximos dias na Rua do Catu e no Jardim Petrolar, que tamb\u00e9m apresentaram registros alarmantes. O trabalho dos agentes de endemias, as visitas domiciliares, palestras educacionais nas escolas e treinamentos seguem sendo realizados de forma cont\u00ednua no munic\u00edpio.<\/span><\/p>\n<p style=\"text-align: justify;\"><span style=\"color: #000000;\">Confira as fotos dos pontos encontrados durante a a\u00e7\u00e3o:<\/span><\/p>\n<p><img decoding=\"async\" src=\"https:\/\/www.alagoinhas.ba.gov.br\/wp-content\/uploads\/2018\/10\/WhatsApp-Image-2018-10-17-at-11.51.39-768x1024.jpeg\" \/><\/p>\n<p><img decoding=\"async\" src=\"https:\/\/www.alagoinhas.ba.gov.br\/wp-content\/uploads\/2018\/10\/WhatsApp-Image-2018-10-17-at-11.51.36-1-1024x768.jpeg\" \/><\/p>\n<p><img decoding=\"async\" src=\"https:\/\/www.alagoinhas.ba.gov.br\/wp-content\/uploads\/2018\/10\/WhatsApp-Image-2018-10-17-at-11.51.45-1024x768.jpeg\" \/><\/p>\n<p><img decoding=\"async\" src=\"https:\/\/www.alagoinhas.ba.gov.br\/wp-content\/uploads\/2018\/10\/WhatsApp-Image-2018-10-17-at-11.51.38-768x1024.jpeg\" \/><\/p>\n<p><img decoding=\"async\" src=\"https:\/\/www.alagoinhas.ba.gov.br\/wp-content\/uploads\/2018\/10\/WhatsApp-Image-2018-10-17-at-11.51.43-2-1024x768.jpeg\" \/><\/p>\n<p style=\"text-align: right;\">Fonte: SECOM<\/p>\n<div class='share-to-whatsapp-wrapper'><div class='share-on-whsp'>Share on: <\/div><a data-text='Prefeitura realiza a\u00e7\u00e3o integrada da Comiss\u00e3o de Combate \u00e0 Dengue na regi\u00e3o do Cachorro Magro e na Pra\u00e7a Kennedy' data-link='https:\/\/newsinfoco.com.br\/inicio\/prefeitura-realiza-acao-integrada-da-comissao-de-combate-a-dengue-na-regiao-do-cachorro-magro-e-na-praca-kennedy\/' class='whatsapp-button whatsapp-share'>WhatsApp<\/a><div class='clear '><\/div><\/div>","protected":false},"excerpt":{"rendered":"<p>Ap\u00f3s registrar altos \u00edndices de infesta\u00e7\u00e3o do mosquito vetor nas regi\u00f5es do Cachorro Magro e da Pra\u00e7a Kennedy, e depois de realizar interven\u00e7\u00f5es no Barreiro de Cima e na Baixa da Candeia, onde foram notificados terrenos baldios com inadequa\u00e7\u00f5es, a Comiss\u00e3o de Mobiliza\u00e7\u00e3o, Preven\u00e7\u00e3o e Controle da Dengue promoveu, nesta quarta-feira (17), uma a\u00e7\u00e3o integrada [&hellip;]<\/p>\n","protected":false},"author":1,"featured_media":10596,"comment_status":"open","ping_status":"open","sticky":false,"template":"","format":"standard","meta":{"om_disable_all_campaigns":false,"_exactmetrics_skip_tracking":false,"_exactmetrics_sitenote_active":false,"_exactmetrics_sitenote_note":"","_exactmetrics_sitenote_category":0,"footnotes":""},"categories":[38,30],"tags":[53,54,137],"class_list":["post-10594","post","type-post","status-publish","format-standard","has-post-thumbnail","hentry","category-alagoinhas-e-regiao","category-destaque","tag-alagoinhas","tag-prefeitura","tag-secom-secin"],"aioseo_notices":[],"_links":{"self":[{"href":"https:\/\/newsinfoco.com.br\/inicio\/wp-json\/wp\/v2\/posts\/10594","targetHints":{"allow":["GET"]}}],"collection":[{"href":"https:\/\/newsinfoco.com.br\/inicio\/wp-json\/wp\/v2\/posts"}],"about":[{"href":"https:\/\/newsinfoco.com.br\/inicio\/wp-json\/wp\/v2\/types\/post"}],"author":[{"embeddable":true,"href":"https:\/\/newsinfoco.com.br\/inicio\/wp-json\/wp\/v2\/users\/1"}],"replies":[{"embeddable":true,"href":"https:\/\/newsinfoco.com.br\/inicio\/wp-json\/wp\/v2\/comments?post=10594"}],"version-history":[{"count":0,"href":"https:\/\/newsinfoco.com.br\/inicio\/wp-json\/wp\/v2\/posts\/10594\/revisions"}],"wp:featuredmedia":[{"embeddable":true,"href":"https:\/\/newsinfoco.com.br\/inicio\/wp-json\/wp\/v2\/media\/10596"}],"wp:attachment":[{"href":"https:\/\/newsinfoco.com.br\/inicio\/wp-json\/wp\/v2\/media?parent=10594"}],"wp:term":[{"taxonomy":"category","embeddable":true,"href":"https:\/\/newsinfoco.com.br\/inicio\/wp-json\/wp\/v2\/categories?post=10594"},{"taxonomy":"post_tag","embeddable":true,"href":"https:\/\/newsinfoco.com.br\/inicio\/wp-json\/wp\/v2\/tags?post=10594"}],"curies":[{"name":"wp","href":"https:\/\/api.w.org\/{rel}","templated":true}]}}