{"id":10604,"date":"2018-10-17T19:11:02","date_gmt":"2018-10-17T22:11:02","guid":{"rendered":"http:\/\/newsinfoco.com.br\/?p=10604"},"modified":"2018-10-17T19:12:49","modified_gmt":"2018-10-17T22:12:49","slug":"usuarios-do-servico-municipal-de-saude-de-aramari-reclamam-de-reagendamentos-de-consultas-prefeitura-de-aramari-explica","status":"publish","type":"post","link":"https:\/\/newsinfoco.com.br\/inicio\/usuarios-do-servico-municipal-de-saude-de-aramari-reclamam-de-reagendamentos-de-consultas-prefeitura-de-aramari-explica\/","title":{"rendered":"Usu\u00e1rios do servi\u00e7o municipal de sa\u00fade de Aramari reclamam de reagendamentos de consultas; prefeitura de Aramari explica"},"content":{"rendered":"<p style=\"text-align: justify;\">Usu\u00e1rios de postos de sa\u00fade da cidade de Aramari em contato com o site News Infoco relataram que consultas agendadas com especialistas tem sido remarcadas pela secretaria municipal de sa\u00fade do munic\u00edpio.<\/p>\n<p style=\"text-align: justify;\">Entre as especialidades citadas est\u00e3o: ginecologista, dermatologista, cardiologista, psiquiatra, psic\u00f3logo e fisioterapeuta. Eles alegam que algumas consultas foram reagendadas s\u00f3 para o ano que vem.<\/p><div class=\"newsi-conteudo_19\" id=\"newsi-3924444920\"><a href=\"https:\/\/www.instagram.com\/prefeituraalagoinhas?igsh=YzgzdDJ1bWR3aWI4\" aria-label=\"SAVE_20251006_221555\"><img loading=\"lazy\" decoding=\"async\" src=\"https:\/\/newsinfoco.com.br\/inicio\/wp-content\/uploads\/2025\/10\/SAVE_20251006_221555-rotated.jpg\" alt=\"\"  srcset=\"https:\/\/newsinfoco.com.br\/inicio\/wp-content\/uploads\/2025\/10\/SAVE_20251006_221555-rotated.jpg 1140w, https:\/\/newsinfoco.com.br\/inicio\/wp-content\/uploads\/2025\/10\/SAVE_20251006_221555-300x52.jpg 300w, https:\/\/newsinfoco.com.br\/inicio\/wp-content\/uploads\/2025\/10\/SAVE_20251006_221555-1024x177.jpg 1024w, https:\/\/newsinfoco.com.br\/inicio\/wp-content\/uploads\/2025\/10\/SAVE_20251006_221555-768x133.jpg 768w, https:\/\/newsinfoco.com.br\/inicio\/wp-content\/uploads\/2025\/10\/SAVE_20251006_221555-600x104.jpg 600w, https:\/\/newsinfoco.com.br\/inicio\/wp-content\/uploads\/2025\/10\/SAVE_20251006_221555-696x120.jpg 696w, https:\/\/newsinfoco.com.br\/inicio\/wp-content\/uploads\/2025\/10\/SAVE_20251006_221555-1068x185.jpg 1068w\" sizes=\"(max-width: 1140px) 100vw, 1140px\" width=\"1140\" height=\"197\"   \/><\/a><\/div>\n<p style=\"text-align: justify;\">Em contato com o site News Infoco, o prefeito de Aramari Fidel Dantas explicou que a administra\u00e7\u00e3o municipal est\u00e1 promovendo altera\u00e7\u00f5es na secretaria municipal de saude, que visam a otimiza\u00e7\u00e3o na utiliza\u00e7\u00e3o dos recursos dispon\u00edveis.<\/p>\n<p style=\"text-align: justify;\">Ele afirmou que as consultas destas modalidades citadas est\u00e3o sendo direcionadas para clinicas conveniadas e para a Policlinica Regional situada em Alagoinhas, da qual Aramari \u00e9 consorciada e paga mensalmente pelo servi\u00e7o.<\/p>\n<p style=\"text-align: justify;\">Ele ainda afirmou que nenhuma consulta deixar\u00e1 de ser realizada e acusou opositores de tentarem criar um fato para criticar sua gest\u00e3o.<\/p>\n<h6 style=\"text-align: right;\"><span style=\"color: #999999;\">Por Caio Pimenta para o News Infoco<\/span><\/h6>\n<div class='share-to-whatsapp-wrapper'><div class='share-on-whsp'>Share on: <\/div><a data-text='Usu\u00e1rios do servi\u00e7o municipal de sa\u00fade de Aramari reclamam de reagendamentos de consultas; prefeitura de Aramari explica' data-link='https:\/\/newsinfoco.com.br\/inicio\/usuarios-do-servico-municipal-de-saude-de-aramari-reclamam-de-reagendamentos-de-consultas-prefeitura-de-aramari-explica\/' class='whatsapp-button whatsapp-share'>WhatsApp<\/a><div class='clear '><\/div><\/div>","protected":false},"excerpt":{"rendered":"<p>Usu\u00e1rios de postos de sa\u00fade da cidade de Aramari em contato com o site News Infoco relataram que consultas agendadas com especialistas tem sido remarcadas pela secretaria municipal de sa\u00fade do munic\u00edpio. Entre as especialidades citadas est\u00e3o: ginecologista, dermatologista, cardiologista, psiquiatra, psic\u00f3logo e fisioterapeuta. Eles alegam que algumas consultas foram reagendadas s\u00f3 para o ano [&hellip;]<\/p>\n","protected":false},"author":1,"featured_media":10605,"comment_status":"open","ping_status":"open","sticky":false,"template":"","format":"standard","meta":{"om_disable_all_campaigns":false,"_exactmetrics_skip_tracking":false,"_exactmetrics_sitenote_active":false,"_exactmetrics_sitenote_note":"","_exactmetrics_sitenote_category":0,"footnotes":""},"categories":[38,30],"tags":[],"class_list":["post-10604","post","type-post","status-publish","format-standard","has-post-thumbnail","hentry","category-alagoinhas-e-regiao","category-destaque"],"aioseo_notices":[],"_links":{"self":[{"href":"https:\/\/newsinfoco.com.br\/inicio\/wp-json\/wp\/v2\/posts\/10604","targetHints":{"allow":["GET"]}}],"collection":[{"href":"https:\/\/newsinfoco.com.br\/inicio\/wp-json\/wp\/v2\/posts"}],"about":[{"href":"https:\/\/newsinfoco.com.br\/inicio\/wp-json\/wp\/v2\/types\/post"}],"author":[{"embeddable":true,"href":"https:\/\/newsinfoco.com.br\/inicio\/wp-json\/wp\/v2\/users\/1"}],"replies":[{"embeddable":true,"href":"https:\/\/newsinfoco.com.br\/inicio\/wp-json\/wp\/v2\/comments?post=10604"}],"version-history":[{"count":0,"href":"https:\/\/newsinfoco.com.br\/inicio\/wp-json\/wp\/v2\/posts\/10604\/revisions"}],"wp:featuredmedia":[{"embeddable":true,"href":"https:\/\/newsinfoco.com.br\/inicio\/wp-json\/wp\/v2\/media\/10605"}],"wp:attachment":[{"href":"https:\/\/newsinfoco.com.br\/inicio\/wp-json\/wp\/v2\/media?parent=10604"}],"wp:term":[{"taxonomy":"category","embeddable":true,"href":"https:\/\/newsinfoco.com.br\/inicio\/wp-json\/wp\/v2\/categories?post=10604"},{"taxonomy":"post_tag","embeddable":true,"href":"https:\/\/newsinfoco.com.br\/inicio\/wp-json\/wp\/v2\/tags?post=10604"}],"curies":[{"name":"wp","href":"https:\/\/api.w.org\/{rel}","templated":true}]}}