{"id":10612,"date":"2018-10-17T19:46:05","date_gmt":"2018-10-17T22:46:05","guid":{"rendered":"http:\/\/newsinfoco.com.br\/?p=10612"},"modified":"2018-10-17T19:46:05","modified_gmt":"2018-10-17T22:46:05","slug":"angelo-coronel-ressalta-que-novo-presidente-deve-estar-afinado-com-a-bahia","status":"publish","type":"post","link":"https:\/\/newsinfoco.com.br\/inicio\/angelo-coronel-ressalta-que-novo-presidente-deve-estar-afinado-com-a-bahia\/","title":{"rendered":"Angelo Coronel ressalta que novo presidente deve estar afinado com a Bahia"},"content":{"rendered":"<p style=\"text-align: justify;\">Eleito Senador com quase 4 milh\u00f5es de votos, o presidente da Assembleia Legislativa da Bahia, Angelo Coronel, participa esta semana, ao lado do governador Rui Costa, de reuni\u00f5es com lideran\u00e7as pol\u00edticas em seis cidades do interior para fortalecer a campanha do candidato \u00e0 Presid\u00eancia da Rep\u00fablica, Fernando Haddad. Hoje (17.10), os encontros se realizaram em Itapetinga e Itabuna.<\/p>\n<p style=\"text-align: justify;\">\u201cPela manh\u00e3, estivemos com lideran\u00e7as do M\u00e9dio Sudoeste da Bahia, no Rotary Club de Itapetinga, e, agora \u00e0 tarde, nos reunimos com representantes do territ\u00f3rio Litoral Sul, no audit\u00f3rio da Faculdade Santo Agostinho, em Itabuna, para fortalecermos a milit\u00e2ncia em prol da candidatura de Haddad. \u00c9 uma elei\u00e7\u00e3o plebiscit\u00e1ria, onde est\u00e1 em jogo muito mais que a escolha de um vencedor, mas que tipo de pa\u00eds queremos: com democracia ou com tirania, com di\u00e1logo ou com trucul\u00eancia?\u201d, questiona Angelo Coronel.<\/p><div class=\"newsi-conteudo_19\" id=\"newsi-1759675550\"><a href=\"https:\/\/www.instagram.com\/prefeituraalagoinhas?igsh=YzgzdDJ1bWR3aWI4\" aria-label=\"SAVE_20251006_221555\"><img loading=\"lazy\" decoding=\"async\" src=\"https:\/\/newsinfoco.com.br\/inicio\/wp-content\/uploads\/2025\/10\/SAVE_20251006_221555-rotated.jpg\" alt=\"\"  srcset=\"https:\/\/newsinfoco.com.br\/inicio\/wp-content\/uploads\/2025\/10\/SAVE_20251006_221555-rotated.jpg 1140w, https:\/\/newsinfoco.com.br\/inicio\/wp-content\/uploads\/2025\/10\/SAVE_20251006_221555-300x52.jpg 300w, https:\/\/newsinfoco.com.br\/inicio\/wp-content\/uploads\/2025\/10\/SAVE_20251006_221555-1024x177.jpg 1024w, https:\/\/newsinfoco.com.br\/inicio\/wp-content\/uploads\/2025\/10\/SAVE_20251006_221555-768x133.jpg 768w, https:\/\/newsinfoco.com.br\/inicio\/wp-content\/uploads\/2025\/10\/SAVE_20251006_221555-600x104.jpg 600w, https:\/\/newsinfoco.com.br\/inicio\/wp-content\/uploads\/2025\/10\/SAVE_20251006_221555-696x120.jpg 696w, https:\/\/newsinfoco.com.br\/inicio\/wp-content\/uploads\/2025\/10\/SAVE_20251006_221555-1068x185.jpg 1068w\" sizes=\"(max-width: 1140px) 100vw, 1140px\" width=\"1140\" height=\"197\"   \/><\/a><\/div>\n<p style=\"text-align: justify;\">Para o Senador eleito, que s\u00f3 ser\u00e1 empossado em 2019, a falta de propostas do candidato do PSL \u00e0 Presid\u00eancia da Rep\u00fablica \u00e9 o que mais assusta. \u201cO que ele pretende fazer mesmo na economia, na sa\u00fade, na educa\u00e7\u00e3o? O que tenho ouvido, at\u00e9 agora, \u00e9 incompreens\u00edvel. E n\u00e3o d\u00e1 para a popula\u00e7\u00e3o brasileira entregar um cheque em branco a um Presidente que n\u00e3o sabe como gerir a oitava maior economia do mundo. E, tamb\u00e9m, um candidato que flerta com a ditadura. Por isso esse empenho, meu, de Jaques Wagner e do governador Rui Costa, para que aumentemos o percentual de votos de Haddad na Bahia\u201d, explica o senador do PSD.<\/p>\n<p style=\"text-align: justify;\">Angelo Coronel diz tamb\u00e9m que foi estudar de perto as ideias do candidato do PSL para a seguran\u00e7a p\u00fablica. \u201cN\u00e3o existe proposta alguma, a n\u00e3o ser a promessa de que vai diminuir a criminalidade. Como? Colocando armas nas m\u00e3os da popula\u00e7\u00e3o? Se for por este caminho, teremos uma verdadeira guerra civil no pa\u00eds, com gente matando e se justificando com o argumento de que foi \u2018leg\u00edtima defesa\u2019.<\/p>\n<p style=\"text-align: justify;\">A quest\u00e3o do armamento tamb\u00e9m ter\u00e1 que ser aprovada em lei pelo Congresso Nacional, que dificilmente vai sancionar tal absurdo\u201d, critica. O futuro senador \u2013 que ir\u00e1 integrar a bancada baiana ao lado dos senadores Otto Alencar e Jaques Wagner \u2013 diz que a quest\u00e3o da redu\u00e7\u00e3o da viol\u00eancia e o combate \u00e0 criminalidade passa, necessariamente, pelo ataque \u00e0s causas e n\u00e3o aos efeitos.<\/p>\n<p style=\"text-align: justify;\">\u201cO pa\u00eds n\u00e3o ir\u00e1 reduzir a viol\u00eancia com cidad\u00e3os armados, mas gerando mais empregos e investindo mais em educa\u00e7\u00e3o, com escolas em tempo integral. Ao mesmo tempo, tem que atacar os grandes cart\u00e9is do narcotr\u00e1fico e do tr\u00e1fico de armas, aumentando a fiscaliza\u00e7\u00e3o das nossas fronteiras terrestres e mar\u00edtimas. O governador Rui Costa foi quem mais investiu em seguran\u00e7a p\u00fablica, mas o Governo Federal n\u00e3o fez a sua parte fechando as fronteiras\u201d, diz Coronel.<\/p>\n<p style=\"text-align: justify;\">Angelo Coronel agradeceu \u00e0s popula\u00e7\u00f5es do M\u00e9dio Sudoeste e do Litoral Sul pela extraordin\u00e1ria vota\u00e7\u00e3o obtida e garantiu que os baianos ter\u00e3o um homem de coragem no Senado.<\/p>\n<p style=\"text-align: justify;\">\u201cMeu Coronel \u00e9 sobrenome, n\u00e3o \u00e9 patente, mas j\u00e1 indica que n\u00e3o tenho medo de novos desafios nem de cara feia. Tenho independ\u00eancia e minha bancada \u00e9 a da Bahia. Agora, estou trabalhando para eleger Fernando Haddad, professor universit\u00e1rio, com grande bagagem pol\u00edtico-administrativa depois de ter sido, por oito anos, ministro da Educa\u00e7\u00e3o, e prefeito de S\u00e3o Paulo, por quatro anos. Com ele, a Bahia pode ter certeza de mais progresso e mais desenvolvimento\u201d, argumenta o \u201cSenador da Uni\u00e3o\u201d.<\/p>\n<div class='share-to-whatsapp-wrapper'><div class='share-on-whsp'>Share on: <\/div><a data-text='Angelo Coronel ressalta que novo presidente deve estar afinado com a Bahia' data-link='https:\/\/newsinfoco.com.br\/inicio\/angelo-coronel-ressalta-que-novo-presidente-deve-estar-afinado-com-a-bahia\/' class='whatsapp-button whatsapp-share'>WhatsApp<\/a><div class='clear '><\/div><\/div>","protected":false},"excerpt":{"rendered":"<p>Eleito Senador com quase 4 milh\u00f5es de votos, o presidente da Assembleia Legislativa da Bahia, Angelo Coronel, participa esta semana, ao lado do governador Rui Costa, de reuni\u00f5es com lideran\u00e7as pol\u00edticas em seis cidades do interior para fortalecer a campanha do candidato \u00e0 Presid\u00eancia da Rep\u00fablica, Fernando Haddad. Hoje (17.10), os encontros se realizaram em [&hellip;]<\/p>\n","protected":false},"author":1,"featured_media":10613,"comment_status":"open","ping_status":"open","sticky":false,"template":"","format":"standard","meta":{"om_disable_all_campaigns":false,"_exactmetrics_skip_tracking":false,"_exactmetrics_sitenote_active":false,"_exactmetrics_sitenote_note":"","_exactmetrics_sitenote_category":0,"footnotes":""},"categories":[19],"tags":[],"class_list":["post-10612","post","type-post","status-publish","format-standard","has-post-thumbnail","hentry","category-bahia"],"aioseo_notices":[],"_links":{"self":[{"href":"https:\/\/newsinfoco.com.br\/inicio\/wp-json\/wp\/v2\/posts\/10612","targetHints":{"allow":["GET"]}}],"collection":[{"href":"https:\/\/newsinfoco.com.br\/inicio\/wp-json\/wp\/v2\/posts"}],"about":[{"href":"https:\/\/newsinfoco.com.br\/inicio\/wp-json\/wp\/v2\/types\/post"}],"author":[{"embeddable":true,"href":"https:\/\/newsinfoco.com.br\/inicio\/wp-json\/wp\/v2\/users\/1"}],"replies":[{"embeddable":true,"href":"https:\/\/newsinfoco.com.br\/inicio\/wp-json\/wp\/v2\/comments?post=10612"}],"version-history":[{"count":0,"href":"https:\/\/newsinfoco.com.br\/inicio\/wp-json\/wp\/v2\/posts\/10612\/revisions"}],"wp:featuredmedia":[{"embeddable":true,"href":"https:\/\/newsinfoco.com.br\/inicio\/wp-json\/wp\/v2\/media\/10613"}],"wp:attachment":[{"href":"https:\/\/newsinfoco.com.br\/inicio\/wp-json\/wp\/v2\/media?parent=10612"}],"wp:term":[{"taxonomy":"category","embeddable":true,"href":"https:\/\/newsinfoco.com.br\/inicio\/wp-json\/wp\/v2\/categories?post=10612"},{"taxonomy":"post_tag","embeddable":true,"href":"https:\/\/newsinfoco.com.br\/inicio\/wp-json\/wp\/v2\/tags?post=10612"}],"curies":[{"name":"wp","href":"https:\/\/api.w.org\/{rel}","templated":true}]}}