{"id":10615,"date":"2018-10-17T19:48:46","date_gmt":"2018-10-17T22:48:46","guid":{"rendered":"http:\/\/newsinfoco.com.br\/?p=10615"},"modified":"2018-10-17T19:50:09","modified_gmt":"2018-10-17T22:50:09","slug":"joao-gualberto-critica-psdb-pagou-caro-por-ter-participado-do-governo-temer","status":"publish","type":"post","link":"https:\/\/newsinfoco.com.br\/inicio\/joao-gualberto-critica-psdb-pagou-caro-por-ter-participado-do-governo-temer\/","title":{"rendered":"Jo\u00e3o Gualberto critica PSDB: \u2018Pagou caro por ter participado do governo Temer\u2019"},"content":{"rendered":"<p style=\"text-align: justify;\">Se despedindo da vida p\u00fablica, o deputado federal e presidente estadual do PSDB, Jo\u00e3o Gualberto, usou a tribuna da C\u00e2mara dos Deputados, em Bras\u00edlia, para criticar seu partido por ter participado do governo do presidente Michel Temer (MDB).<\/p>\n<p style=\"text-align: justify;\">\u201cIncoer\u00eancia tamb\u00e9m teve o meu partido durante esses quatro anos. Meu partido n\u00e3o era para ter participado do governo Dilma-Temer, que vinha acabando com o Brasil. E pagou caro por ter participado e pagou caro por se alinhar a v\u00e1rios partidos que fizeram parte do petrol\u00e3o e do mensal\u00e3o. O povo \u00e9 justo e certo\u201d,disse.<\/p><div class=\"newsi-conteudo_19\" id=\"newsi-521520117\"><a href=\"https:\/\/www.instagram.com\/prefeituraalagoinhas?igsh=YzgzdDJ1bWR3aWI4\" aria-label=\"SAVE_20251006_221555\"><img loading=\"lazy\" decoding=\"async\" src=\"https:\/\/newsinfoco.com.br\/inicio\/wp-content\/uploads\/2025\/10\/SAVE_20251006_221555-rotated.jpg\" alt=\"\"  srcset=\"https:\/\/newsinfoco.com.br\/inicio\/wp-content\/uploads\/2025\/10\/SAVE_20251006_221555-rotated.jpg 1140w, https:\/\/newsinfoco.com.br\/inicio\/wp-content\/uploads\/2025\/10\/SAVE_20251006_221555-300x52.jpg 300w, https:\/\/newsinfoco.com.br\/inicio\/wp-content\/uploads\/2025\/10\/SAVE_20251006_221555-1024x177.jpg 1024w, https:\/\/newsinfoco.com.br\/inicio\/wp-content\/uploads\/2025\/10\/SAVE_20251006_221555-768x133.jpg 768w, https:\/\/newsinfoco.com.br\/inicio\/wp-content\/uploads\/2025\/10\/SAVE_20251006_221555-600x104.jpg 600w, https:\/\/newsinfoco.com.br\/inicio\/wp-content\/uploads\/2025\/10\/SAVE_20251006_221555-696x120.jpg 696w, https:\/\/newsinfoco.com.br\/inicio\/wp-content\/uploads\/2025\/10\/SAVE_20251006_221555-1068x185.jpg 1068w\" sizes=\"(max-width: 1140px) 100vw, 1140px\" width=\"1140\" height=\"197\"   \/><\/a><\/div>\n<p style=\"text-align: justify;\">O tucano ressaltou que deputados aliados do governador Rui Costa v\u00e3o apoiar \u201cPT na Bahia e Bolsonaro aqui em Bras\u00edlia\u201d, caso o capit\u00e3o da reserva seja eleito. O parlamentar destacou que o militar \u00e9 hoje um candidato \u201cmenos pior\u201d do que o postulante petista Fernando Haddad (PT) \u00e0 Presid\u00eancia.<\/p>\n<p><strong>Veja v\u00eddeo:\u00a0<\/strong><\/p>\n<div id=\"fb-root\"><\/div>\n<p><script>(function(d, s, id) {  var js, fjs = d.getElementsByTagName(s)[0];  if (d.getElementById(id)) return;  js = d.createElement(s); js.id = id;  js.src = 'https:\/\/connect.facebook.net\/pt_BR\/sdk.js#xfbml=1&version=v3.1';  fjs.parentNode.insertBefore(js, fjs);}(document, 'script', 'facebook-jssdk'));<\/script><\/p>\n<div class=\"fb-video\" data-href=\"https:\/\/www.facebook.com\/JoaoGualbertoOficial\/videos\/736330863425776\/?t=0\" data-width=\"696\">\n<blockquote cite=\"https:\/\/www.facebook.com\/JoaoGualbertoOficial\/videos\/736330863425776\/\" class=\"fb-xfbml-parse-ignore\"><p><a href=\"https:\/\/www.facebook.com\/JoaoGualbertoOficial\/videos\/736330863425776\/\"><\/a><\/p>\n<p>Hoje, subi \u00e0 Tribuna para refletir um pouco sobre o resultado das elei\u00e7\u00f5es proporcionais que, para mim, refor\u00e7ou a ideia de que o povo est\u00e1 intolerante as mentiras e incoer\u00eancias da maioria dos parlamentares da C\u00e2mara Federal.<\/p>\n<p>Publicado por <a href=\"https:\/\/www.facebook.com\/JoaoGualbertoOficial\/\">Jo\u00e3o Gualberto Vasconcelos<\/a> em Ter\u00e7a-feira, 16 de outubro de 2018<\/p><\/blockquote>\n<\/div>\n<p>&nbsp;<\/p>\n<p style=\"text-align: right;\"><span style=\"color: #999999;\">Por Matheus Morais para o Bahia.ba<\/span><\/p>\n<div class='share-to-whatsapp-wrapper'><div class='share-on-whsp'>Share on: <\/div><a data-text='Jo\u00e3o Gualberto critica PSDB: \u2018Pagou caro por ter participado do governo Temer\u2019' data-link='https:\/\/newsinfoco.com.br\/inicio\/joao-gualberto-critica-psdb-pagou-caro-por-ter-participado-do-governo-temer\/' class='whatsapp-button whatsapp-share'>WhatsApp<\/a><div class='clear '><\/div><\/div>","protected":false},"excerpt":{"rendered":"<p>Se despedindo da vida p\u00fablica, o deputado federal e presidente estadual do PSDB, Jo\u00e3o Gualberto, usou a tribuna da C\u00e2mara dos Deputados, em Bras\u00edlia, para criticar seu partido por ter participado do governo do presidente Michel Temer (MDB). \u201cIncoer\u00eancia tamb\u00e9m teve o meu partido durante esses quatro anos. Meu partido n\u00e3o era para ter participado [&hellip;]<\/p>\n","protected":false},"author":1,"featured_media":10617,"comment_status":"open","ping_status":"open","sticky":false,"template":"","format":"standard","meta":{"om_disable_all_campaigns":false,"_exactmetrics_skip_tracking":false,"_exactmetrics_sitenote_active":false,"_exactmetrics_sitenote_note":"","_exactmetrics_sitenote_category":0,"footnotes":""},"categories":[19],"tags":[],"class_list":["post-10615","post","type-post","status-publish","format-standard","has-post-thumbnail","hentry","category-bahia"],"aioseo_notices":[],"_links":{"self":[{"href":"https:\/\/newsinfoco.com.br\/inicio\/wp-json\/wp\/v2\/posts\/10615","targetHints":{"allow":["GET"]}}],"collection":[{"href":"https:\/\/newsinfoco.com.br\/inicio\/wp-json\/wp\/v2\/posts"}],"about":[{"href":"https:\/\/newsinfoco.com.br\/inicio\/wp-json\/wp\/v2\/types\/post"}],"author":[{"embeddable":true,"href":"https:\/\/newsinfoco.com.br\/inicio\/wp-json\/wp\/v2\/users\/1"}],"replies":[{"embeddable":true,"href":"https:\/\/newsinfoco.com.br\/inicio\/wp-json\/wp\/v2\/comments?post=10615"}],"version-history":[{"count":0,"href":"https:\/\/newsinfoco.com.br\/inicio\/wp-json\/wp\/v2\/posts\/10615\/revisions"}],"wp:featuredmedia":[{"embeddable":true,"href":"https:\/\/newsinfoco.com.br\/inicio\/wp-json\/wp\/v2\/media\/10617"}],"wp:attachment":[{"href":"https:\/\/newsinfoco.com.br\/inicio\/wp-json\/wp\/v2\/media?parent=10615"}],"wp:term":[{"taxonomy":"category","embeddable":true,"href":"https:\/\/newsinfoco.com.br\/inicio\/wp-json\/wp\/v2\/categories?post=10615"},{"taxonomy":"post_tag","embeddable":true,"href":"https:\/\/newsinfoco.com.br\/inicio\/wp-json\/wp\/v2\/tags?post=10615"}],"curies":[{"name":"wp","href":"https:\/\/api.w.org\/{rel}","templated":true}]}}