{"id":10626,"date":"2018-10-18T11:02:42","date_gmt":"2018-10-18T14:02:42","guid":{"rendered":"http:\/\/newsinfoco.com.br\/?p=10626"},"modified":"2018-10-18T11:10:59","modified_gmt":"2018-10-18T14:10:59","slug":"alagoinhas-amanhece-com-os-onibus-da-cidade-alagoinhas-parados-sindicato-sinaliza-que-pode-haver-greve-no-transporte-publico-da-cidade","status":"publish","type":"post","link":"https:\/\/newsinfoco.com.br\/inicio\/alagoinhas-amanhece-com-os-onibus-da-cidade-alagoinhas-parados-sindicato-sinaliza-que-pode-haver-greve-no-transporte-publico-da-cidade\/","title":{"rendered":"Alagoinhas amanhece com os \u00f4nibus da Cidade Alagoinhas parados; sindicato sinaliza que pode haver greve no transporte p\u00fablico da cidade"},"content":{"rendered":"<p style=\"text-align: justify;\">Hoje(18) os \u00f4nibus pertencentes a empresa Cidade Alagoinhas demoraram mais tempo para sair da garagem. O motivo foi uma manifesta\u00e7\u00e3o promovido pelo sindicato dos rodovi\u00e1rios de Alagoinhas que reivindicam um acordo referente a campanha salarial, cujo as negocia\u00e7\u00f5es come\u00e7aram no inicio deste ano.<\/p>\n<p style=\"text-align: justify;\">A empresa foi escolhida para ser paralisada por pertencer a Raimundo Sterio, presidente do sindicato patronal. O sindicato dos rodovi\u00e1rios, em contato com o site News Infoco, afirmou que j\u00e1 aceitou todas as propostas do sindicato patronal, por\u00e9m n\u00e3o aceitam o fim do plano de sa\u00fade proposto pelos donos das empresas.<\/p><div class=\"newsi-conteudo_19\" id=\"newsi-2734349660\"><a href=\"https:\/\/www.instagram.com\/prefeituraalagoinhas?igsh=YzgzdDJ1bWR3aWI4\" aria-label=\"SAVE_20251006_221555\"><img loading=\"lazy\" decoding=\"async\" src=\"https:\/\/newsinfoco.com.br\/inicio\/wp-content\/uploads\/2025\/10\/SAVE_20251006_221555-rotated.jpg\" alt=\"\"  srcset=\"https:\/\/newsinfoco.com.br\/inicio\/wp-content\/uploads\/2025\/10\/SAVE_20251006_221555-rotated.jpg 1140w, https:\/\/newsinfoco.com.br\/inicio\/wp-content\/uploads\/2025\/10\/SAVE_20251006_221555-300x52.jpg 300w, https:\/\/newsinfoco.com.br\/inicio\/wp-content\/uploads\/2025\/10\/SAVE_20251006_221555-1024x177.jpg 1024w, https:\/\/newsinfoco.com.br\/inicio\/wp-content\/uploads\/2025\/10\/SAVE_20251006_221555-768x133.jpg 768w, https:\/\/newsinfoco.com.br\/inicio\/wp-content\/uploads\/2025\/10\/SAVE_20251006_221555-600x104.jpg 600w, https:\/\/newsinfoco.com.br\/inicio\/wp-content\/uploads\/2025\/10\/SAVE_20251006_221555-696x120.jpg 696w, https:\/\/newsinfoco.com.br\/inicio\/wp-content\/uploads\/2025\/10\/SAVE_20251006_221555-1068x185.jpg 1068w\" sizes=\"(max-width: 1140px) 100vw, 1140px\" width=\"1140\" height=\"197\"   \/><\/a><\/div>\n<p style=\"text-align: justify;\">Os \u00f4nibus da Cidade Alagoinhas s\u00f3 come\u00e7aram a sair da garagem as 7:40 da manh\u00e3, quando uma\u00a0 reuni\u00e3o entre sindicato dos rodovi\u00e1rios e o sindicato patronal foi agendada para as 12 horas desta quinta-feira(18).<\/p>\n<p style=\"text-align: justify;\">O sindicato dos rodovi\u00e1rios afirma que se n\u00e3o houver um acordo, pode ser deflagrada uma greve de todo o transporte p\u00fablico municipal.<\/p>\n<h6 style=\"text-align: right;\"><span style=\"color: #999999;\">Por Caio Pimenta para o News Infoco<\/span><\/h6>\n<div class='share-to-whatsapp-wrapper'><div class='share-on-whsp'>Share on: <\/div><a data-text='Alagoinhas amanhece com os \u00f4nibus da Cidade Alagoinhas parados; sindicato sinaliza que pode haver greve no transporte p\u00fablico da cidade' data-link='https:\/\/newsinfoco.com.br\/inicio\/alagoinhas-amanhece-com-os-onibus-da-cidade-alagoinhas-parados-sindicato-sinaliza-que-pode-haver-greve-no-transporte-publico-da-cidade\/' class='whatsapp-button whatsapp-share'>WhatsApp<\/a><div class='clear '><\/div><\/div>","protected":false},"excerpt":{"rendered":"<p>Hoje(18) os \u00f4nibus pertencentes a empresa Cidade Alagoinhas demoraram mais tempo para sair da garagem. O motivo foi uma manifesta\u00e7\u00e3o promovido pelo sindicato dos rodovi\u00e1rios de Alagoinhas que reivindicam um acordo referente a campanha salarial, cujo as negocia\u00e7\u00f5es come\u00e7aram no inicio deste ano. A empresa foi escolhida para ser paralisada por pertencer a Raimundo Sterio, [&hellip;]<\/p>\n","protected":false},"author":1,"featured_media":7181,"comment_status":"open","ping_status":"open","sticky":false,"template":"","format":"standard","meta":{"om_disable_all_campaigns":false,"_exactmetrics_skip_tracking":false,"_exactmetrics_sitenote_active":false,"_exactmetrics_sitenote_note":"","_exactmetrics_sitenote_category":0,"footnotes":""},"categories":[38,30],"tags":[],"class_list":["post-10626","post","type-post","status-publish","format-standard","has-post-thumbnail","hentry","category-alagoinhas-e-regiao","category-destaque"],"aioseo_notices":[],"_links":{"self":[{"href":"https:\/\/newsinfoco.com.br\/inicio\/wp-json\/wp\/v2\/posts\/10626","targetHints":{"allow":["GET"]}}],"collection":[{"href":"https:\/\/newsinfoco.com.br\/inicio\/wp-json\/wp\/v2\/posts"}],"about":[{"href":"https:\/\/newsinfoco.com.br\/inicio\/wp-json\/wp\/v2\/types\/post"}],"author":[{"embeddable":true,"href":"https:\/\/newsinfoco.com.br\/inicio\/wp-json\/wp\/v2\/users\/1"}],"replies":[{"embeddable":true,"href":"https:\/\/newsinfoco.com.br\/inicio\/wp-json\/wp\/v2\/comments?post=10626"}],"version-history":[{"count":0,"href":"https:\/\/newsinfoco.com.br\/inicio\/wp-json\/wp\/v2\/posts\/10626\/revisions"}],"wp:featuredmedia":[{"embeddable":true,"href":"https:\/\/newsinfoco.com.br\/inicio\/wp-json\/wp\/v2\/media\/7181"}],"wp:attachment":[{"href":"https:\/\/newsinfoco.com.br\/inicio\/wp-json\/wp\/v2\/media?parent=10626"}],"wp:term":[{"taxonomy":"category","embeddable":true,"href":"https:\/\/newsinfoco.com.br\/inicio\/wp-json\/wp\/v2\/categories?post=10626"},{"taxonomy":"post_tag","embeddable":true,"href":"https:\/\/newsinfoco.com.br\/inicio\/wp-json\/wp\/v2\/tags?post=10626"}],"curies":[{"name":"wp","href":"https:\/\/api.w.org\/{rel}","templated":true}]}}