{"id":10636,"date":"2018-10-18T11:43:54","date_gmt":"2018-10-18T14:43:54","guid":{"rendered":"http:\/\/newsinfoco.com.br\/?p=10636"},"modified":"2018-10-18T11:43:54","modified_gmt":"2018-10-18T14:43:54","slug":"temer-reune-ministros-em-meio-a-impasse-sobre-leiloes-da-eletrobras","status":"publish","type":"post","link":"https:\/\/newsinfoco.com.br\/inicio\/temer-reune-ministros-em-meio-a-impasse-sobre-leiloes-da-eletrobras\/","title":{"rendered":"Temer re\u00fane ministros em meio a impasse sobre leil\u00f5es da Eletrobras"},"content":{"rendered":"<p style=\"text-align: justify;\">O presidente Michel Temer coordena hoje (18) reuni\u00e3o com quatro ministros e o presidente da Eletrobras no Pal\u00e1cio do Planalto. A reuni\u00e3o ocorre no momento de um impasse \u2013 o veto do Senado \u00e0 venda de seis distribuidoras da companhia.<\/p>\n<p style=\"text-align: justify;\">Das seis, o governo fez leil\u00e3o de quatro. A venda divide os parlamentares no Congresso Nacional. O assunto causou impactos, inclusive no Ibovespa, \u00edndice da Bolsa de Valores de S\u00e3o Paulo, que abriu o dia em baixa, teve oscila\u00e7\u00e3o e fechou em leve alta. Temer faz a reuni\u00e3o no final da manh\u00e3, com a presen\u00e7a dos ministros Moreira Franco (Minas e Energia), Aloysio Nunes Ferreira (Rela\u00e7\u00f5es Exteriores), Valter Casimiro (Transportes, Portos e Avia\u00e7\u00e3o Civil) e Carlos Marun (Secretaria de Governo da Presid\u00eancia da Rep\u00fablica), al\u00e9m do presidente da Eletrobras, Wilson Ferreira J\u00fanior.<\/p><div class=\"newsi-conteudo_19\" id=\"newsi-2956380352\"><a href=\"https:\/\/www.instagram.com\/prefeituraalagoinhas?igsh=YzgzdDJ1bWR3aWI4\" aria-label=\"SAVE_20251006_221555\"><img loading=\"lazy\" decoding=\"async\" src=\"https:\/\/newsinfoco.com.br\/inicio\/wp-content\/uploads\/2025\/10\/SAVE_20251006_221555-rotated.jpg\" alt=\"\"  srcset=\"https:\/\/newsinfoco.com.br\/inicio\/wp-content\/uploads\/2025\/10\/SAVE_20251006_221555-rotated.jpg 1140w, https:\/\/newsinfoco.com.br\/inicio\/wp-content\/uploads\/2025\/10\/SAVE_20251006_221555-300x52.jpg 300w, https:\/\/newsinfoco.com.br\/inicio\/wp-content\/uploads\/2025\/10\/SAVE_20251006_221555-1024x177.jpg 1024w, https:\/\/newsinfoco.com.br\/inicio\/wp-content\/uploads\/2025\/10\/SAVE_20251006_221555-768x133.jpg 768w, https:\/\/newsinfoco.com.br\/inicio\/wp-content\/uploads\/2025\/10\/SAVE_20251006_221555-600x104.jpg 600w, https:\/\/newsinfoco.com.br\/inicio\/wp-content\/uploads\/2025\/10\/SAVE_20251006_221555-696x120.jpg 696w, https:\/\/newsinfoco.com.br\/inicio\/wp-content\/uploads\/2025\/10\/SAVE_20251006_221555-1068x185.jpg 1068w\" sizes=\"(max-width: 1140px) 100vw, 1140px\" width=\"1140\" height=\"197\"   \/><\/a><\/div>\n<p style=\"text-align: justify;\">Ontem (17) o Senado rejeitou o projeto que facilitava a venda de seis distribuidoras da Eletrobras. Por 34 votos a 18, os senadores derrubaram a mat\u00e9ria e, com isso, ela deixa de tramitar no Congresso Nacional.<\/p>\n<p style=\"text-align: justify;\">A vota\u00e7\u00e3o foi marcada por embate entre representantes de estados do Norte, que seriam atingidos pela medida, e l\u00edderes do governo. Das seis distribuidoras inclu\u00eddas na proposta, o governo fez o leil\u00e3o de quatro: Companhia Energ\u00e9tica do Piau\u00ed (Cepisa), leiloada em julho; Companhia de Eletricidade do Acre (Eletroacre), Centrais El\u00e9tricas de Rond\u00f4nia (Ceron) e Boa Vista Energia, que atende a Roraima.<\/p>\n<p style=\"text-align: justify;\">A Amazonas Distribuidora de Energia teve o leil\u00e3o adiado para a semana que vem. No caso da Companhia Energ\u00e9tica de Alagoas, uma decis\u00e3o judicial suspendeu a privatiza\u00e7\u00e3o.<\/p>\n<h6 style=\"text-align: right;\"><span style=\"color: #999999;\">Agencia Brasil<\/span><\/h6>\n<div class='share-to-whatsapp-wrapper'><div class='share-on-whsp'>Share on: <\/div><a data-text='Temer re\u00fane ministros em meio a impasse sobre leil\u00f5es da Eletrobras' data-link='https:\/\/newsinfoco.com.br\/inicio\/temer-reune-ministros-em-meio-a-impasse-sobre-leiloes-da-eletrobras\/' class='whatsapp-button whatsapp-share'>WhatsApp<\/a><div class='clear '><\/div><\/div>","protected":false},"excerpt":{"rendered":"<p>O presidente Michel Temer coordena hoje (18) reuni\u00e3o com quatro ministros e o presidente da Eletrobras no Pal\u00e1cio do Planalto. A reuni\u00e3o ocorre no momento de um impasse \u2013 o veto do Senado \u00e0 venda de seis distribuidoras da companhia. Das seis, o governo fez leil\u00e3o de quatro. A venda divide os parlamentares no Congresso [&hellip;]<\/p>\n","protected":false},"author":1,"featured_media":9894,"comment_status":"open","ping_status":"open","sticky":false,"template":"","format":"standard","meta":{"om_disable_all_campaigns":false,"_exactmetrics_skip_tracking":false,"_exactmetrics_sitenote_active":false,"_exactmetrics_sitenote_note":"","_exactmetrics_sitenote_category":0,"footnotes":""},"categories":[21],"tags":[],"class_list":["post-10636","post","type-post","status-publish","format-standard","has-post-thumbnail","hentry","category-brasil"],"aioseo_notices":[],"_links":{"self":[{"href":"https:\/\/newsinfoco.com.br\/inicio\/wp-json\/wp\/v2\/posts\/10636","targetHints":{"allow":["GET"]}}],"collection":[{"href":"https:\/\/newsinfoco.com.br\/inicio\/wp-json\/wp\/v2\/posts"}],"about":[{"href":"https:\/\/newsinfoco.com.br\/inicio\/wp-json\/wp\/v2\/types\/post"}],"author":[{"embeddable":true,"href":"https:\/\/newsinfoco.com.br\/inicio\/wp-json\/wp\/v2\/users\/1"}],"replies":[{"embeddable":true,"href":"https:\/\/newsinfoco.com.br\/inicio\/wp-json\/wp\/v2\/comments?post=10636"}],"version-history":[{"count":0,"href":"https:\/\/newsinfoco.com.br\/inicio\/wp-json\/wp\/v2\/posts\/10636\/revisions"}],"wp:featuredmedia":[{"embeddable":true,"href":"https:\/\/newsinfoco.com.br\/inicio\/wp-json\/wp\/v2\/media\/9894"}],"wp:attachment":[{"href":"https:\/\/newsinfoco.com.br\/inicio\/wp-json\/wp\/v2\/media?parent=10636"}],"wp:term":[{"taxonomy":"category","embeddable":true,"href":"https:\/\/newsinfoco.com.br\/inicio\/wp-json\/wp\/v2\/categories?post=10636"},{"taxonomy":"post_tag","embeddable":true,"href":"https:\/\/newsinfoco.com.br\/inicio\/wp-json\/wp\/v2\/tags?post=10636"}],"curies":[{"name":"wp","href":"https:\/\/api.w.org\/{rel}","templated":true}]}}