{"id":1064,"date":"2018-03-12T12:13:16","date_gmt":"2018-03-12T15:13:16","guid":{"rendered":"http:\/\/newsinfoco.com.br\/?p=1064"},"modified":"2018-03-12T12:13:16","modified_gmt":"2018-03-12T15:13:16","slug":"catuprefeitura-lanca-edital-de-projetos-para-quadrilhas-juninas","status":"publish","type":"post","link":"https:\/\/newsinfoco.com.br\/inicio\/catuprefeitura-lanca-edital-de-projetos-para-quadrilhas-juninas\/","title":{"rendered":"CATU:PREFEITURA LAN\u00c7A EDITAL DE PROJETOS PARA QUADRILHAS JUNINAS"},"content":{"rendered":"<p style=\"text-align: justify;\"><span style=\"color: #000000;\">A Prefeitura Municipal de Catu, por meio da Secretaria Municipal de Educa\u00e7\u00e3o e Cultura, torna p\u00fablica a chamada para sele\u00e7\u00e3o e premia\u00e7\u00e3o de projetos culturais para a apresenta\u00e7\u00e3o de Quadrilhas Juninas, a serem executados por pessoas f\u00edsicas e entidades, com ou sem fins lucrativos, obrigando-se ao fiel cumprimento de todas as disposi\u00e7\u00f5es contidas na Lei 8.666\/1993 e na legisla\u00e7\u00e3o municipal.<\/span><\/p>\n<p style=\"text-align: justify;\"><span style=\"color: #000000;\">O objeto do presente Edital a sele\u00e7\u00e3o e premia\u00e7\u00e3o de projetos que visam identificar, difundir e apresentar a cultura dos festejos juninos na cidade de Catu, por meio de quadrilhas juninas.\u00a0Os projetos dever\u00e3o incluir tem\u00e1ticas que mostrem a hist\u00f3ria, a identidade, a arte e a cultura do munic\u00edpio, em homenagem aos 150 anos de sua emancipa\u00e7\u00e3o pol\u00edtica.<\/span><\/p><div class=\"newsi-conteudo_19\" id=\"newsi-3855900983\"><a href=\"https:\/\/www.instagram.com\/prefeituraalagoinhas?igsh=YzgzdDJ1bWR3aWI4\" aria-label=\"SAVE_20251006_221555\"><img loading=\"lazy\" decoding=\"async\" src=\"https:\/\/newsinfoco.com.br\/inicio\/wp-content\/uploads\/2025\/10\/SAVE_20251006_221555-rotated.jpg\" alt=\"\"  srcset=\"https:\/\/newsinfoco.com.br\/inicio\/wp-content\/uploads\/2025\/10\/SAVE_20251006_221555-rotated.jpg 1140w, https:\/\/newsinfoco.com.br\/inicio\/wp-content\/uploads\/2025\/10\/SAVE_20251006_221555-300x52.jpg 300w, https:\/\/newsinfoco.com.br\/inicio\/wp-content\/uploads\/2025\/10\/SAVE_20251006_221555-1024x177.jpg 1024w, https:\/\/newsinfoco.com.br\/inicio\/wp-content\/uploads\/2025\/10\/SAVE_20251006_221555-768x133.jpg 768w, https:\/\/newsinfoco.com.br\/inicio\/wp-content\/uploads\/2025\/10\/SAVE_20251006_221555-600x104.jpg 600w, https:\/\/newsinfoco.com.br\/inicio\/wp-content\/uploads\/2025\/10\/SAVE_20251006_221555-696x120.jpg 696w, https:\/\/newsinfoco.com.br\/inicio\/wp-content\/uploads\/2025\/10\/SAVE_20251006_221555-1068x185.jpg 1068w\" sizes=\"(max-width: 1140px) 100vw, 1140px\" width=\"1140\" height=\"197\"   \/><\/a><\/div>\n<p style=\"text-align: justify;\"><span style=\"color: #000000;\">As inscri\u00e7\u00f5es dos projetos ser\u00e3o realizadas no Departamento de Cultura da Secretaria Municipal de Educa\u00e7\u00e3o e Cultura, localizada no Centro Administrativo, s\/n, Avenida Geonisio Barroso, Catu \u2013 BA, no per\u00edodo de 06 a 20 de mar\u00e7o de 2018, no hor\u00e1rio das 08 \u00e0s 14h.<\/span><\/p>\n<p>&nbsp;<\/p>\n<p>&nbsp;<\/p>\n<h6 style=\"text-align: right;\"><span style=\"color: #999999;\">Fonte:Ascom-PMC<\/span><\/h6>\n<div class='share-to-whatsapp-wrapper'><div class='share-on-whsp'>Share on: <\/div><a data-text='CATU:PREFEITURA LAN\u00c7A EDITAL DE PROJETOS PARA QUADRILHAS JUNINAS' data-link='https:\/\/newsinfoco.com.br\/inicio\/catuprefeitura-lanca-edital-de-projetos-para-quadrilhas-juninas\/' class='whatsapp-button whatsapp-share'>WhatsApp<\/a><div class='clear '><\/div><\/div>","protected":false},"excerpt":{"rendered":"<p>A Prefeitura Municipal de Catu, por meio da Secretaria Municipal de Educa\u00e7\u00e3o e Cultura, torna p\u00fablica a chamada para sele\u00e7\u00e3o e premia\u00e7\u00e3o de projetos culturais para a apresenta\u00e7\u00e3o de Quadrilhas Juninas, a serem executados por pessoas f\u00edsicas e entidades, com ou sem fins lucrativos, obrigando-se ao fiel cumprimento de todas as disposi\u00e7\u00f5es contidas na Lei [&hellip;]<\/p>\n","protected":false},"author":1,"featured_media":1065,"comment_status":"open","ping_status":"open","sticky":false,"template":"","format":"standard","meta":{"om_disable_all_campaigns":false,"_exactmetrics_skip_tracking":false,"_exactmetrics_sitenote_active":false,"_exactmetrics_sitenote_note":"","_exactmetrics_sitenote_category":0,"footnotes":""},"categories":[38],"tags":[],"class_list":["post-1064","post","type-post","status-publish","format-standard","has-post-thumbnail","hentry","category-alagoinhas-e-regiao"],"aioseo_notices":[],"_links":{"self":[{"href":"https:\/\/newsinfoco.com.br\/inicio\/wp-json\/wp\/v2\/posts\/1064","targetHints":{"allow":["GET"]}}],"collection":[{"href":"https:\/\/newsinfoco.com.br\/inicio\/wp-json\/wp\/v2\/posts"}],"about":[{"href":"https:\/\/newsinfoco.com.br\/inicio\/wp-json\/wp\/v2\/types\/post"}],"author":[{"embeddable":true,"href":"https:\/\/newsinfoco.com.br\/inicio\/wp-json\/wp\/v2\/users\/1"}],"replies":[{"embeddable":true,"href":"https:\/\/newsinfoco.com.br\/inicio\/wp-json\/wp\/v2\/comments?post=1064"}],"version-history":[{"count":0,"href":"https:\/\/newsinfoco.com.br\/inicio\/wp-json\/wp\/v2\/posts\/1064\/revisions"}],"wp:featuredmedia":[{"embeddable":true,"href":"https:\/\/newsinfoco.com.br\/inicio\/wp-json\/wp\/v2\/media\/1065"}],"wp:attachment":[{"href":"https:\/\/newsinfoco.com.br\/inicio\/wp-json\/wp\/v2\/media?parent=1064"}],"wp:term":[{"taxonomy":"category","embeddable":true,"href":"https:\/\/newsinfoco.com.br\/inicio\/wp-json\/wp\/v2\/categories?post=1064"},{"taxonomy":"post_tag","embeddable":true,"href":"https:\/\/newsinfoco.com.br\/inicio\/wp-json\/wp\/v2\/tags?post=1064"}],"curies":[{"name":"wp","href":"https:\/\/api.w.org\/{rel}","templated":true}]}}