{"id":10641,"date":"2018-10-18T11:51:21","date_gmt":"2018-10-18T14:51:21","guid":{"rendered":"http:\/\/newsinfoco.com.br\/?p=10641"},"modified":"2018-10-18T11:51:21","modified_gmt":"2018-10-18T14:51:21","slug":"centrao-reage-a-investida-do-psl-na-camara","status":"publish","type":"post","link":"https:\/\/newsinfoco.com.br\/inicio\/centrao-reage-a-investida-do-psl-na-camara\/","title":{"rendered":"Centr\u00e3o reage a investida do PSL na C\u00e2mara"},"content":{"rendered":"<p style=\"text-align: justify;\">A disputa pelo comando da C\u00e2mara est\u00e1 causando atritos entre o PSL do deputado Jair Bolsonaro (RJ), l\u00edder nas pesquisas de inten\u00e7\u00e3o de voto para a Presid\u00eancia, e o bloco conhecido como Centr\u00e3o, fiel da balan\u00e7a nas vota\u00e7\u00f5es da Casa.<\/p>\n<p style=\"text-align: justify;\">Dirigentes do grupo formado por DEM, PP, PR, PRB e Solidariedade dizem que, se Bolsonaro for eleito e quiser \u201catropelar\u201d o centro, enfrentar\u00e1 forte oposi\u00e7\u00e3o desde o in\u00edcio do mandato.<\/p><div class=\"newsi-conteudo_19\" id=\"newsi-1116513658\"><a href=\"https:\/\/www.instagram.com\/prefeituraalagoinhas?igsh=YzgzdDJ1bWR3aWI4\" aria-label=\"SAVE_20251006_221555\"><img loading=\"lazy\" decoding=\"async\" src=\"https:\/\/newsinfoco.com.br\/inicio\/wp-content\/uploads\/2025\/10\/SAVE_20251006_221555-rotated.jpg\" alt=\"\"  srcset=\"https:\/\/newsinfoco.com.br\/inicio\/wp-content\/uploads\/2025\/10\/SAVE_20251006_221555-rotated.jpg 1140w, https:\/\/newsinfoco.com.br\/inicio\/wp-content\/uploads\/2025\/10\/SAVE_20251006_221555-300x52.jpg 300w, https:\/\/newsinfoco.com.br\/inicio\/wp-content\/uploads\/2025\/10\/SAVE_20251006_221555-1024x177.jpg 1024w, https:\/\/newsinfoco.com.br\/inicio\/wp-content\/uploads\/2025\/10\/SAVE_20251006_221555-768x133.jpg 768w, https:\/\/newsinfoco.com.br\/inicio\/wp-content\/uploads\/2025\/10\/SAVE_20251006_221555-600x104.jpg 600w, https:\/\/newsinfoco.com.br\/inicio\/wp-content\/uploads\/2025\/10\/SAVE_20251006_221555-696x120.jpg 696w, https:\/\/newsinfoco.com.br\/inicio\/wp-content\/uploads\/2025\/10\/SAVE_20251006_221555-1068x185.jpg 1068w\" sizes=\"(max-width: 1140px) 100vw, 1140px\" width=\"1140\" height=\"197\"   \/><\/a><\/div>\n<p style=\"text-align: justify;\">Na tentativa de amenizar o mal-estar, o senador eleito Major Ol\u00edmpio, presidente do PSL paulista, afirmou que o assunto n\u00e3o est\u00e1 sendo objeto de discuss\u00e3o. \u201cO importante \u00e9 ter um alinhamento que d\u00ea solidez ao futuro governo\u201d, afirmou ele.<\/p>\n<p style=\"text-align: justify;\">Na v\u00e9spera, por\u00e9m, Ol\u00edmpio havia confirmado ao Estado a disposi\u00e7\u00e3o do PSL para indicar o deputado Eduardo Bolsonaro (SP), filho do capit\u00e3o reformado do Ex\u00e9rcito, \u00e0 cadeira hoje ocupada por Rodrigo Maia (DEM-RJ). A defesa da indica\u00e7\u00e3o foi feita pelo general Roberto Sebasti\u00e3o Peternelli J\u00fanior, coordenador das candidaturas de militares das For\u00e7as Armadas e deputado eleito.<\/p>\n<p style=\"text-align: justify;\">As articula\u00e7\u00f5es do PSL irritaram o Centr\u00e3o, uma vez que a maioria do bloco apoia a recondu\u00e7\u00e3o de Maia \u00e0 presid\u00eancia da C\u00e2mara. Al\u00e9m disso, o deputado Capit\u00e3o Augusto (PR-SP), que integra o grupo, tamb\u00e9m quer lan\u00e7ar sua candidatura e nesta quarta-feira, 17, foi at\u00e9 a resid\u00eancia oficial de Maia para comunicar a decis\u00e3o.<\/p>\n<p style=\"text-align: justify;\">\u201cEstou trabalhando alinhado com o Bolsonaro e pretendo disputar com Maia\u201d, disse Capit\u00e3o Augusto, que em dezembro comandar\u00e1 a Frente Parlamentar da Seguran\u00e7a P\u00fablica. \u201cO Eduardo tem 32 anos, n\u00e3o pode assumir, por causa da linha sucess\u00f3ria da Presid\u00eancia. Mas quem vai decidir isso no PSL \u00e9 o zero um\u201d, completou, numa refer\u00eancia \u00e0 express\u00e3o militar usada por Bolsonaro.<\/p>\n<p style=\"text-align: justify;\">A inten\u00e7\u00e3o manifestada pelo candidato do PSL de, se eleito, chamar bancadas parlamentares, e n\u00e3o partidos, para negocia\u00e7\u00f5es pol\u00edticas tamb\u00e9m vem sendo alvo de cr\u00edticas do Centr\u00e3o, que apoiou Geraldo Alckmin (PSDB) no primeiro turno da corrida presidencial.<\/p>\n<p style=\"text-align: justify;\">\u201cA culpa de o Fernando Haddad, do PT, ter ido para o segundo turno com Bolsonaro \u00e9 nossa, do Centr\u00e3o, porque dever\u00edamos ter apoiado Ciro Gomes (PDT), e n\u00e3o Alckmin\u201d, disse o deputado Paulo Pereira da Silva (SP), presidente do Solidariedade. \u201cCom o tempo de TV que o bloco tinha, haveria chance de levar Ciro para o segundo turno, mas fomos voto vencido. Agora, vamos ver o que vai acontecer.\u201d<\/p>\n<h6 style=\"text-align: right;\"><span style=\"color: #999999;\">Estad\u00e3o<\/span><\/h6>\n<div class='share-to-whatsapp-wrapper'><div class='share-on-whsp'>Share on: <\/div><a data-text='Centr\u00e3o reage a investida do PSL na C\u00e2mara' data-link='https:\/\/newsinfoco.com.br\/inicio\/centrao-reage-a-investida-do-psl-na-camara\/' class='whatsapp-button whatsapp-share'>WhatsApp<\/a><div class='clear '><\/div><\/div>","protected":false},"excerpt":{"rendered":"<p>A disputa pelo comando da C\u00e2mara est\u00e1 causando atritos entre o PSL do deputado Jair Bolsonaro (RJ), l\u00edder nas pesquisas de inten\u00e7\u00e3o de voto para a Presid\u00eancia, e o bloco conhecido como Centr\u00e3o, fiel da balan\u00e7a nas vota\u00e7\u00f5es da Casa. Dirigentes do grupo formado por DEM, PP, PR, PRB e Solidariedade dizem que, se Bolsonaro [&hellip;]<\/p>\n","protected":false},"author":1,"featured_media":10642,"comment_status":"open","ping_status":"open","sticky":false,"template":"","format":"standard","meta":{"om_disable_all_campaigns":false,"_exactmetrics_skip_tracking":false,"_exactmetrics_sitenote_active":false,"_exactmetrics_sitenote_note":"","_exactmetrics_sitenote_category":0,"footnotes":""},"categories":[21],"tags":[],"class_list":["post-10641","post","type-post","status-publish","format-standard","has-post-thumbnail","hentry","category-brasil"],"aioseo_notices":[],"_links":{"self":[{"href":"https:\/\/newsinfoco.com.br\/inicio\/wp-json\/wp\/v2\/posts\/10641","targetHints":{"allow":["GET"]}}],"collection":[{"href":"https:\/\/newsinfoco.com.br\/inicio\/wp-json\/wp\/v2\/posts"}],"about":[{"href":"https:\/\/newsinfoco.com.br\/inicio\/wp-json\/wp\/v2\/types\/post"}],"author":[{"embeddable":true,"href":"https:\/\/newsinfoco.com.br\/inicio\/wp-json\/wp\/v2\/users\/1"}],"replies":[{"embeddable":true,"href":"https:\/\/newsinfoco.com.br\/inicio\/wp-json\/wp\/v2\/comments?post=10641"}],"version-history":[{"count":0,"href":"https:\/\/newsinfoco.com.br\/inicio\/wp-json\/wp\/v2\/posts\/10641\/revisions"}],"wp:featuredmedia":[{"embeddable":true,"href":"https:\/\/newsinfoco.com.br\/inicio\/wp-json\/wp\/v2\/media\/10642"}],"wp:attachment":[{"href":"https:\/\/newsinfoco.com.br\/inicio\/wp-json\/wp\/v2\/media?parent=10641"}],"wp:term":[{"taxonomy":"category","embeddable":true,"href":"https:\/\/newsinfoco.com.br\/inicio\/wp-json\/wp\/v2\/categories?post=10641"},{"taxonomy":"post_tag","embeddable":true,"href":"https:\/\/newsinfoco.com.br\/inicio\/wp-json\/wp\/v2\/tags?post=10641"}],"curies":[{"name":"wp","href":"https:\/\/api.w.org\/{rel}","templated":true}]}}