{"id":10647,"date":"2018-10-18T18:46:17","date_gmt":"2018-10-18T21:46:17","guid":{"rendered":"http:\/\/newsinfoco.com.br\/?p=10647"},"modified":"2018-10-18T18:46:17","modified_gmt":"2018-10-18T21:46:17","slug":"saae-finaliza-oficina-de-jardinagem-e-arborizacao-no-mangalo","status":"publish","type":"post","link":"https:\/\/newsinfoco.com.br\/inicio\/saae-finaliza-oficina-de-jardinagem-e-arborizacao-no-mangalo\/","title":{"rendered":"SAAE finaliza oficina de jardinagem e arboriza\u00e7\u00e3o no Mangal\u00f4"},"content":{"rendered":"<p style=\"text-align: justify;\"><span style=\"color: #000000;\">O Servi\u00e7o Aut\u00f4nomo de \u00c1gua e Esgoto (SAAE) Alagoinhas finalizou, na quarta-feira (17), a oficina de jardinagem e arboriza\u00e7\u00e3o no bairro Mangal\u00f4.<\/span><\/p>\n<p style=\"text-align: justify;\"><span style=\"color: #000000;\">A atividade, que fez parte das a\u00e7\u00f5es sociais desencadeadas pelo Programa de Acelera\u00e7\u00e3o do Crescimento (PAC 1), teve como objetivo proporcionar aos moradores da localidade a possibilidade de desenvolver habilidades para execu\u00e7\u00e3o de jardins e disseminar a import\u00e2ncia do plantio de \u00e1rvores.<\/span><\/p><div class=\"newsi-conteudo_19\" id=\"newsi-3036111849\"><a href=\"https:\/\/www.instagram.com\/prefeituraalagoinhas?igsh=YzgzdDJ1bWR3aWI4\" aria-label=\"SAVE_20251006_221555\"><img loading=\"lazy\" decoding=\"async\" src=\"https:\/\/newsinfoco.com.br\/inicio\/wp-content\/uploads\/2025\/10\/SAVE_20251006_221555-rotated.jpg\" alt=\"\"  srcset=\"https:\/\/newsinfoco.com.br\/inicio\/wp-content\/uploads\/2025\/10\/SAVE_20251006_221555-rotated.jpg 1140w, https:\/\/newsinfoco.com.br\/inicio\/wp-content\/uploads\/2025\/10\/SAVE_20251006_221555-300x52.jpg 300w, https:\/\/newsinfoco.com.br\/inicio\/wp-content\/uploads\/2025\/10\/SAVE_20251006_221555-1024x177.jpg 1024w, https:\/\/newsinfoco.com.br\/inicio\/wp-content\/uploads\/2025\/10\/SAVE_20251006_221555-768x133.jpg 768w, https:\/\/newsinfoco.com.br\/inicio\/wp-content\/uploads\/2025\/10\/SAVE_20251006_221555-600x104.jpg 600w, https:\/\/newsinfoco.com.br\/inicio\/wp-content\/uploads\/2025\/10\/SAVE_20251006_221555-696x120.jpg 696w, https:\/\/newsinfoco.com.br\/inicio\/wp-content\/uploads\/2025\/10\/SAVE_20251006_221555-1068x185.jpg 1068w\" sizes=\"(max-width: 1140px) 100vw, 1140px\" width=\"1140\" height=\"197\"   \/><\/a><\/div>\n<p style=\"text-align: justify;\"><span style=\"color: #000000;\">As aulas te\u00f3ricas e pr\u00e1ticas, ministradas pelo instrutor C\u00e9lio Mendes, contabilizaram um total de 72 horas, durante as quais os participantes aprenderam desde as particularidades do plantio at\u00e9 a manuten\u00e7\u00e3o dos canteiros de jardinagem. Ao final entregaram a pra\u00e7a local revitalizada.<\/span><\/p>\n<p style=\"text-align: justify;\"><span style=\"color: #000000;\">Para Renilson da Anuncia\u00e7\u00e3o Santos, estudante de T\u00e9cnico em Meio Ambiente, a participa\u00e7\u00e3o foi v\u00e1lida, entre outras raz\u00f5es, por ter tido a primeira oportunidade de acesso ao passo a passo das t\u00e9cnicas para a cria\u00e7\u00e3o de jardim e planta\u00e7\u00e3o de \u00e1rvores.<\/span><\/p>\n<p style=\"text-align: justify;\"><span style=\"color: #000000;\">Ana Maria de Santana, tamb\u00e9m estudante de T\u00e9cnico em Meio Ambiente, viu a iniciativa como um ponto positivo e uma chance para aprimorar seus conhecimentos. \u201cTudo que a gente aprendeu aqui vai levar para a vida\u201d, afirmou, ressaltando que o resultado da pra\u00e7a \u00e9 um bem para toda a comunidade, um ambiente de lazer.<\/span><\/p>\n<p style=\"text-align: justify;\">\n<p style=\"text-align: justify;\"><span style=\"color: #000000;\"><em>Al\u00e9m do atendimento presencial no Posto de Atendimento (Rua Moreira Rego,9977, Centro), h\u00e1 o WhatsApp e o Call Center. Pelo aplicativo, basta enviar uma mensagem (75) 981804500; o retorno sempre \u00e9 instant\u00e2neo. Pelo Call Center, \u00e9 s\u00f3 ligar gratuitamente para 0800 702 7065.<\/em><\/span><\/p>\n<p style=\"text-align: justify;\">\n<p style=\"text-align: justify;\"><span style=\"color: #000000;\"><strong>ASCOM<\/strong><\/span><br \/>\n<span style=\"color: #000000;\">Servi\u00e7o Aut\u00f4nomo de \u00c1gua e Esgoto \u2013 SAAE Alagoinhas<\/span><br \/>\n<span style=\"color: #000000;\">E-mail: ascom.saae@alagoinhas.ba.gov.br<\/span><br \/>\n<span style=\"color: #000000;\">Telefone: (75) 31826031<\/span><\/p>\n<p style=\"text-align: justify;\"><span style=\"color: #000000;\"><strong>Redes Sociais<\/strong><\/span><br \/>\n<span style=\"color: #000000;\">Facebook: www.facebook.com\/saaedealagoinhas<\/span><br \/>\n<span style=\"color: #000000;\">Instagram: www.instagram.com\/saaealagoinhas<\/span><br \/>\n<span style=\"color: #000000;\">Site: www.saae.alagoinhas.ba.gov.br<\/span><\/p>\n<h6 style=\"text-align: right;\" align=\"right\"><span style=\"color: #999999;\">Fonte: SECOM SAAE<\/span><\/h6>\n<div class='share-to-whatsapp-wrapper'><div class='share-on-whsp'>Share on: <\/div><a data-text='SAAE finaliza oficina de jardinagem e arboriza\u00e7\u00e3o no Mangal\u00f4' data-link='https:\/\/newsinfoco.com.br\/inicio\/saae-finaliza-oficina-de-jardinagem-e-arborizacao-no-mangalo\/' class='whatsapp-button whatsapp-share'>WhatsApp<\/a><div class='clear '><\/div><\/div>","protected":false},"excerpt":{"rendered":"<p>O Servi\u00e7o Aut\u00f4nomo de \u00c1gua e Esgoto (SAAE) Alagoinhas finalizou, na quarta-feira (17), a oficina de jardinagem e arboriza\u00e7\u00e3o no bairro Mangal\u00f4. A atividade, que fez parte das a\u00e7\u00f5es sociais desencadeadas pelo Programa de Acelera\u00e7\u00e3o do Crescimento (PAC 1), teve como objetivo proporcionar aos moradores da localidade a possibilidade de desenvolver habilidades para execu\u00e7\u00e3o de [&hellip;]<\/p>\n","protected":false},"author":1,"featured_media":9397,"comment_status":"open","ping_status":"open","sticky":false,"template":"","format":"standard","meta":{"om_disable_all_campaigns":false,"_exactmetrics_skip_tracking":false,"_exactmetrics_sitenote_active":false,"_exactmetrics_sitenote_note":"","_exactmetrics_sitenote_category":0,"footnotes":""},"categories":[38,30],"tags":[53,54,123],"class_list":["post-10647","post","type-post","status-publish","format-standard","has-post-thumbnail","hentry","category-alagoinhas-e-regiao","category-destaque","tag-alagoinhas","tag-prefeitura","tag-secom-saae"],"aioseo_notices":[],"_links":{"self":[{"href":"https:\/\/newsinfoco.com.br\/inicio\/wp-json\/wp\/v2\/posts\/10647","targetHints":{"allow":["GET"]}}],"collection":[{"href":"https:\/\/newsinfoco.com.br\/inicio\/wp-json\/wp\/v2\/posts"}],"about":[{"href":"https:\/\/newsinfoco.com.br\/inicio\/wp-json\/wp\/v2\/types\/post"}],"author":[{"embeddable":true,"href":"https:\/\/newsinfoco.com.br\/inicio\/wp-json\/wp\/v2\/users\/1"}],"replies":[{"embeddable":true,"href":"https:\/\/newsinfoco.com.br\/inicio\/wp-json\/wp\/v2\/comments?post=10647"}],"version-history":[{"count":0,"href":"https:\/\/newsinfoco.com.br\/inicio\/wp-json\/wp\/v2\/posts\/10647\/revisions"}],"wp:featuredmedia":[{"embeddable":true,"href":"https:\/\/newsinfoco.com.br\/inicio\/wp-json\/wp\/v2\/media\/9397"}],"wp:attachment":[{"href":"https:\/\/newsinfoco.com.br\/inicio\/wp-json\/wp\/v2\/media?parent=10647"}],"wp:term":[{"taxonomy":"category","embeddable":true,"href":"https:\/\/newsinfoco.com.br\/inicio\/wp-json\/wp\/v2\/categories?post=10647"},{"taxonomy":"post_tag","embeddable":true,"href":"https:\/\/newsinfoco.com.br\/inicio\/wp-json\/wp\/v2\/tags?post=10647"}],"curies":[{"name":"wp","href":"https:\/\/api.w.org\/{rel}","templated":true}]}}