{"id":10649,"date":"2018-10-18T18:51:17","date_gmt":"2018-10-18T21:51:17","guid":{"rendered":"http:\/\/newsinfoco.com.br\/?p=10649"},"modified":"2018-10-18T18:51:17","modified_gmt":"2018-10-18T21:51:17","slug":"prefeitura-inaugura-nova-base-do-samu-nesta-sexta-feira-19","status":"publish","type":"post","link":"https:\/\/newsinfoco.com.br\/inicio\/prefeitura-inaugura-nova-base-do-samu-nesta-sexta-feira-19\/","title":{"rendered":"Prefeitura inaugura nova base do SAMU nesta sexta-feira (19)"},"content":{"rendered":"<p style=\"text-align: justify;\"><span style=\"color: #000000;\">Ap\u00f3s realizar 4 grandes entregas \u00e0 Aten\u00e7\u00e3o B\u00e1sica, no in\u00edcio do m\u00eas, a Prefeitura de Alagoinhas, por interm\u00e9dio da Secretaria Municipal de Sa\u00fade (SESAU), inaugura, nesta sexta-feira (19), a nova base do SAMU, com um investimento de quase R$ 30 mil no servi\u00e7o de m\u00e9dia complexidade que funciona ininterruptamente para garantir o socorro r\u00e1pido \u00e0 popula\u00e7\u00e3o em situa\u00e7\u00f5es de urg\u00eancia e emerg\u00eancia.<\/span><\/p>\n<p style=\"text-align: justify;\"><span style=\"color: #000000;\">A solenidade de inaugura\u00e7\u00e3o do espa\u00e7o ser\u00e1 realizada \u00e0s 18h, nos lotes 11 e 12 do Jardim Petrolar, Q. 19, pr\u00f3xima \u00e0 entrada do Clube ASFEB, onde est\u00e1 localizada a nova sede.<\/span><\/p><div class=\"newsi-conteudo_19\" id=\"newsi-3323259066\"><a href=\"https:\/\/www.instagram.com\/prefeituraalagoinhas?igsh=YzgzdDJ1bWR3aWI4\" aria-label=\"SAVE_20251006_221555\"><img loading=\"lazy\" decoding=\"async\" src=\"https:\/\/newsinfoco.com.br\/inicio\/wp-content\/uploads\/2025\/10\/SAVE_20251006_221555-rotated.jpg\" alt=\"\"  srcset=\"https:\/\/newsinfoco.com.br\/inicio\/wp-content\/uploads\/2025\/10\/SAVE_20251006_221555-rotated.jpg 1140w, https:\/\/newsinfoco.com.br\/inicio\/wp-content\/uploads\/2025\/10\/SAVE_20251006_221555-300x52.jpg 300w, https:\/\/newsinfoco.com.br\/inicio\/wp-content\/uploads\/2025\/10\/SAVE_20251006_221555-1024x177.jpg 1024w, https:\/\/newsinfoco.com.br\/inicio\/wp-content\/uploads\/2025\/10\/SAVE_20251006_221555-768x133.jpg 768w, https:\/\/newsinfoco.com.br\/inicio\/wp-content\/uploads\/2025\/10\/SAVE_20251006_221555-600x104.jpg 600w, https:\/\/newsinfoco.com.br\/inicio\/wp-content\/uploads\/2025\/10\/SAVE_20251006_221555-696x120.jpg 696w, https:\/\/newsinfoco.com.br\/inicio\/wp-content\/uploads\/2025\/10\/SAVE_20251006_221555-1068x185.jpg 1068w\" sizes=\"(max-width: 1140px) 100vw, 1140px\" width=\"1140\" height=\"197\"   \/><\/a><\/div>\n<p style=\"text-align: justify;\"><span style=\"color: #000000;\">No total, ser\u00e3o 17 munic\u00edpios da \u00e1rea de abrang\u00eancia beneficiados com a nova base, que conta agora com sala, copa, quarto de descanso para profissionais, estacionamento permanente para ambul\u00e2ncias, almoxarifado e dep\u00f3sito, em uma estrutura completamente equipada de acordo com as portarias estabelecidas pelo Minist\u00e9rio da Sa\u00fade.<\/span><\/p>\n<p style=\"text-align: justify;\"><span style=\"color: #000000;\">\u201cVamos garantir a efetividade do servi\u00e7o, otimizando o tempo-resposta entre a chamada da popula\u00e7\u00e3o e fortalecendo o encaminhamento ao servi\u00e7o hospitalar de refer\u00eancia. \u00c9 preciso ressaltar que as pessoas n\u00e3o v\u00e3o para a base do SAMU. Elas ligam e n\u00f3s prestamos o atendimento. Com a nova estrutura, vamos acomodar melhor a parte administrativa do servi\u00e7o e os profissionais, assegurando o atendimento imediato \u00e0s chamadas\u201d, pontuou Silvia Telles, diretora do SAMU.<\/span><\/p>\n<p style=\"text-align: justify;\"><span style=\"color: #000000;\">Com o investimento, o servi\u00e7o, que opera com 2 ambul\u00e2ncias de suporte b\u00e1sico e uma de suporte avan\u00e7ado, deve trazer melhorias a m\u00e9dicos, enfermeiros, coordenadores, t\u00e9cnicos de enfermagem e condutores que trabalham no setor. \u201cS\u00e3o investimentos que transformam a realidade do acolhimento em sa\u00fade no munic\u00edpio. Este \u00e9 um servi\u00e7o que, por si s\u00f3, j\u00e1 se define e se respalda pela pr\u00f3pria import\u00e2ncia. A mudan\u00e7a de espa\u00e7o \u00e9 providencial. N\u00e3o apenas porque o estado vai necessitar daquele local para a instala\u00e7\u00e3o do Hemoba, mas para alocar o servi\u00e7o em um espa\u00e7o que ofere\u00e7a melhor conforto \u00e0 equipe. Quando a equipe est\u00e1 em um espa\u00e7o mais adequado, a presta\u00e7\u00e3o de servi\u00e7os tamb\u00e9m acaba sendo mais qualificada, ent\u00e3o se j\u00e1 atend\u00edamos \u00e0s normas preconizadas pelo Minist\u00e9rio da Sa\u00fade, agora vamos poder otimizar isso exponencialmente. \u00c9 mais um ponto de aten\u00e7\u00e3o de assist\u00eancia na rede qualificada\u201d, destacou o secret\u00e1rio municipal de sa\u00fade Moacir Lira.<\/span><\/p>\n<p style=\"text-align: justify;\"><span style=\"color: #000000;\">A SESAU informou que o SAMU presta socorro em qualquer lugar, seja ele privado ou p\u00fablico, ap\u00f3s chamada gratuita feita atrav\u00e9s do 192 e que, mesmo com a mudan\u00e7a, o servi\u00e7o ser\u00e1 cont\u00ednuo, ininterrupto, sem preju\u00edzo para a popula\u00e7\u00e3o. A partir desta sexta-feira (19), os profissionais j\u00e1 estar\u00e3o operando na nova base.<\/span><\/p>\n<p><img decoding=\"async\" src=\"https:\/\/www.alagoinhas.ba.gov.br\/wp-content\/uploads\/2018\/10\/WhatsApp-Image-2018-10-17-at-13.58.25-1024x1024.jpeg\" \/><\/p>\n<h6 style=\"text-align: right;\"><span style=\"color: #999999;\">Fonte: SECOM SESAU<\/span><\/h6>\n<div class='share-to-whatsapp-wrapper'><div class='share-on-whsp'>Share on: <\/div><a data-text='Prefeitura inaugura nova base do SAMU nesta sexta-feira (19)' data-link='https:\/\/newsinfoco.com.br\/inicio\/prefeitura-inaugura-nova-base-do-samu-nesta-sexta-feira-19\/' class='whatsapp-button whatsapp-share'>WhatsApp<\/a><div class='clear '><\/div><\/div>","protected":false},"excerpt":{"rendered":"<p>Ap\u00f3s realizar 4 grandes entregas \u00e0 Aten\u00e7\u00e3o B\u00e1sica, no in\u00edcio do m\u00eas, a Prefeitura de Alagoinhas, por interm\u00e9dio da Secretaria Municipal de Sa\u00fade (SESAU), inaugura, nesta sexta-feira (19), a nova base do SAMU, com um investimento de quase R$ 30 mil no servi\u00e7o de m\u00e9dia complexidade que funciona ininterruptamente para garantir o socorro r\u00e1pido \u00e0 [&hellip;]<\/p>\n","protected":false},"author":1,"featured_media":10650,"comment_status":"open","ping_status":"open","sticky":false,"template":"","format":"standard","meta":{"om_disable_all_campaigns":false,"_exactmetrics_skip_tracking":false,"_exactmetrics_sitenote_active":false,"_exactmetrics_sitenote_note":"","_exactmetrics_sitenote_category":0,"footnotes":""},"categories":[38,30],"tags":[53,54,101],"class_list":["post-10649","post","type-post","status-publish","format-standard","has-post-thumbnail","hentry","category-alagoinhas-e-regiao","category-destaque","tag-alagoinhas","tag-prefeitura","tag-secom-sesau"],"aioseo_notices":[],"_links":{"self":[{"href":"https:\/\/newsinfoco.com.br\/inicio\/wp-json\/wp\/v2\/posts\/10649","targetHints":{"allow":["GET"]}}],"collection":[{"href":"https:\/\/newsinfoco.com.br\/inicio\/wp-json\/wp\/v2\/posts"}],"about":[{"href":"https:\/\/newsinfoco.com.br\/inicio\/wp-json\/wp\/v2\/types\/post"}],"author":[{"embeddable":true,"href":"https:\/\/newsinfoco.com.br\/inicio\/wp-json\/wp\/v2\/users\/1"}],"replies":[{"embeddable":true,"href":"https:\/\/newsinfoco.com.br\/inicio\/wp-json\/wp\/v2\/comments?post=10649"}],"version-history":[{"count":0,"href":"https:\/\/newsinfoco.com.br\/inicio\/wp-json\/wp\/v2\/posts\/10649\/revisions"}],"wp:featuredmedia":[{"embeddable":true,"href":"https:\/\/newsinfoco.com.br\/inicio\/wp-json\/wp\/v2\/media\/10650"}],"wp:attachment":[{"href":"https:\/\/newsinfoco.com.br\/inicio\/wp-json\/wp\/v2\/media?parent=10649"}],"wp:term":[{"taxonomy":"category","embeddable":true,"href":"https:\/\/newsinfoco.com.br\/inicio\/wp-json\/wp\/v2\/categories?post=10649"},{"taxonomy":"post_tag","embeddable":true,"href":"https:\/\/newsinfoco.com.br\/inicio\/wp-json\/wp\/v2\/tags?post=10649"}],"curies":[{"name":"wp","href":"https:\/\/api.w.org\/{rel}","templated":true}]}}