{"id":10652,"date":"2018-10-18T18:56:50","date_gmt":"2018-10-18T21:56:50","guid":{"rendered":"http:\/\/newsinfoco.com.br\/?p=10652"},"modified":"2018-10-18T18:56:50","modified_gmt":"2018-10-18T21:56:50","slug":"outubro-rosa-acao-da-semas-oferece-apoio-e-cuidados-para-mulheres-com-cancer-de-mama","status":"publish","type":"post","link":"https:\/\/newsinfoco.com.br\/inicio\/outubro-rosa-acao-da-semas-oferece-apoio-e-cuidados-para-mulheres-com-cancer-de-mama\/","title":{"rendered":"Outubro Rosa: A\u00e7\u00e3o da Semas oferece apoio e cuidados para mulheres com c\u00e2ncer de mama"},"content":{"rendered":"<p style=\"text-align: justify;\"><span style=\"color: #000000;\">Conhecido mundialmente, Outubro Rosa e dedicado \u00e0 luta contra o c\u00e2ncer de mama. A campanha remete \u00e0 cor do la\u00e7o que simboliza a luta para a preven\u00e7\u00e3o e diagn\u00f3stico precoce. Em alus\u00e3o \u00e0 campanha e com objetivo de direcionar o olhar para o p\u00f3s-diagn\u00f3stico e \u00e0s fases de tratamento da doen\u00e7a, a Secretaria de Assist\u00eancia Social(SEMAS), por meio da Coordena\u00e7\u00e3o de Pol\u00edticas P\u00fablicas para as Mulheres, realizou, nesta quarta-feira(17), na sede Centro de Refer\u00eancia em Atendimento \u00e0 Mulher (CRAM), uma tarde de mimos e cuidados para as mulheres da Associa\u00e7\u00e3o de Oncologia Nova Vida.<\/span><\/p>\n<p><img decoding=\"async\" src=\"https:\/\/www.alagoinhas.ba.gov.br\/wp-content\/uploads\/2018\/10\/6efae593-f502-45aa-916a-6ca1ae94e864-1024x732.jpg\" \/><\/p>\n<p style=\"text-align: justify;\">Durante o encontro, um grupo de mulheres que est\u00e3o passando por tratamento do c\u00e2ncer de mama receberam muito carinho e aten\u00e7\u00e3o com direito a sess\u00f5es de medita\u00e7\u00e3o, massagens, terapias hol\u00edsticas \u00a0e orienta\u00e7\u00f5es jur\u00eddicas promovidas voluntariamente pelas fisioterapeutas Thaise Rodrigues e Ariane Reis, a Terap\u00eauta Hol\u00edstica, Fernanda Vieira e a advogada, Jamilly Ara\u00fajo. Na oportunidade as participantes tamb\u00e9m conheceram os diversos cursos de capacita\u00e7\u00e3o que ser\u00e3o ofertados em parceria com a Microlins, dentre eles, Marketing Pessoal, Lideran\u00e7a e Digita\u00e7\u00e3o.<\/p><div class=\"newsi-conteudo_19\" id=\"newsi-2595115905\"><a href=\"https:\/\/www.instagram.com\/prefeituraalagoinhas?igsh=YzgzdDJ1bWR3aWI4\" aria-label=\"SAVE_20251006_221555\"><img loading=\"lazy\" decoding=\"async\" src=\"https:\/\/newsinfoco.com.br\/inicio\/wp-content\/uploads\/2025\/10\/SAVE_20251006_221555-rotated.jpg\" alt=\"\"  srcset=\"https:\/\/newsinfoco.com.br\/inicio\/wp-content\/uploads\/2025\/10\/SAVE_20251006_221555-rotated.jpg 1140w, https:\/\/newsinfoco.com.br\/inicio\/wp-content\/uploads\/2025\/10\/SAVE_20251006_221555-300x52.jpg 300w, https:\/\/newsinfoco.com.br\/inicio\/wp-content\/uploads\/2025\/10\/SAVE_20251006_221555-1024x177.jpg 1024w, https:\/\/newsinfoco.com.br\/inicio\/wp-content\/uploads\/2025\/10\/SAVE_20251006_221555-768x133.jpg 768w, https:\/\/newsinfoco.com.br\/inicio\/wp-content\/uploads\/2025\/10\/SAVE_20251006_221555-600x104.jpg 600w, https:\/\/newsinfoco.com.br\/inicio\/wp-content\/uploads\/2025\/10\/SAVE_20251006_221555-696x120.jpg 696w, https:\/\/newsinfoco.com.br\/inicio\/wp-content\/uploads\/2025\/10\/SAVE_20251006_221555-1068x185.jpg 1068w\" sizes=\"(max-width: 1140px) 100vw, 1140px\" width=\"1140\" height=\"197\"   \/><\/a><\/div>\n<p><img decoding=\"async\" src=\"https:\/\/www.alagoinhas.ba.gov.br\/wp-content\/uploads\/2018\/10\/df035090-ac0b-4807-9f21-73c1a7c63844-1024x732.jpg\" \/><\/p>\n<p style=\"text-align: justify;\">Cristiane Nascimento, coordenadora municipal de Pol\u00edticas P\u00fablicas para as Mulheres, enfatizou a import\u00e2ncia da iniciativa para a autoestima das mulheres da Associa\u00e7\u00e3o Nova Vida.\u201d Como o Outubro Rosa \u00e9 focado na preven\u00e7\u00e3o, a nossa preocupa\u00e7\u00e3o com as mulheres que est\u00e3o em tratamento do c\u00e2ncer de mama e que precisaram fazer mastectomia, nos levaram a organizar esta a\u00e7\u00e3o com a associa\u00e7\u00e3o de oncologia no CRAM, inclusive para apresentar o centro e faz\u00ea-las saber que \u00e9 um local de acolhimento para elas tamb\u00e9m. Foi um momento muito gratificante para todas as envolvidas, que ir\u00e1 acontecer muitas outras vezes, gra\u00e7as \u00e0 aten\u00e7\u00e3o e sensibilidade do prefeito Joaquim Neto e do secret\u00e1rio Alfredo Menezes\u201d, afirma a coordenadora.<\/p>\n<p><img decoding=\"async\" src=\"https:\/\/www.alagoinhas.ba.gov.br\/wp-content\/uploads\/2018\/10\/2bf18315-25cf-4871-a9aa-ccb47f121bdd-1024x732.jpg\" \/><\/p>\n<p style=\"text-align: justify;\">Com mais de 200 participantes, a Associa\u00e7\u00e3o de Oncologia Nova Vida Alagoinhas tem sede na Casa de Cidadania, onde s\u00e3o feitas reuni\u00f5es semanais para troca de informa\u00e7\u00f5es, experi\u00eancias e apoio m\u00fatuo. \u201d O grupo \u00e9 muito importante para as mulheres que est\u00e3o em tratamento, uma vez que geralmente a fam\u00edlia e amigos n\u00e3o est\u00e3o presentes como deveriam, ent\u00e3o a gente se re\u00fane todas as semanas, fazemos visitas \u00e0s que est\u00e3o acamadas, viajamos juntas, e este dia de hoje est\u00e1 sendo mais do que especial\u201d, conta a presidente da Nova Vida, Ana Lopes. \u201d Este encontro no CRAM est\u00e1 sendo maravilhoso para n\u00f3s, porque geralmente\u00a0 s\u00f3 participamos de palestras, e foi a primeira vez em que fomos convidadas para um momento gostoso de descontra\u00e7\u00e3o, relaxamento e cuidados t\u00e3o especiais\u201d, completa Ana Lopes.<\/p>\n<p><img decoding=\"async\" src=\"https:\/\/www.alagoinhas.ba.gov.br\/wp-content\/uploads\/2018\/10\/fbab3772-99f3-433b-94ee-d102df8c08f6-732x1024.jpg\" \/><\/p>\n<h6 style=\"text-align: right;\"><span style=\"color: #999999;\">Fonte: SECOM SEMAS<\/span><\/h6>\n<div class='share-to-whatsapp-wrapper'><div class='share-on-whsp'>Share on: <\/div><a data-text='Outubro Rosa: A\u00e7\u00e3o da Semas oferece apoio e cuidados para mulheres com c\u00e2ncer de mama' data-link='https:\/\/newsinfoco.com.br\/inicio\/outubro-rosa-acao-da-semas-oferece-apoio-e-cuidados-para-mulheres-com-cancer-de-mama\/' class='whatsapp-button whatsapp-share'>WhatsApp<\/a><div class='clear '><\/div><\/div>","protected":false},"excerpt":{"rendered":"<p>Conhecido mundialmente, Outubro Rosa e dedicado \u00e0 luta contra o c\u00e2ncer de mama. A campanha remete \u00e0 cor do la\u00e7o que simboliza a luta para a preven\u00e7\u00e3o e diagn\u00f3stico precoce. Em alus\u00e3o \u00e0 campanha e com objetivo de direcionar o olhar para o p\u00f3s-diagn\u00f3stico e \u00e0s fases de tratamento da doen\u00e7a, a Secretaria de Assist\u00eancia [&hellip;]<\/p>\n","protected":false},"author":1,"featured_media":10653,"comment_status":"open","ping_status":"open","sticky":false,"template":"","format":"standard","meta":{"om_disable_all_campaigns":false,"_exactmetrics_skip_tracking":false,"_exactmetrics_sitenote_active":false,"_exactmetrics_sitenote_note":"","_exactmetrics_sitenote_category":0,"footnotes":""},"categories":[38,30],"tags":[53,54,120],"class_list":["post-10652","post","type-post","status-publish","format-standard","has-post-thumbnail","hentry","category-alagoinhas-e-regiao","category-destaque","tag-alagoinhas","tag-prefeitura","tag-secom-semas"],"aioseo_notices":[],"_links":{"self":[{"href":"https:\/\/newsinfoco.com.br\/inicio\/wp-json\/wp\/v2\/posts\/10652","targetHints":{"allow":["GET"]}}],"collection":[{"href":"https:\/\/newsinfoco.com.br\/inicio\/wp-json\/wp\/v2\/posts"}],"about":[{"href":"https:\/\/newsinfoco.com.br\/inicio\/wp-json\/wp\/v2\/types\/post"}],"author":[{"embeddable":true,"href":"https:\/\/newsinfoco.com.br\/inicio\/wp-json\/wp\/v2\/users\/1"}],"replies":[{"embeddable":true,"href":"https:\/\/newsinfoco.com.br\/inicio\/wp-json\/wp\/v2\/comments?post=10652"}],"version-history":[{"count":0,"href":"https:\/\/newsinfoco.com.br\/inicio\/wp-json\/wp\/v2\/posts\/10652\/revisions"}],"wp:featuredmedia":[{"embeddable":true,"href":"https:\/\/newsinfoco.com.br\/inicio\/wp-json\/wp\/v2\/media\/10653"}],"wp:attachment":[{"href":"https:\/\/newsinfoco.com.br\/inicio\/wp-json\/wp\/v2\/media?parent=10652"}],"wp:term":[{"taxonomy":"category","embeddable":true,"href":"https:\/\/newsinfoco.com.br\/inicio\/wp-json\/wp\/v2\/categories?post=10652"},{"taxonomy":"post_tag","embeddable":true,"href":"https:\/\/newsinfoco.com.br\/inicio\/wp-json\/wp\/v2\/tags?post=10652"}],"curies":[{"name":"wp","href":"https:\/\/api.w.org\/{rel}","templated":true}]}}