{"id":10655,"date":"2018-10-18T19:02:22","date_gmt":"2018-10-18T22:02:22","guid":{"rendered":"http:\/\/newsinfoco.com.br\/?p=10655"},"modified":"2018-10-18T19:02:22","modified_gmt":"2018-10-18T22:02:22","slug":"continuidade-do-projeto-de-excelencia-para-a-educacao-na-apresentacao-para-a-equipe-da-seduc-tacio-lobo-fala-sobre-compromisso-para-dar-sequencia-aos-avancos-na-rede-municipal","status":"publish","type":"post","link":"https:\/\/newsinfoco.com.br\/inicio\/continuidade-do-projeto-de-excelencia-para-a-educacao-na-apresentacao-para-a-equipe-da-seduc-tacio-lobo-fala-sobre-compromisso-para-dar-sequencia-aos-avancos-na-rede-municipal\/","title":{"rendered":"Continuidade do projeto de excel\u00eancia para a Educa\u00e7\u00e3o: na apresenta\u00e7\u00e3o para a equipe da SEDUC, T\u00e1cio Lobo fala sobre compromisso para dar sequ\u00eancia aos avan\u00e7os na rede municipal"},"content":{"rendered":"<p style=\"text-align: justify;\"><span style=\"color: #000000;\">A transi\u00e7\u00e3o de gestores da Secretaria de Educa\u00e7\u00e3o foi oficializada com muita emo\u00e7\u00e3o na manh\u00e3 desta quinta-feira (18), em Alagoinhas. Acompanhado por Fabr\u00edcio Faro, que realizou um trabalho de excel\u00eancia \u00e0 frente da pasta, T\u00e1cio Lobo, que se encarrega de dar continuidade aos avan\u00e7os do setor, se reuniu com a equipe de professores, coordenadores, pedagogos, diretores e funcion\u00e1rios que atuam junto \u00e0 secretaria para destacar o papel fundamental do trabalho que precisa ser continuado na rede de ensino.<\/span><\/p>\n<p><img decoding=\"async\" src=\"https:\/\/www.alagoinhas.ba.gov.br\/wp-content\/uploads\/2018\/10\/30469352957_5e73ebb526_z.jpg\" \/><\/p>\n<p style=\"text-align: justify;\">Quem apresentou o novo gestor ao colega de trabalho foi o pr\u00f3prio Fabr\u00edcio Faro, que enfatizou a confian\u00e7a na compet\u00eancia t\u00e9cnica e no profissionalismo do tamb\u00e9m jovem gestor T\u00e1cio Lobo. \u201cN\u00e3o estou aqui para fazer oposi\u00e7\u00e3o ao trabalho, porque estaria sendo desleal com a cidade, com a equipe e com os profissionais com os quais mantive uma rela\u00e7\u00e3o amig\u00e1vel durante todo esse per\u00edodo em que estive na Prefeitura. Gostaria de dizer que desejo toda a sorte do mundo. A equipe da SEDUC \u00e9 muito unida, coesa, completamente profissional, e defende a educa\u00e7\u00e3o gratuita de qualidade, principalmente para aqueles que mais precisam. N\u00f3s, que somos jovens entusiastas dessa \u00e1rea t\u00e3o importante, sabemos que Educa\u00e7\u00e3o \u00e9 prioridade\u201d, afirmou.<\/p><div class=\"newsi-conteudo_19\" id=\"newsi-3981177732\"><a href=\"https:\/\/www.instagram.com\/prefeituraalagoinhas?igsh=YzgzdDJ1bWR3aWI4\" aria-label=\"SAVE_20251006_221555\"><img loading=\"lazy\" decoding=\"async\" src=\"https:\/\/newsinfoco.com.br\/inicio\/wp-content\/uploads\/2025\/10\/SAVE_20251006_221555-rotated.jpg\" alt=\"\"  srcset=\"https:\/\/newsinfoco.com.br\/inicio\/wp-content\/uploads\/2025\/10\/SAVE_20251006_221555-rotated.jpg 1140w, https:\/\/newsinfoco.com.br\/inicio\/wp-content\/uploads\/2025\/10\/SAVE_20251006_221555-300x52.jpg 300w, https:\/\/newsinfoco.com.br\/inicio\/wp-content\/uploads\/2025\/10\/SAVE_20251006_221555-1024x177.jpg 1024w, https:\/\/newsinfoco.com.br\/inicio\/wp-content\/uploads\/2025\/10\/SAVE_20251006_221555-768x133.jpg 768w, https:\/\/newsinfoco.com.br\/inicio\/wp-content\/uploads\/2025\/10\/SAVE_20251006_221555-600x104.jpg 600w, https:\/\/newsinfoco.com.br\/inicio\/wp-content\/uploads\/2025\/10\/SAVE_20251006_221555-696x120.jpg 696w, https:\/\/newsinfoco.com.br\/inicio\/wp-content\/uploads\/2025\/10\/SAVE_20251006_221555-1068x185.jpg 1068w\" sizes=\"(max-width: 1140px) 100vw, 1140px\" width=\"1140\" height=\"197\"   \/><\/a><\/div>\n<p style=\"text-align: justify;\">T\u00e1cio Lobo ressaltou o legado de Fabr\u00edcio Faro para a educa\u00e7\u00e3o de qualidade no munic\u00edpio, falou sobre a experi\u00eancia na \u00e1rea, sobre a mudan\u00e7a de carreira, em meados de 2013, quando decidiu se dedicar ao setor p\u00fablico e realizou trabalhos sociais, e tamb\u00e9m comentou sobre as expectativas \u00e0 frente da pasta.<\/p>\n<p><img decoding=\"async\" src=\"https:\/\/www.alagoinhas.ba.gov.br\/wp-content\/uploads\/2018\/10\/45409814341_f5272632bb_z.jpg\" \/><\/p>\n<p>\u201cFaro vinha fazendo um trabalho muito bom. A Secretaria est\u00e1 com bases muito s\u00f3lidas. Esse \u00e9 o momento de sentar, de conversar, de conhecer o contexto da secretaria, entender os desafios de cada \u00e1rea e fazer a an\u00e1lise. \u00c9 uma nova gest\u00e3o, mas \u00e9 um trabalho de continuidade. A ideia n\u00e3o \u00e9 interromper o que estava sendo feito, e sim potencializar os projetos com os quais a secretaria j\u00e1 vinha trabalhando. Sou filho de professores, sobrinho de professores, atuei como gerente de Avalia\u00e7\u00e3o e Inova\u00e7\u00e3o Pedag\u00f3gica na Secretaria de Educa\u00e7\u00e3o da Prefeitura de Salvador. O que eu posso dizer \u00e9 que tenho certeza de que preparei minha trajet\u00f3ria de vida para trabalhar com educa\u00e7\u00e3o. N\u00e3o vamos trazer nenhuma inova\u00e7\u00e3o mirabolante. Queremos dar continuidade e trazer ainda mais avan\u00e7os para uma gest\u00e3o de excel\u00eancia\u201d, pontuou o novo secret\u00e1rio de educa\u00e7\u00e3o.<\/p>\n<p>Com foco na gest\u00e3o escolar, na continuidade das melhorias de infraestrutura para as unidades de ensino , no envolvimento da comunidade dentro do ambiente educacional e na valoriza\u00e7\u00e3o dos profissionais do setor, T\u00e1cio Lobo encara agora a responsabilidade de fazer da transi\u00e7\u00e3o uma decolagem positiva que d\u00ea contiguidade aos avan\u00e7os para o ensino da rede p\u00fablica municipal.<\/p>\n<p><img decoding=\"async\" src=\"https:\/\/www.alagoinhas.ba.gov.br\/wp-content\/uploads\/2018\/10\/31534329818_950db808d2_z.jpg\" \/><\/p>\n<p style=\"text-align: justify;\">Ele conta com o apoio de uma equipe articulada de profissionais que h\u00e1 muito trabalham nas salas de aula do munic\u00edpio e o receberam hoje na sede da SEDUC para oficializar a transi\u00e7\u00e3o na pol\u00edtica de acertos do governo.<\/p>\n<p style=\"text-align: justify;\">A servidora efetiva L\u00edcia Silva agradeceu a Fabr\u00edcio Faro, em nome dos profissionais do setor, por agregar valores e extrair dos professores um trabalho s\u00e9rio, respons\u00e1vel e comprometido com a necessidade dos alunos. Segundo ela, o desafio que fica para o novo gestor \u00e9 tamb\u00e9m de encontrar o equil\u00edbrio entre o aspecto t\u00e9cnico e o lado sens\u00edvel, humano, de quem lida diariamente com a Educa\u00e7\u00e3o. \u201cTenho 24 anos na rede e agrade\u00e7o a Fabr\u00edcio por tudo o que ele fez na nossa hist\u00f3ria, na nossa trajet\u00f3ria de educa\u00e7\u00e3o. A gente leva a s\u00e9rio por amor e respeito ao profissional e gestor que tivemos. Porque educa\u00e7\u00e3o \u00e9 mais do que pol\u00edtica, \u00e9 mais do que a simples rela\u00e7\u00e3o entre as pessoas. \u00c9 constru\u00e7\u00e3o do conhecimento onde eu preciso agregar o car\u00e1ter humano e o t\u00e9cnico\u201d, revelou, emocionada.<\/p>\n<p style=\"text-align: justify;\">O prefeito Joaquim Neto, que foi representado na apresenta\u00e7\u00e3o pelo secret\u00e1rio de rela\u00e7\u00f5es institucionais, Manoel Cardoso, aposta na jovialidade, na forma\u00e7\u00e3o, na capacidade de gest\u00e3o e nos projetos de T\u00e1cio Lobo para manter a qualidade do trabalho em desenvolvimento na Secretaria de Educa\u00e7\u00e3o.<\/p>\n<p style=\"text-align: justify;\">Acumulando as secretarias de planejamento e de educa\u00e7\u00e3o, o profissional tem um curr\u00edculo not\u00f3rio com experi\u00eancias que devem ajud\u00e1-lo com a tarefa de assumir o novo desafio.<\/p>\n<p><img loading=\"lazy\" decoding=\"async\" class=\"aligncenter size-full wp-image-22779\" src=\"https:\/\/www.alagoinhas.ba.gov.br\/wp-content\/uploads\/2018\/10\/44684899274_27ce9eef90_z.jpg\" sizes=\"auto, (max-width: 640px) 100vw, 640px\" srcset=\"https:\/\/www.alagoinhas.ba.gov.br\/wp-content\/uploads\/2018\/10\/44684899274_27ce9eef90_z.jpg 640w, https:\/\/www.alagoinhas.ba.gov.br\/wp-content\/uploads\/2018\/10\/44684899274_27ce9eef90_z-300x199.jpg 300w\" alt=\"\" width=\"640\" height=\"424\" \/><\/p>\n<p>Estiveram na SEDUC, al\u00e9m de Cardoso, tamb\u00e9m o secret\u00e1rio da fazenda, Daniel Grave, o secret\u00e1rio de governo e de comunica\u00e7\u00e3o, Gustavo Carmo, a secret\u00e1ria de administra\u00e7\u00e3o, Leila Carla Vila Flor, a comandante da Guarda Municipal, Renata Fortaleza, e o procurador geral James Gaut\u00e9rio.<\/p>\n<p>A exonera\u00e7\u00e3o, a pedido, de Fabr\u00edcio Faro foi publicada em Di\u00e1rio Oficial do munic\u00edpio.<\/p>\n<h6 style=\"text-align: right;\"><span style=\"color: #999999;\">Fonte: SECOM SEDUC<\/span><\/h6>\n<div align=\"right\"><\/div>\n<div class='share-to-whatsapp-wrapper'><div class='share-on-whsp'>Share on: <\/div><a data-text='Continuidade do projeto de excel\u00eancia para a Educa\u00e7\u00e3o: na apresenta\u00e7\u00e3o para a equipe da SEDUC, T\u00e1cio Lobo fala sobre compromisso para dar sequ\u00eancia aos avan\u00e7os na rede municipal' data-link='https:\/\/newsinfoco.com.br\/inicio\/continuidade-do-projeto-de-excelencia-para-a-educacao-na-apresentacao-para-a-equipe-da-seduc-tacio-lobo-fala-sobre-compromisso-para-dar-sequencia-aos-avancos-na-rede-municipal\/' class='whatsapp-button whatsapp-share'>WhatsApp<\/a><div class='clear '><\/div><\/div>","protected":false},"excerpt":{"rendered":"<p>A transi\u00e7\u00e3o de gestores da Secretaria de Educa\u00e7\u00e3o foi oficializada com muita emo\u00e7\u00e3o na manh\u00e3 desta quinta-feira (18), em Alagoinhas. Acompanhado por Fabr\u00edcio Faro, que realizou um trabalho de excel\u00eancia \u00e0 frente da pasta, T\u00e1cio Lobo, que se encarrega de dar continuidade aos avan\u00e7os do setor, se reuniu com a equipe de professores, coordenadores, pedagogos, [&hellip;]<\/p>\n","protected":false},"author":1,"featured_media":10656,"comment_status":"open","ping_status":"open","sticky":false,"template":"","format":"standard","meta":{"om_disable_all_campaigns":false,"_exactmetrics_skip_tracking":false,"_exactmetrics_sitenote_active":false,"_exactmetrics_sitenote_note":"","_exactmetrics_sitenote_category":0,"footnotes":""},"categories":[38,30],"tags":[53,54,107],"class_list":["post-10655","post","type-post","status-publish","format-standard","has-post-thumbnail","hentry","category-alagoinhas-e-regiao","category-destaque","tag-alagoinhas","tag-prefeitura","tag-secom-seduc"],"aioseo_notices":[],"_links":{"self":[{"href":"https:\/\/newsinfoco.com.br\/inicio\/wp-json\/wp\/v2\/posts\/10655","targetHints":{"allow":["GET"]}}],"collection":[{"href":"https:\/\/newsinfoco.com.br\/inicio\/wp-json\/wp\/v2\/posts"}],"about":[{"href":"https:\/\/newsinfoco.com.br\/inicio\/wp-json\/wp\/v2\/types\/post"}],"author":[{"embeddable":true,"href":"https:\/\/newsinfoco.com.br\/inicio\/wp-json\/wp\/v2\/users\/1"}],"replies":[{"embeddable":true,"href":"https:\/\/newsinfoco.com.br\/inicio\/wp-json\/wp\/v2\/comments?post=10655"}],"version-history":[{"count":0,"href":"https:\/\/newsinfoco.com.br\/inicio\/wp-json\/wp\/v2\/posts\/10655\/revisions"}],"wp:featuredmedia":[{"embeddable":true,"href":"https:\/\/newsinfoco.com.br\/inicio\/wp-json\/wp\/v2\/media\/10656"}],"wp:attachment":[{"href":"https:\/\/newsinfoco.com.br\/inicio\/wp-json\/wp\/v2\/media?parent=10655"}],"wp:term":[{"taxonomy":"category","embeddable":true,"href":"https:\/\/newsinfoco.com.br\/inicio\/wp-json\/wp\/v2\/categories?post=10655"},{"taxonomy":"post_tag","embeddable":true,"href":"https:\/\/newsinfoco.com.br\/inicio\/wp-json\/wp\/v2\/tags?post=10655"}],"curies":[{"name":"wp","href":"https:\/\/api.w.org\/{rel}","templated":true}]}}