{"id":10658,"date":"2018-10-18T19:12:34","date_gmt":"2018-10-18T22:12:34","guid":{"rendered":"http:\/\/newsinfoco.com.br\/?p=10658"},"modified":"2018-10-18T19:12:34","modified_gmt":"2018-10-18T22:12:34","slug":"acessuas-capacita-jovens-e-adultos-para-o-mercado-de-trabalho","status":"publish","type":"post","link":"https:\/\/newsinfoco.com.br\/inicio\/acessuas-capacita-jovens-e-adultos-para-o-mercado-de-trabalho\/","title":{"rendered":"Acessuas capacita jovens e adultos para o mercado de trabalho"},"content":{"rendered":"<p style=\"text-align: justify;\"><span style=\"color: #000000;\">A Secretaria Municipal de Assist\u00eancia Social (SEMAS), por meio do Programa Nacional de Acesso ao Mundo do Trabalho (Acessuas Trabalho), tem proporcionado diversas oportunidades para qualifica\u00e7\u00e3o profissional e inser\u00e7\u00e3o no mercado.<\/span><\/p>\n<p><img decoding=\"async\" src=\"https:\/\/www.alagoinhas.ba.gov.br\/wp-content\/uploads\/2018\/10\/4b15be8d-ef80-4cc3-8c32-6f0930af55ba-1024x768.jpg\" \/><\/p>\n<p style=\"text-align: justify;\">Uma delas aconteceu na manh\u00e3 de hoje (18), quando foi iniciado o curso de manicure para a comunidade da Serra do Ouro, em parceria com a Empresa MORIYAH, que tamb\u00e9m est\u00e1 realizando curso de Design de sobrancelha para as usu\u00e1rias do programa.Ser\u00e3o dois meses de aprendizagem na comunidade com entrega de certificados ao final do curso. Ainda no encontro desta manh\u00e3, as participantes receberam orienta\u00e7\u00f5es sobre o Cadastro \u00danico(CAD\u00danico) e seus benef\u00edcios, e bolsas com metade do pre\u00e7o para outros cursos oferecidos pela empresa. As equipes do programa tamb\u00e9m estiveram nesta comunidade na quinta-feira (11) para realizar inscri\u00e7\u00f5es dos cursos profissionalizantes gratuitos de Inform\u00e1tica B\u00e1sica e Secretariado em parceria com a Concretta.<\/p><div class=\"newsi-conteudo_19\" id=\"newsi-2181373640\"><a href=\"https:\/\/www.instagram.com\/prefeituraalagoinhas?igsh=YzgzdDJ1bWR3aWI4\" aria-label=\"SAVE_20251006_221555\"><img loading=\"lazy\" decoding=\"async\" src=\"https:\/\/newsinfoco.com.br\/inicio\/wp-content\/uploads\/2025\/10\/SAVE_20251006_221555-rotated.jpg\" alt=\"\"  srcset=\"https:\/\/newsinfoco.com.br\/inicio\/wp-content\/uploads\/2025\/10\/SAVE_20251006_221555-rotated.jpg 1140w, https:\/\/newsinfoco.com.br\/inicio\/wp-content\/uploads\/2025\/10\/SAVE_20251006_221555-300x52.jpg 300w, https:\/\/newsinfoco.com.br\/inicio\/wp-content\/uploads\/2025\/10\/SAVE_20251006_221555-1024x177.jpg 1024w, https:\/\/newsinfoco.com.br\/inicio\/wp-content\/uploads\/2025\/10\/SAVE_20251006_221555-768x133.jpg 768w, https:\/\/newsinfoco.com.br\/inicio\/wp-content\/uploads\/2025\/10\/SAVE_20251006_221555-600x104.jpg 600w, https:\/\/newsinfoco.com.br\/inicio\/wp-content\/uploads\/2025\/10\/SAVE_20251006_221555-696x120.jpg 696w, https:\/\/newsinfoco.com.br\/inicio\/wp-content\/uploads\/2025\/10\/SAVE_20251006_221555-1068x185.jpg 1068w\" sizes=\"(max-width: 1140px) 100vw, 1140px\" width=\"1140\" height=\"197\"   \/><\/a><\/div>\n<p>&nbsp;<\/p>\n<p><img decoding=\"async\" src=\"https:\/\/www.alagoinhas.ba.gov.br\/wp-content\/uploads\/2018\/10\/0a8df1ab-73a9-491c-b2f0-193304538467-1024x768.jpg\" \/><\/p>\n<p>Na \u00faltima quarta-feira(10) o Programa Acessuas Trabalho tamb\u00e9m esteve na comunidade de Milagres, onde foi promovida a Din\u00e2mica \u201d Sonhos\u201d, voltada para orienta\u00e7\u00e3o vocacional e realizadas inscri\u00e7\u00f5es para cursos de Inform\u00e1tica B\u00e1sica, Digita\u00e7\u00e3o e Secretariado.<\/p>\n<p><img decoding=\"async\" src=\"https:\/\/www.alagoinhas.ba.gov.br\/wp-content\/uploads\/2018\/10\/f1b368db-8bd8-4d1a-8ed5-8e59bfb6ead5-1024x768.jpg\" \/><\/p>\n<p style=\"text-align: justify;\">No total, 33 alunos das duas comunidades foram encaminhadas para a realiza\u00e7\u00e3o dos cursos.De acordo com a coordenadora do Programa Maria Ana Matos, esse n\u00famero \u00e9 bastante expressivo . \u201cAs nossas equipes trabalham diariamente em diversas frentes, chegando \u00e0s localidades mais distantes e \u00e9 muito gratificante quando conseguimos realizar o encaminhamento para a qualifica\u00e7\u00e3o contribuindo, desta forma, para o aumento no \u00edndice de empregabilidade\u201d, afirma a coordenadora.<\/p>\n<h6 style=\"text-align: right;\"><span style=\"color: #999999;\">Fonte: SECOM SEMAS<\/span><\/h6>\n<p>&nbsp;<\/p>\n<div class='share-to-whatsapp-wrapper'><div class='share-on-whsp'>Share on: <\/div><a data-text='Acessuas capacita jovens e adultos para o mercado de trabalho' data-link='https:\/\/newsinfoco.com.br\/inicio\/acessuas-capacita-jovens-e-adultos-para-o-mercado-de-trabalho\/' class='whatsapp-button whatsapp-share'>WhatsApp<\/a><div class='clear '><\/div><\/div>","protected":false},"excerpt":{"rendered":"<p>A Secretaria Municipal de Assist\u00eancia Social (SEMAS), por meio do Programa Nacional de Acesso ao Mundo do Trabalho (Acessuas Trabalho), tem proporcionado diversas oportunidades para qualifica\u00e7\u00e3o profissional e inser\u00e7\u00e3o no mercado. Uma delas aconteceu na manh\u00e3 de hoje (18), quando foi iniciado o curso de manicure para a comunidade da Serra do Ouro, em parceria [&hellip;]<\/p>\n","protected":false},"author":1,"featured_media":10659,"comment_status":"open","ping_status":"open","sticky":false,"template":"","format":"standard","meta":{"om_disable_all_campaigns":false,"_exactmetrics_skip_tracking":false,"_exactmetrics_sitenote_active":false,"_exactmetrics_sitenote_note":"","_exactmetrics_sitenote_category":0,"footnotes":""},"categories":[38,30],"tags":[53,54,120],"class_list":["post-10658","post","type-post","status-publish","format-standard","has-post-thumbnail","hentry","category-alagoinhas-e-regiao","category-destaque","tag-alagoinhas","tag-prefeitura","tag-secom-semas"],"aioseo_notices":[],"_links":{"self":[{"href":"https:\/\/newsinfoco.com.br\/inicio\/wp-json\/wp\/v2\/posts\/10658","targetHints":{"allow":["GET"]}}],"collection":[{"href":"https:\/\/newsinfoco.com.br\/inicio\/wp-json\/wp\/v2\/posts"}],"about":[{"href":"https:\/\/newsinfoco.com.br\/inicio\/wp-json\/wp\/v2\/types\/post"}],"author":[{"embeddable":true,"href":"https:\/\/newsinfoco.com.br\/inicio\/wp-json\/wp\/v2\/users\/1"}],"replies":[{"embeddable":true,"href":"https:\/\/newsinfoco.com.br\/inicio\/wp-json\/wp\/v2\/comments?post=10658"}],"version-history":[{"count":0,"href":"https:\/\/newsinfoco.com.br\/inicio\/wp-json\/wp\/v2\/posts\/10658\/revisions"}],"wp:featuredmedia":[{"embeddable":true,"href":"https:\/\/newsinfoco.com.br\/inicio\/wp-json\/wp\/v2\/media\/10659"}],"wp:attachment":[{"href":"https:\/\/newsinfoco.com.br\/inicio\/wp-json\/wp\/v2\/media?parent=10658"}],"wp:term":[{"taxonomy":"category","embeddable":true,"href":"https:\/\/newsinfoco.com.br\/inicio\/wp-json\/wp\/v2\/categories?post=10658"},{"taxonomy":"post_tag","embeddable":true,"href":"https:\/\/newsinfoco.com.br\/inicio\/wp-json\/wp\/v2\/tags?post=10658"}],"curies":[{"name":"wp","href":"https:\/\/api.w.org\/{rel}","templated":true}]}}