{"id":10661,"date":"2018-10-19T12:16:52","date_gmt":"2018-10-19T15:16:52","guid":{"rendered":"http:\/\/newsinfoco.com.br\/?p=10661"},"modified":"2018-10-19T12:19:41","modified_gmt":"2018-10-19T15:19:41","slug":"durante-sessao-na-camara-de-alagoinhas-noticia-sobre-fusao-de-secretarias-municipais-e-denuncia-contra-ocupante-de-cargo-comissionado-da-prefeitura-sao-abordados-por-vereadores","status":"publish","type":"post","link":"https:\/\/newsinfoco.com.br\/inicio\/durante-sessao-na-camara-de-alagoinhas-noticia-sobre-fusao-de-secretarias-municipais-e-denuncia-contra-ocupante-de-cargo-comissionado-da-prefeitura-sao-abordados-por-vereadores\/","title":{"rendered":"Durante sess\u00e3o na C\u00e2mara de Alagoinhas noticia sobre fus\u00e3o de secretarias municipais e den\u00fancia contra ocupante de cargo comissionado da prefeitura s\u00e3o abordados por vereadores"},"content":{"rendered":"<p style=\"text-align: justify;\">A sess\u00e3o ordin\u00e1ria realizada na C\u00e2mara Municipal de Alagoinhas na \u00faltima quinta-feira (18) foi marcada pelo discurso de alguns parlamentares.<\/p>\n<p style=\"text-align: justify;\">O vereador Caio Ramos parabenizou todos os m\u00e9dicos de Alagoinhas pela passagem do 18 de outubro &#8211; Dia do M\u00e9dico: &#8220;Esses profissionais que se doam, se entregam e vivem a vida do pr\u00f3ximo. \u00c9 preciso ter amor para ser m\u00e9dico&#8221;. Logo ap\u00f3s, pontuou: &#8220;Ontem n\u00f3s fomos pegos de surpresa quando liamos uma mat\u00e9ria num site da nossa cidade falando sobre a fus\u00e3o das secretarias de governo e de comunica\u00e7\u00e3o&#8230;Mais uma a\u00e7\u00e3o err\u00f4nea e o resultado n\u00f3s veremos l\u00e1 na frente, fundir duas secretarias extremamente distintas. Primeiro: \u00e9 por n\u00e3o ter tido uma secretaria de governo eficiente que o prefeito tem perdido principalmente a condu\u00e7\u00e3o e o di\u00e1logo com o legislativo: Comunica\u00e7\u00e3o \u00e9 algo que precisamos tratar com seriedade&#8221;.<\/p><div class=\"newsi-conteudo_19\" id=\"newsi-769274880\"><a href=\"https:\/\/www.instagram.com\/prefeituraalagoinhas?igsh=YzgzdDJ1bWR3aWI4\" aria-label=\"SAVE_20251006_221555\"><img loading=\"lazy\" decoding=\"async\" src=\"https:\/\/newsinfoco.com.br\/inicio\/wp-content\/uploads\/2025\/10\/SAVE_20251006_221555-rotated.jpg\" alt=\"\"  srcset=\"https:\/\/newsinfoco.com.br\/inicio\/wp-content\/uploads\/2025\/10\/SAVE_20251006_221555-rotated.jpg 1140w, https:\/\/newsinfoco.com.br\/inicio\/wp-content\/uploads\/2025\/10\/SAVE_20251006_221555-300x52.jpg 300w, https:\/\/newsinfoco.com.br\/inicio\/wp-content\/uploads\/2025\/10\/SAVE_20251006_221555-1024x177.jpg 1024w, https:\/\/newsinfoco.com.br\/inicio\/wp-content\/uploads\/2025\/10\/SAVE_20251006_221555-768x133.jpg 768w, https:\/\/newsinfoco.com.br\/inicio\/wp-content\/uploads\/2025\/10\/SAVE_20251006_221555-600x104.jpg 600w, https:\/\/newsinfoco.com.br\/inicio\/wp-content\/uploads\/2025\/10\/SAVE_20251006_221555-696x120.jpg 696w, https:\/\/newsinfoco.com.br\/inicio\/wp-content\/uploads\/2025\/10\/SAVE_20251006_221555-1068x185.jpg 1068w\" sizes=\"(max-width: 1140px) 100vw, 1140px\" width=\"1140\" height=\"197\"   \/><\/a><\/div>\n<p style=\"text-align: justify;\">O vereador Thor de Ninha fez refer\u00eancia a uma not\u00edcia veiculada pelo radialista Haroldo Azi, no programa de r\u00e1dio Primeira M\u00e3o, que afirmou que havia um funcion\u00e1rio, ocupante de cargo comissionado na secretaria municipal de rela\u00e7\u00f5es institucionais de Alagoinhas, que havia sido acusado de estupro. &#8220;Parece que o governo n\u00e3o se preocupa muito com quem contrata. H\u00e1 quem diga que o governo Joaquim Neto \u00e9 um governo que est\u00e1 dando azar diante de tanta coisa que tem acontecido nesse governo desde o seu in\u00edcio at\u00e9 hoje. Eu n\u00e3o considero que seja quest\u00e3o de sorte ou de azar. \u00c9 quest\u00e3o de gest\u00e3o! H\u00e1 um princ\u00edpio claro na gest\u00e3o de pessoas, na parte dos recursos humanos que \u00e9 justamente o primeiro P do RH &#8211; que \u00e9 o da provis\u00e3o, onde voc\u00ea tem que ter um excelente recrutamento e uma excelente sele\u00e7\u00e3o pra que voc\u00ea tenha um bom profissional. Mas, parece que o governo Joaquim n\u00e3o tem se preocupado com isso. N\u00e3o se preocupa com a sele\u00e7\u00e3o e a\u00ed a forma de contrata\u00e7\u00e3o que \u00e9 por indica\u00e7\u00e3o tem indicado os piores&#8221;., disse Thor de Ninha.<\/p>\n<p style=\"text-align: justify;\">Ainda durante a sess\u00e3o, o vereador Noberto Alves (Beb\u00e9) destacou a atua\u00e7\u00e3o do poder executivo municipal, se referindo \u00e0s a\u00e7\u00f5es que est\u00e3o sendo realizadas nos bairros de Santa Terezinha e Pra\u00e7a Kennedy (imedia\u00e7\u00f5es do Cachorro Magro). Na sequ\u00eancia, parabenizou a secretaria de sa\u00fade: &#8220;Est\u00e1 sendo implantado nos distritos o servi\u00e7o de marca\u00e7\u00e3o de exames. Que bom! Porque as pessoas ficam muito tempo esperando na fila da regula\u00e7\u00e3o e se deslocando (principalmente as pessoas da zona rural, com dificuldade) \u00e0s 4h, 3h da manh\u00e3&#8230;No Riacho da Guia j\u00e1 est\u00e3o iniciando as marca\u00e7\u00f5es dos exames e isso pra gente \u00e9 um avan\u00e7o grande, uma comodidade para as pessoas, para os pacientes que tem sofrido muito com isso&#8221;.<\/p>\n<p style=\"text-align: justify;\">A pr\u00f3xima sess\u00e3o ordin\u00e1ria ser\u00e1 realizada no dia 23 de outubro no hor\u00e1rio regimental, \u00e0s 15h.<\/p>\n<h6 style=\"text-align: right;\"><span style=\"color: #999999;\">Por Caio Pimenta com informa\u00e7\u00f5es da Ascom Camara<\/span><\/h6>\n<div class='share-to-whatsapp-wrapper'><div class='share-on-whsp'>Share on: <\/div><a data-text='Durante sess\u00e3o na C\u00e2mara de Alagoinhas noticia sobre fus\u00e3o de secretarias municipais e den\u00fancia contra ocupante de cargo comissionado da prefeitura s\u00e3o abordados por vereadores' data-link='https:\/\/newsinfoco.com.br\/inicio\/durante-sessao-na-camara-de-alagoinhas-noticia-sobre-fusao-de-secretarias-municipais-e-denuncia-contra-ocupante-de-cargo-comissionado-da-prefeitura-sao-abordados-por-vereadores\/' class='whatsapp-button whatsapp-share'>WhatsApp<\/a><div class='clear '><\/div><\/div>","protected":false},"excerpt":{"rendered":"<p>A sess\u00e3o ordin\u00e1ria realizada na C\u00e2mara Municipal de Alagoinhas na \u00faltima quinta-feira (18) foi marcada pelo discurso de alguns parlamentares. O vereador Caio Ramos parabenizou todos os m\u00e9dicos de Alagoinhas pela passagem do 18 de outubro &#8211; Dia do M\u00e9dico: &#8220;Esses profissionais que se doam, se entregam e vivem a vida do pr\u00f3ximo. \u00c9 preciso [&hellip;]<\/p>\n","protected":false},"author":1,"featured_media":10666,"comment_status":"open","ping_status":"open","sticky":false,"template":"","format":"standard","meta":{"om_disable_all_campaigns":false,"_exactmetrics_skip_tracking":false,"_exactmetrics_sitenote_active":false,"_exactmetrics_sitenote_note":"","_exactmetrics_sitenote_category":0,"footnotes":""},"categories":[38,30],"tags":[],"class_list":["post-10661","post","type-post","status-publish","format-standard","has-post-thumbnail","hentry","category-alagoinhas-e-regiao","category-destaque"],"aioseo_notices":[],"_links":{"self":[{"href":"https:\/\/newsinfoco.com.br\/inicio\/wp-json\/wp\/v2\/posts\/10661","targetHints":{"allow":["GET"]}}],"collection":[{"href":"https:\/\/newsinfoco.com.br\/inicio\/wp-json\/wp\/v2\/posts"}],"about":[{"href":"https:\/\/newsinfoco.com.br\/inicio\/wp-json\/wp\/v2\/types\/post"}],"author":[{"embeddable":true,"href":"https:\/\/newsinfoco.com.br\/inicio\/wp-json\/wp\/v2\/users\/1"}],"replies":[{"embeddable":true,"href":"https:\/\/newsinfoco.com.br\/inicio\/wp-json\/wp\/v2\/comments?post=10661"}],"version-history":[{"count":0,"href":"https:\/\/newsinfoco.com.br\/inicio\/wp-json\/wp\/v2\/posts\/10661\/revisions"}],"wp:featuredmedia":[{"embeddable":true,"href":"https:\/\/newsinfoco.com.br\/inicio\/wp-json\/wp\/v2\/media\/10666"}],"wp:attachment":[{"href":"https:\/\/newsinfoco.com.br\/inicio\/wp-json\/wp\/v2\/media?parent=10661"}],"wp:term":[{"taxonomy":"category","embeddable":true,"href":"https:\/\/newsinfoco.com.br\/inicio\/wp-json\/wp\/v2\/categories?post=10661"},{"taxonomy":"post_tag","embeddable":true,"href":"https:\/\/newsinfoco.com.br\/inicio\/wp-json\/wp\/v2\/tags?post=10661"}],"curies":[{"name":"wp","href":"https:\/\/api.w.org\/{rel}","templated":true}]}}