{"id":1067,"date":"2018-03-12T12:27:09","date_gmt":"2018-03-12T15:27:09","guid":{"rendered":"http:\/\/newsinfoco.com.br\/?p=1067"},"modified":"2018-03-12T12:42:43","modified_gmt":"2018-03-12T15:42:43","slug":"alagoinhas-vereadores-da-base-negam-indisposicao-com-o-executivo-municipal-e-afirmam-trabalhamos-para-o-povo","status":"publish","type":"post","link":"https:\/\/newsinfoco.com.br\/inicio\/alagoinhas-vereadores-da-base-negam-indisposicao-com-o-executivo-municipal-e-afirmam-trabalhamos-para-o-povo\/","title":{"rendered":"Alagoinhas: Vereadores da base negam indisposi\u00e7\u00e3o com o executivo municipal e afirmam \u201cTrabalhamos para o povo\u201d"},"content":{"rendered":"<p style=\"text-align: justify;\">Vereadores que d\u00e3o sustenta\u00e7\u00e3o ao governo Joaquim Neto entraram em contato com o News Infoco para comentar a informa\u00e7\u00e3o de que o executivo municipal estaria preocupado com a postura de sua base na C\u00e2mara.<\/p>\n<p style=\"text-align: justify;\">Pessoas pr\u00f3ximas ao gestor municipal afirmaram ao News Infoco que a postura dos vereadores da C\u00e2mara estariam incomodando o executivo. Reclamaram que algumas cr\u00edticas feitas pelos vereadores da base e at\u00e9 a negativa de apoiar projetos enviados pela gest\u00e3o municipal estariam desgastando a imagem do prefeito diante da popula\u00e7\u00e3o. Tamb\u00e9m reclamaram da falta de defesa por parte dos \u00a0vereadores \u00e0 gest\u00e3o do prefeito Joaquim Neto<\/p><div class=\"newsi-conteudo_19\" id=\"newsi-50418978\"><a href=\"https:\/\/www.instagram.com\/prefeituraalagoinhas?igsh=YzgzdDJ1bWR3aWI4\" aria-label=\"SAVE_20251006_221555\"><img loading=\"lazy\" decoding=\"async\" src=\"https:\/\/newsinfoco.com.br\/inicio\/wp-content\/uploads\/2025\/10\/SAVE_20251006_221555-rotated.jpg\" alt=\"\"  srcset=\"https:\/\/newsinfoco.com.br\/inicio\/wp-content\/uploads\/2025\/10\/SAVE_20251006_221555-rotated.jpg 1140w, https:\/\/newsinfoco.com.br\/inicio\/wp-content\/uploads\/2025\/10\/SAVE_20251006_221555-300x52.jpg 300w, https:\/\/newsinfoco.com.br\/inicio\/wp-content\/uploads\/2025\/10\/SAVE_20251006_221555-1024x177.jpg 1024w, https:\/\/newsinfoco.com.br\/inicio\/wp-content\/uploads\/2025\/10\/SAVE_20251006_221555-768x133.jpg 768w, https:\/\/newsinfoco.com.br\/inicio\/wp-content\/uploads\/2025\/10\/SAVE_20251006_221555-600x104.jpg 600w, https:\/\/newsinfoco.com.br\/inicio\/wp-content\/uploads\/2025\/10\/SAVE_20251006_221555-696x120.jpg 696w, https:\/\/newsinfoco.com.br\/inicio\/wp-content\/uploads\/2025\/10\/SAVE_20251006_221555-1068x185.jpg 1068w\" sizes=\"(max-width: 1140px) 100vw, 1140px\" width=\"1140\" height=\"197\"   \/><\/a><\/div>\n<p style=\"text-align: justify;\">Alguns vereadores entraram em contato com o News Infoco para negar as acusa\u00e7\u00f5es. Afirmam que todos os projetos enviados \u00e0 C\u00e2mara pela prefeitura em 2017 foram aprovados. Sobre as cr\u00edticas \u00e0 gest\u00e3o, se defenderam ao afirmar que s\u00e3o necess\u00e1rias para que solu\u00e7\u00f5es sejam dadas pela prefeitura \u00e0s demandas da popula\u00e7\u00e3o.<\/p>\n<p style=\"text-align: justify;\">Os vereadores tamb\u00e9m reclamam da falta de interlocu\u00e7\u00e3o com o governo. Admitem que n\u00e3o h\u00e1 uma boa comunica\u00e7\u00e3o entre gest\u00e3o municipal e vereadores, o que dificulta o entendimento, principalmente em se tratando de projetos pol\u00eamicos, como \u00e9 o caso da proposta de aumento do IPTU.<\/p>\n<p style=\"text-align: justify;\">Alguns vereadores da base tamb\u00e9m disseram que n\u00e3o fazem e nem far\u00e3o obedi\u00eancia cega as determina\u00e7\u00f5es do executivo municipal, exaltando a independ\u00eancia da Casa Legislativa. Eles deixaram claro que a rela\u00e7\u00e3o da base com a gest\u00e3o \u00e9 harm\u00f4nica, por\u00e9m independente e que trabalham para o povo. O vereador Luciano Almeida, l\u00edder do DEM na C\u00e2mara, foi o mais enf\u00e1tico. \u00a0\u201cEntre governo e povo, sou o povo\u201d, disse o demista.<\/p>\n<h6 style=\"text-align: right;\"><span style=\"color: #999999;\">Por Caio Pimenta para o News Infoco<\/span><\/h6>\n<div class='share-to-whatsapp-wrapper'><div class='share-on-whsp'>Share on: <\/div><a data-text='Alagoinhas: Vereadores da base negam indisposi\u00e7\u00e3o com o executivo municipal e afirmam \u201cTrabalhamos para o povo\u201d' data-link='https:\/\/newsinfoco.com.br\/inicio\/alagoinhas-vereadores-da-base-negam-indisposicao-com-o-executivo-municipal-e-afirmam-trabalhamos-para-o-povo\/' class='whatsapp-button whatsapp-share'>WhatsApp<\/a><div class='clear '><\/div><\/div>","protected":false},"excerpt":{"rendered":"<p>Vereadores que d\u00e3o sustenta\u00e7\u00e3o ao governo Joaquim Neto entraram em contato com o News Infoco para comentar a informa\u00e7\u00e3o de que o executivo municipal estaria preocupado com a postura de sua base na C\u00e2mara. Pessoas pr\u00f3ximas ao gestor municipal afirmaram ao News Infoco que a postura dos vereadores da C\u00e2mara estariam incomodando o executivo. Reclamaram [&hellip;]<\/p>\n","protected":false},"author":1,"featured_media":1068,"comment_status":"open","ping_status":"open","sticky":false,"template":"","format":"standard","meta":{"om_disable_all_campaigns":false,"_exactmetrics_skip_tracking":false,"_exactmetrics_sitenote_active":false,"_exactmetrics_sitenote_note":"","_exactmetrics_sitenote_category":0,"footnotes":""},"categories":[38,30],"tags":[],"class_list":["post-1067","post","type-post","status-publish","format-standard","has-post-thumbnail","hentry","category-alagoinhas-e-regiao","category-destaque"],"aioseo_notices":[],"_links":{"self":[{"href":"https:\/\/newsinfoco.com.br\/inicio\/wp-json\/wp\/v2\/posts\/1067","targetHints":{"allow":["GET"]}}],"collection":[{"href":"https:\/\/newsinfoco.com.br\/inicio\/wp-json\/wp\/v2\/posts"}],"about":[{"href":"https:\/\/newsinfoco.com.br\/inicio\/wp-json\/wp\/v2\/types\/post"}],"author":[{"embeddable":true,"href":"https:\/\/newsinfoco.com.br\/inicio\/wp-json\/wp\/v2\/users\/1"}],"replies":[{"embeddable":true,"href":"https:\/\/newsinfoco.com.br\/inicio\/wp-json\/wp\/v2\/comments?post=1067"}],"version-history":[{"count":0,"href":"https:\/\/newsinfoco.com.br\/inicio\/wp-json\/wp\/v2\/posts\/1067\/revisions"}],"wp:featuredmedia":[{"embeddable":true,"href":"https:\/\/newsinfoco.com.br\/inicio\/wp-json\/wp\/v2\/media\/1068"}],"wp:attachment":[{"href":"https:\/\/newsinfoco.com.br\/inicio\/wp-json\/wp\/v2\/media?parent=1067"}],"wp:term":[{"taxonomy":"category","embeddable":true,"href":"https:\/\/newsinfoco.com.br\/inicio\/wp-json\/wp\/v2\/categories?post=1067"},{"taxonomy":"post_tag","embeddable":true,"href":"https:\/\/newsinfoco.com.br\/inicio\/wp-json\/wp\/v2\/tags?post=1067"}],"curies":[{"name":"wp","href":"https:\/\/api.w.org\/{rel}","templated":true}]}}