{"id":10675,"date":"2018-10-20T11:12:04","date_gmt":"2018-10-20T14:12:04","guid":{"rendered":"http:\/\/newsinfoco.com.br\/?p=10675"},"modified":"2018-10-20T11:12:04","modified_gmt":"2018-10-20T14:12:04","slug":"juristas-fazem-manifesto-em-apoio-a-bolsonaro","status":"publish","type":"post","link":"https:\/\/newsinfoco.com.br\/inicio\/juristas-fazem-manifesto-em-apoio-a-bolsonaro\/","title":{"rendered":"Juristas fazem manifesto em apoio a Bolsonaro"},"content":{"rendered":"<p style=\"text-align: justify;\">A equipe de advogados do presidenci\u00e1vel Jair Bolsonaro, do PSL, divulgou um manifesto assinado por 300 nomes da \u00e1rea jur\u00eddica em apoio \u00e0 candidatura do capit\u00e3o reformado. Entre os nomes, segundo o Broadcast Pol\u00edtico, est\u00e3o o de Jana\u00edna Paschoal, eleita deputada estadual pelo PSL, em S\u00e3o Paulo, e o da ex-ministra do Superior Tribunal de Justi\u00e7a Eliana Calmon.<\/p>\n<p style=\"text-align: justify;\">A manifesta\u00e7\u00e3o aparece um dia ap\u00f3s outro grupo de advogados declarar apoio ao candidato do PT, Fernando Haddad, em um evento em S\u00e3o Paulo.<\/p><div class=\"newsi-conteudo_19\" id=\"newsi-299173021\"><a href=\"https:\/\/www.instagram.com\/prefeituraalagoinhas?igsh=YzgzdDJ1bWR3aWI4\" aria-label=\"SAVE_20251006_221555\"><img loading=\"lazy\" decoding=\"async\" src=\"https:\/\/newsinfoco.com.br\/inicio\/wp-content\/uploads\/2025\/10\/SAVE_20251006_221555-rotated.jpg\" alt=\"\"  srcset=\"https:\/\/newsinfoco.com.br\/inicio\/wp-content\/uploads\/2025\/10\/SAVE_20251006_221555-rotated.jpg 1140w, https:\/\/newsinfoco.com.br\/inicio\/wp-content\/uploads\/2025\/10\/SAVE_20251006_221555-300x52.jpg 300w, https:\/\/newsinfoco.com.br\/inicio\/wp-content\/uploads\/2025\/10\/SAVE_20251006_221555-1024x177.jpg 1024w, https:\/\/newsinfoco.com.br\/inicio\/wp-content\/uploads\/2025\/10\/SAVE_20251006_221555-768x133.jpg 768w, https:\/\/newsinfoco.com.br\/inicio\/wp-content\/uploads\/2025\/10\/SAVE_20251006_221555-600x104.jpg 600w, https:\/\/newsinfoco.com.br\/inicio\/wp-content\/uploads\/2025\/10\/SAVE_20251006_221555-696x120.jpg 696w, https:\/\/newsinfoco.com.br\/inicio\/wp-content\/uploads\/2025\/10\/SAVE_20251006_221555-1068x185.jpg 1068w\" sizes=\"(max-width: 1140px) 100vw, 1140px\" width=\"1140\" height=\"197\"   \/><\/a><\/div>\n<p style=\"text-align: justify;\">No texto, os juristas defendem, entre outras quest\u00f5es, o desaparelhamento da m\u00e1quina estatal, o resgate da meritocracia e o fim aos \u201cpatrulhamentos ideol\u00f3gicos\u201d, al\u00e9m da recupera\u00e7\u00e3o da moralidade na pol\u00edtica.<\/p>\n<p style=\"text-align: justify;\">O grupo afirma que o caminho ideal \u00e9 aquele que \u201cmelhor assegure que estes valores e princ\u00edpios, t\u00e3o caros ao nosso pa\u00eds e seu povo, sejam preservados, o que se apresenta com a candidatura de Jair Bolsonaro\u201d.<\/p>\n<h6 style=\"text-align: right;\"><span style=\"color: #999999;\">Estad\u00e3o<\/span><\/h6>\n<div class='share-to-whatsapp-wrapper'><div class='share-on-whsp'>Share on: <\/div><a data-text='Juristas fazem manifesto em apoio a Bolsonaro' data-link='https:\/\/newsinfoco.com.br\/inicio\/juristas-fazem-manifesto-em-apoio-a-bolsonaro\/' class='whatsapp-button whatsapp-share'>WhatsApp<\/a><div class='clear '><\/div><\/div>","protected":false},"excerpt":{"rendered":"<p>A equipe de advogados do presidenci\u00e1vel Jair Bolsonaro, do PSL, divulgou um manifesto assinado por 300 nomes da \u00e1rea jur\u00eddica em apoio \u00e0 candidatura do capit\u00e3o reformado. Entre os nomes, segundo o Broadcast Pol\u00edtico, est\u00e3o o de Jana\u00edna Paschoal, eleita deputada estadual pelo PSL, em S\u00e3o Paulo, e o da ex-ministra do Superior Tribunal de [&hellip;]<\/p>\n","protected":false},"author":1,"featured_media":10676,"comment_status":"open","ping_status":"open","sticky":false,"template":"","format":"standard","meta":{"om_disable_all_campaigns":false,"_exactmetrics_skip_tracking":false,"_exactmetrics_sitenote_active":false,"_exactmetrics_sitenote_note":"","_exactmetrics_sitenote_category":0,"footnotes":""},"categories":[21],"tags":[],"class_list":["post-10675","post","type-post","status-publish","format-standard","has-post-thumbnail","hentry","category-brasil"],"aioseo_notices":[],"_links":{"self":[{"href":"https:\/\/newsinfoco.com.br\/inicio\/wp-json\/wp\/v2\/posts\/10675","targetHints":{"allow":["GET"]}}],"collection":[{"href":"https:\/\/newsinfoco.com.br\/inicio\/wp-json\/wp\/v2\/posts"}],"about":[{"href":"https:\/\/newsinfoco.com.br\/inicio\/wp-json\/wp\/v2\/types\/post"}],"author":[{"embeddable":true,"href":"https:\/\/newsinfoco.com.br\/inicio\/wp-json\/wp\/v2\/users\/1"}],"replies":[{"embeddable":true,"href":"https:\/\/newsinfoco.com.br\/inicio\/wp-json\/wp\/v2\/comments?post=10675"}],"version-history":[{"count":0,"href":"https:\/\/newsinfoco.com.br\/inicio\/wp-json\/wp\/v2\/posts\/10675\/revisions"}],"wp:featuredmedia":[{"embeddable":true,"href":"https:\/\/newsinfoco.com.br\/inicio\/wp-json\/wp\/v2\/media\/10676"}],"wp:attachment":[{"href":"https:\/\/newsinfoco.com.br\/inicio\/wp-json\/wp\/v2\/media?parent=10675"}],"wp:term":[{"taxonomy":"category","embeddable":true,"href":"https:\/\/newsinfoco.com.br\/inicio\/wp-json\/wp\/v2\/categories?post=10675"},{"taxonomy":"post_tag","embeddable":true,"href":"https:\/\/newsinfoco.com.br\/inicio\/wp-json\/wp\/v2\/tags?post=10675"}],"curies":[{"name":"wp","href":"https:\/\/api.w.org\/{rel}","templated":true}]}}