{"id":10681,"date":"2018-10-20T11:17:06","date_gmt":"2018-10-20T14:17:06","guid":{"rendered":"http:\/\/newsinfoco.com.br\/?p=10681"},"modified":"2018-10-20T11:17:06","modified_gmt":"2018-10-20T14:17:06","slug":"ministros-do-tse-defendem-nao-criar-marola-com-acoes-sobre-whatsapp-as-vesperas-da-eleicao","status":"publish","type":"post","link":"https:\/\/newsinfoco.com.br\/inicio\/ministros-do-tse-defendem-nao-criar-marola-com-acoes-sobre-whatsapp-as-vesperas-da-eleicao\/","title":{"rendered":"Ministros do TSE defendem \u2018n\u00e3o criar marola\u2019 com a\u00e7\u00f5es sobre WhatsApp \u00e0s v\u00e9speras da elei\u00e7\u00e3o"},"content":{"rendered":"<p style=\"text-align: justify;\">A repercuss\u00e3o da suposta compra de mensagens em massa no WhatsApp contra o presidenci\u00e1vel Fernando Haddad (PT) dominou conversas de ministros do Tribunal Superior Eleitoral (TSE), registra a coluna Painel, do jornal Folha de S\u00e3o Paulo.<\/p>\n<p style=\"text-align: justify;\">O entendimento majorit\u00e1rio \u2013 inclusive o do corregedor, Jorge Mussi, respons\u00e1vel pela a\u00e7\u00e3o contra Jair Bolsonaro (PSL) \u2013 foi o de que n\u00e3o caberia promover dilig\u00eancias extravagantes. A elei\u00e7\u00e3o n\u00e3o pode ter o curso alterado pelas m\u00e3os da Justi\u00e7a, disse um magistrado. \u201cN\u00e3o sob o calor dos fatos\u201d, concluiu.<\/p><div class=\"newsi-conteudo_19\" id=\"newsi-1765277786\"><a href=\"https:\/\/www.instagram.com\/prefeituraalagoinhas?igsh=YzgzdDJ1bWR3aWI4\" aria-label=\"SAVE_20251006_221555\"><img loading=\"lazy\" decoding=\"async\" src=\"https:\/\/newsinfoco.com.br\/inicio\/wp-content\/uploads\/2025\/10\/SAVE_20251006_221555-rotated.jpg\" alt=\"\"  srcset=\"https:\/\/newsinfoco.com.br\/inicio\/wp-content\/uploads\/2025\/10\/SAVE_20251006_221555-rotated.jpg 1140w, https:\/\/newsinfoco.com.br\/inicio\/wp-content\/uploads\/2025\/10\/SAVE_20251006_221555-300x52.jpg 300w, https:\/\/newsinfoco.com.br\/inicio\/wp-content\/uploads\/2025\/10\/SAVE_20251006_221555-1024x177.jpg 1024w, https:\/\/newsinfoco.com.br\/inicio\/wp-content\/uploads\/2025\/10\/SAVE_20251006_221555-768x133.jpg 768w, https:\/\/newsinfoco.com.br\/inicio\/wp-content\/uploads\/2025\/10\/SAVE_20251006_221555-600x104.jpg 600w, https:\/\/newsinfoco.com.br\/inicio\/wp-content\/uploads\/2025\/10\/SAVE_20251006_221555-696x120.jpg 696w, https:\/\/newsinfoco.com.br\/inicio\/wp-content\/uploads\/2025\/10\/SAVE_20251006_221555-1068x185.jpg 1068w\" sizes=\"(max-width: 1140px) 100vw, 1140px\" width=\"1140\" height=\"197\"   \/><\/a><\/div>\n<p style=\"text-align: justify;\">Os integrantes do TSE ponderaram que, a menos de dez dias do segundo turno, \u201cn\u00e3o \u00e9 hora de criar marola\u201d. Mussi decidiu na noite desta sexta-feira (19) citar Bolsonaro para que ele se manifeste sobre o assunto.<\/p>\n<p style=\"text-align: justify;\">O mesmo ministro que disse ser indesej\u00e1vel interferir no curso da elei\u00e7\u00e3o, afirmou que a investiga\u00e7\u00e3o deve continuar correndo na corte. \u201cL\u00e1 na frente, se for o caso, cassa a chapa\u201d.<\/p>\n<div class='share-to-whatsapp-wrapper'><div class='share-on-whsp'>Share on: <\/div><a data-text='Ministros do TSE defendem \u2018n\u00e3o criar marola\u2019 com a\u00e7\u00f5es sobre WhatsApp \u00e0s v\u00e9speras da elei\u00e7\u00e3o' data-link='https:\/\/newsinfoco.com.br\/inicio\/ministros-do-tse-defendem-nao-criar-marola-com-acoes-sobre-whatsapp-as-vesperas-da-eleicao\/' class='whatsapp-button whatsapp-share'>WhatsApp<\/a><div class='clear '><\/div><\/div>","protected":false},"excerpt":{"rendered":"<p>A repercuss\u00e3o da suposta compra de mensagens em massa no WhatsApp contra o presidenci\u00e1vel Fernando Haddad (PT) dominou conversas de ministros do Tribunal Superior Eleitoral (TSE), registra a coluna Painel, do jornal Folha de S\u00e3o Paulo. O entendimento majorit\u00e1rio \u2013 inclusive o do corregedor, Jorge Mussi, respons\u00e1vel pela a\u00e7\u00e3o contra Jair Bolsonaro (PSL) \u2013 foi [&hellip;]<\/p>\n","protected":false},"author":1,"featured_media":10682,"comment_status":"open","ping_status":"open","sticky":false,"template":"","format":"standard","meta":{"om_disable_all_campaigns":false,"_exactmetrics_skip_tracking":false,"_exactmetrics_sitenote_active":false,"_exactmetrics_sitenote_note":"","_exactmetrics_sitenote_category":0,"footnotes":""},"categories":[21],"tags":[],"class_list":["post-10681","post","type-post","status-publish","format-standard","has-post-thumbnail","hentry","category-brasil"],"aioseo_notices":[],"_links":{"self":[{"href":"https:\/\/newsinfoco.com.br\/inicio\/wp-json\/wp\/v2\/posts\/10681","targetHints":{"allow":["GET"]}}],"collection":[{"href":"https:\/\/newsinfoco.com.br\/inicio\/wp-json\/wp\/v2\/posts"}],"about":[{"href":"https:\/\/newsinfoco.com.br\/inicio\/wp-json\/wp\/v2\/types\/post"}],"author":[{"embeddable":true,"href":"https:\/\/newsinfoco.com.br\/inicio\/wp-json\/wp\/v2\/users\/1"}],"replies":[{"embeddable":true,"href":"https:\/\/newsinfoco.com.br\/inicio\/wp-json\/wp\/v2\/comments?post=10681"}],"version-history":[{"count":0,"href":"https:\/\/newsinfoco.com.br\/inicio\/wp-json\/wp\/v2\/posts\/10681\/revisions"}],"wp:featuredmedia":[{"embeddable":true,"href":"https:\/\/newsinfoco.com.br\/inicio\/wp-json\/wp\/v2\/media\/10682"}],"wp:attachment":[{"href":"https:\/\/newsinfoco.com.br\/inicio\/wp-json\/wp\/v2\/media?parent=10681"}],"wp:term":[{"taxonomy":"category","embeddable":true,"href":"https:\/\/newsinfoco.com.br\/inicio\/wp-json\/wp\/v2\/categories?post=10681"},{"taxonomy":"post_tag","embeddable":true,"href":"https:\/\/newsinfoco.com.br\/inicio\/wp-json\/wp\/v2\/tags?post=10681"}],"curies":[{"name":"wp","href":"https:\/\/api.w.org\/{rel}","templated":true}]}}