{"id":10684,"date":"2018-10-20T15:38:14","date_gmt":"2018-10-20T18:38:14","guid":{"rendered":"http:\/\/newsinfoco.com.br\/?p=10684"},"modified":"2018-10-20T15:38:14","modified_gmt":"2018-10-20T18:38:14","slug":"manoelito-argolo-e-autuado-por-trabalho-escravo-na-bahia","status":"publish","type":"post","link":"https:\/\/newsinfoco.com.br\/inicio\/manoelito-argolo-e-autuado-por-trabalho-escravo-na-bahia\/","title":{"rendered":"Manoelito Argolo \u00e9 autuado por trabalho escravo na Bahia"},"content":{"rendered":"<p style=\"text-align: justify;\">A Comiss\u00e3o Estadual de Erradica\u00e7\u00e3o do Trabalho Escravo (Coetrae-BA) resgatou nesta semana um homem mantido em condi\u00e7\u00f5es an\u00e1logas \u00e0s de um escravo na Fazenda Riach\u00e3o, de Manoelito Argolo dos Santos, ex-prefeito de Entre Rios, no Nordeste do estado. Propriet\u00e1rio de diversas fazendas de gado, ele \u00e9 pai do ex-deputado federal Luiz Argolo, que cumpre pena em regime fechado ap\u00f3s condena\u00e7\u00e3o na Opera\u00e7\u00e3o Lava Jato.<\/p>\n<p style=\"text-align: justify;\">A equipe de fiscaliza\u00e7\u00e3o encontrou irregularidades trabalhistas e um trabalhador vivendo junto com seu filho num alojamento sem condi\u00e7\u00f5es adequadas de sa\u00fade e higiene \u2013 o local tamb\u00e9m n\u00e3o oferecia \u00e1gua pot\u00e1vel. Nenhum empregado das fazendas possu\u00eda carteira de trabalho assinada.<\/p><div class=\"newsi-conteudo_19\" id=\"newsi-3684795953\"><a href=\"https:\/\/www.instagram.com\/prefeituraalagoinhas?igsh=YzgzdDJ1bWR3aWI4\" aria-label=\"SAVE_20251006_221555\"><img loading=\"lazy\" decoding=\"async\" src=\"https:\/\/newsinfoco.com.br\/inicio\/wp-content\/uploads\/2025\/10\/SAVE_20251006_221555-rotated.jpg\" alt=\"\"  srcset=\"https:\/\/newsinfoco.com.br\/inicio\/wp-content\/uploads\/2025\/10\/SAVE_20251006_221555-rotated.jpg 1140w, https:\/\/newsinfoco.com.br\/inicio\/wp-content\/uploads\/2025\/10\/SAVE_20251006_221555-300x52.jpg 300w, https:\/\/newsinfoco.com.br\/inicio\/wp-content\/uploads\/2025\/10\/SAVE_20251006_221555-1024x177.jpg 1024w, https:\/\/newsinfoco.com.br\/inicio\/wp-content\/uploads\/2025\/10\/SAVE_20251006_221555-768x133.jpg 768w, https:\/\/newsinfoco.com.br\/inicio\/wp-content\/uploads\/2025\/10\/SAVE_20251006_221555-600x104.jpg 600w, https:\/\/newsinfoco.com.br\/inicio\/wp-content\/uploads\/2025\/10\/SAVE_20251006_221555-696x120.jpg 696w, https:\/\/newsinfoco.com.br\/inicio\/wp-content\/uploads\/2025\/10\/SAVE_20251006_221555-1068x185.jpg 1068w\" sizes=\"(max-width: 1140px) 100vw, 1140px\" width=\"1140\" height=\"197\"   \/><\/a><\/div>\n<p style=\"text-align: justify;\">Al\u00e9m da Fazenda Riach\u00e3o, a equipe foi na Rancho Alegre, tamb\u00e9m em Entre Rios, e n\u00e3o encontrou o propriet\u00e1rio, que foi visto na regi\u00e3o, mas n\u00e3o apareceu para falar com os agentes p\u00fablicos. Ao fiscalizar os locais e entrevistar os 15 empregados, a equipe detectou &#8220;diversos il\u00edcitos&#8221;, que resultar\u00e3o em autos de infra\u00e7\u00e3o, com aplica\u00e7\u00e3o de multas.<\/p>\n<p style=\"text-align: justify;\">N\u00e3o havia fornecimento de equipamentos de prote\u00e7\u00e3o, ningu\u00e9m fazia exames m\u00e9dicos ocupacionais e alguns recebiam menos do que um sal\u00e1rio m\u00ednimo. Tamb\u00e9m n\u00e3o havia recolhimento de FGTS e ningu\u00e9m tirava f\u00e9rias. Os relatos falam de at\u00e9 30 anos impondo essas mesmas condi\u00e7\u00f5es de trabalho.<\/p>\n<p class=\"bodytext\" style=\"text-align: justify;\"><strong>Casebre sem \u00e1gua<\/strong><br \/>\nO homem e seu filho foram encontrados vivendo dentro de um casebre sem \u00e1gua, com gambiarras el\u00e9tricas, manchas de fezes de morcegos nas paredes, banheiro contendo apenas um vaso sanit\u00e1rio sem descarga e sem local para armazenar alimentos, o que obrigava os dois moradores a usar arames para pendurar a comida em sacos, de modo a proteg\u00ea-la de roedores.<\/p>\n<p class=\"bodytext\" style=\"text-align: justify;\">O empregado teve que levar colch\u00f5es e roupas de cama pr\u00f3prios, pois o empregador n\u00e3o os fornecia. Al\u00e9m disso, eles tinham que usar a \u00e1gua escura de um po\u00e7o, armazenada em vasilhames de \u00f3leo reaproveitados.<\/p>\n<p class=\"bodytext\" style=\"text-align: justify;\">Uma reuni\u00e3o foi realizada no final da tarde de quarta-feira\u00a0(17) com os representantes do empregador, o qual se recusou a regularizar os v\u00ednculos e pagamentos dos trabalhadores. O valor total devido aos empregados supera os R$ 150 mil.<\/p>\n<p class=\"bodytext\" style=\"text-align: justify;\"><strong>A\u00e7\u00e3o penal<\/strong><br \/>\nSer\u00e1 ajuizada a\u00e7\u00e3o civil p\u00fablica em face do empregador e ele tamb\u00e9m dever\u00e1 ser responsabilizado por meio de a\u00e7\u00e3o penal. A for\u00e7a-tarefa contou com a participa\u00e7\u00e3o do Minist\u00e9rio P\u00fablico do Trabalho (MPT), da Superintend\u00eancia Regional do Trabalho (SRTE), da Pol\u00edcia Rodovi\u00e1ria Federal (PRF) e da Secretaria Estadual de Justi\u00e7a Direitos Humanos e Desenvolvimento Social.<\/p>\n<p class=\"bodytext\" style=\"text-align: justify;\">Outro fato que chamou a aten\u00e7\u00e3o dos fiscais foi que havia centenas de filtros de \u00e1gua de barro amontoados na varanda de uma casa da fazenda. Alguns estavam quebrados, mas muitos permanecem dentro de caixas. A equipe documentou o fato e comunicou ao Minist\u00e9rio P\u00fablico do Estado (MP-BA) para que seja feita uma apura\u00e7\u00e3o sobre a origem e o destino do material encontrado.<\/p>\n<p class=\"bodytext\" style=\"text-align: justify;\">As propriedades onde tudo isso aconteceu t\u00eam grandes propor\u00e7\u00f5es, abrigam pista de pouso e hangar para avi\u00f5es. A sede da fazenda Rancho Alegre tem uma grande casa, onde a fam\u00edlia Argolo recebia artistas e personalidades.<\/p>\n<p class=\"bodytext\" style=\"text-align: justify;\">Ao lado, um grande parque de exposi\u00e7\u00f5es, que leva o nome de seu propriet\u00e1rio, pol\u00edtico influente na regi\u00e3o e que se notabilizou pelas grandes festas e leil\u00f5es de gado, reunindo de artistas conhecidos nacionalmente, um deles Luiz Gonzaga (morto em 1989), que chegou a gravar uma m\u00fasica em homenagem a\u00a0Manoelito Argolo chamada Manoelito Cidad\u00e3o, e que cita a famosa fazenda.<\/p>\n<h6 style=\"text-align: right;\"><span style=\"color: #999999;\">Correio 24horas<\/span><\/h6>\n<div class='share-to-whatsapp-wrapper'><div class='share-on-whsp'>Share on: <\/div><a data-text='Manoelito Argolo \u00e9 autuado por trabalho escravo na Bahia' data-link='https:\/\/newsinfoco.com.br\/inicio\/manoelito-argolo-e-autuado-por-trabalho-escravo-na-bahia\/' class='whatsapp-button whatsapp-share'>WhatsApp<\/a><div class='clear '><\/div><\/div>","protected":false},"excerpt":{"rendered":"<p>A Comiss\u00e3o Estadual de Erradica\u00e7\u00e3o do Trabalho Escravo (Coetrae-BA) resgatou nesta semana um homem mantido em condi\u00e7\u00f5es an\u00e1logas \u00e0s de um escravo na Fazenda Riach\u00e3o, de Manoelito Argolo dos Santos, ex-prefeito de Entre Rios, no Nordeste do estado. Propriet\u00e1rio de diversas fazendas de gado, ele \u00e9 pai do ex-deputado federal Luiz Argolo, que cumpre pena [&hellip;]<\/p>\n","protected":false},"author":1,"featured_media":10685,"comment_status":"open","ping_status":"open","sticky":false,"template":"","format":"standard","meta":{"om_disable_all_campaigns":false,"_exactmetrics_skip_tracking":false,"_exactmetrics_sitenote_active":false,"_exactmetrics_sitenote_note":"","_exactmetrics_sitenote_category":0,"footnotes":""},"categories":[38,30],"tags":[],"class_list":["post-10684","post","type-post","status-publish","format-standard","has-post-thumbnail","hentry","category-alagoinhas-e-regiao","category-destaque"],"aioseo_notices":[],"_links":{"self":[{"href":"https:\/\/newsinfoco.com.br\/inicio\/wp-json\/wp\/v2\/posts\/10684","targetHints":{"allow":["GET"]}}],"collection":[{"href":"https:\/\/newsinfoco.com.br\/inicio\/wp-json\/wp\/v2\/posts"}],"about":[{"href":"https:\/\/newsinfoco.com.br\/inicio\/wp-json\/wp\/v2\/types\/post"}],"author":[{"embeddable":true,"href":"https:\/\/newsinfoco.com.br\/inicio\/wp-json\/wp\/v2\/users\/1"}],"replies":[{"embeddable":true,"href":"https:\/\/newsinfoco.com.br\/inicio\/wp-json\/wp\/v2\/comments?post=10684"}],"version-history":[{"count":0,"href":"https:\/\/newsinfoco.com.br\/inicio\/wp-json\/wp\/v2\/posts\/10684\/revisions"}],"wp:featuredmedia":[{"embeddable":true,"href":"https:\/\/newsinfoco.com.br\/inicio\/wp-json\/wp\/v2\/media\/10685"}],"wp:attachment":[{"href":"https:\/\/newsinfoco.com.br\/inicio\/wp-json\/wp\/v2\/media?parent=10684"}],"wp:term":[{"taxonomy":"category","embeddable":true,"href":"https:\/\/newsinfoco.com.br\/inicio\/wp-json\/wp\/v2\/categories?post=10684"},{"taxonomy":"post_tag","embeddable":true,"href":"https:\/\/newsinfoco.com.br\/inicio\/wp-json\/wp\/v2\/tags?post=10684"}],"curies":[{"name":"wp","href":"https:\/\/api.w.org\/{rel}","templated":true}]}}