{"id":10691,"date":"2018-10-20T17:28:33","date_gmt":"2018-10-20T20:28:33","guid":{"rendered":"http:\/\/newsinfoco.com.br\/?p=10691"},"modified":"2018-10-20T17:28:33","modified_gmt":"2018-10-20T20:28:33","slug":"manifestantes-fazem-protesto-contra-bolsonaro-e-volta-da-ditadura-em-salvador","status":"publish","type":"post","link":"https:\/\/newsinfoco.com.br\/inicio\/manifestantes-fazem-protesto-contra-bolsonaro-e-volta-da-ditadura-em-salvador\/","title":{"rendered":"Manifestantes fazem protesto contra Bolsonaro e volta da ditadura em Salvador"},"content":{"rendered":"<p style=\"text-align: justify;\">Manifestantes realizam na tarde deste s\u00e1bado (20), no Campo Grande, em Salvador, um protesto contra o candidato \u00e0 Presid\u00eancia da Rep\u00fablica Jair Bolsonaro (PSL).<\/p>\n<p>Chamada de \u201cDitadura NUNCA mais\u201d, a manifesta\u00e7\u00e3o come\u00e7ou por volta das 16h, um atraso de duas horas. O ato saiu da Pra\u00e7a do Campo Grande e vai at\u00e9 o Farol da Barra. A manifesta\u00e7\u00e3o tem a presen\u00e7a de figuras como o senador eleito e coordenador da campanha de Fernando Haddad (PT), Jaques Wagner (PT), da deputada estadual eleita Ol\u00edvia Santana (PCdoB) e da prefeita de Lauro de Freitas, Moema Gramacho (PT).<\/p><div class=\"newsi-conteudo_19\" id=\"newsi-1505783876\"><a href=\"https:\/\/www.instagram.com\/prefeituraalagoinhas?igsh=YzgzdDJ1bWR3aWI4\" aria-label=\"SAVE_20251006_221555\"><img loading=\"lazy\" decoding=\"async\" src=\"https:\/\/newsinfoco.com.br\/inicio\/wp-content\/uploads\/2025\/10\/SAVE_20251006_221555-rotated.jpg\" alt=\"\"  srcset=\"https:\/\/newsinfoco.com.br\/inicio\/wp-content\/uploads\/2025\/10\/SAVE_20251006_221555-rotated.jpg 1140w, https:\/\/newsinfoco.com.br\/inicio\/wp-content\/uploads\/2025\/10\/SAVE_20251006_221555-300x52.jpg 300w, https:\/\/newsinfoco.com.br\/inicio\/wp-content\/uploads\/2025\/10\/SAVE_20251006_221555-1024x177.jpg 1024w, https:\/\/newsinfoco.com.br\/inicio\/wp-content\/uploads\/2025\/10\/SAVE_20251006_221555-768x133.jpg 768w, https:\/\/newsinfoco.com.br\/inicio\/wp-content\/uploads\/2025\/10\/SAVE_20251006_221555-600x104.jpg 600w, https:\/\/newsinfoco.com.br\/inicio\/wp-content\/uploads\/2025\/10\/SAVE_20251006_221555-696x120.jpg 696w, https:\/\/newsinfoco.com.br\/inicio\/wp-content\/uploads\/2025\/10\/SAVE_20251006_221555-1068x185.jpg 1068w\" sizes=\"(max-width: 1140px) 100vw, 1140px\" width=\"1140\" height=\"197\"   \/><\/a><\/div>\n<p>Na descri\u00e7\u00e3o do evento criado no Facebook sobre o ato, os organizadores afirmam que o pa\u00eds n\u00e3o quer o retorno do \u201cnefasto\u201d per\u00edodo da Ditadura Militar no Brasil, que se materializaria na figura de Bolsonaro.<\/p>\n<p>\u201cO atual candidato \u00e0 presid\u00eancia, Bolsonaro, representante da extrema direita na corrida eleitoral, defende o \u00f3dio \u00e0s pessoas negras, mulheres, LGBTTQIA+ e aos mais pobres\u201d, afirma o texto.<\/p>\n<p>O evento ainda lembra da morte do Mestre Moa do Katend\u00ea, assassinado por um eleitor de Jair Bolsonaro (PSL), para evidenciar o \u201cresultado de tanto \u00f3dio\u201d representado por Bolsonaro.<\/p>\n<div class='share-to-whatsapp-wrapper'><div class='share-on-whsp'>Share on: <\/div><a data-text='Manifestantes fazem protesto contra Bolsonaro e volta da ditadura em Salvador' data-link='https:\/\/newsinfoco.com.br\/inicio\/manifestantes-fazem-protesto-contra-bolsonaro-e-volta-da-ditadura-em-salvador\/' class='whatsapp-button whatsapp-share'>WhatsApp<\/a><div class='clear '><\/div><\/div>","protected":false},"excerpt":{"rendered":"<p>Manifestantes realizam na tarde deste s\u00e1bado (20), no Campo Grande, em Salvador, um protesto contra o candidato \u00e0 Presid\u00eancia da Rep\u00fablica Jair Bolsonaro (PSL). Chamada de \u201cDitadura NUNCA mais\u201d, a manifesta\u00e7\u00e3o come\u00e7ou por volta das 16h, um atraso de duas horas. O ato saiu da Pra\u00e7a do Campo Grande e vai at\u00e9 o Farol da [&hellip;]<\/p>\n","protected":false},"author":1,"featured_media":10692,"comment_status":"open","ping_status":"open","sticky":false,"template":"","format":"standard","meta":{"om_disable_all_campaigns":false,"_exactmetrics_skip_tracking":false,"_exactmetrics_sitenote_active":false,"_exactmetrics_sitenote_note":"","_exactmetrics_sitenote_category":0,"footnotes":""},"categories":[19],"tags":[],"class_list":["post-10691","post","type-post","status-publish","format-standard","has-post-thumbnail","hentry","category-bahia"],"aioseo_notices":[],"_links":{"self":[{"href":"https:\/\/newsinfoco.com.br\/inicio\/wp-json\/wp\/v2\/posts\/10691","targetHints":{"allow":["GET"]}}],"collection":[{"href":"https:\/\/newsinfoco.com.br\/inicio\/wp-json\/wp\/v2\/posts"}],"about":[{"href":"https:\/\/newsinfoco.com.br\/inicio\/wp-json\/wp\/v2\/types\/post"}],"author":[{"embeddable":true,"href":"https:\/\/newsinfoco.com.br\/inicio\/wp-json\/wp\/v2\/users\/1"}],"replies":[{"embeddable":true,"href":"https:\/\/newsinfoco.com.br\/inicio\/wp-json\/wp\/v2\/comments?post=10691"}],"version-history":[{"count":0,"href":"https:\/\/newsinfoco.com.br\/inicio\/wp-json\/wp\/v2\/posts\/10691\/revisions"}],"wp:featuredmedia":[{"embeddable":true,"href":"https:\/\/newsinfoco.com.br\/inicio\/wp-json\/wp\/v2\/media\/10692"}],"wp:attachment":[{"href":"https:\/\/newsinfoco.com.br\/inicio\/wp-json\/wp\/v2\/media?parent=10691"}],"wp:term":[{"taxonomy":"category","embeddable":true,"href":"https:\/\/newsinfoco.com.br\/inicio\/wp-json\/wp\/v2\/categories?post=10691"},{"taxonomy":"post_tag","embeddable":true,"href":"https:\/\/newsinfoco.com.br\/inicio\/wp-json\/wp\/v2\/tags?post=10691"}],"curies":[{"name":"wp","href":"https:\/\/api.w.org\/{rel}","templated":true}]}}