{"id":10699,"date":"2018-10-20T18:14:41","date_gmt":"2018-10-20T21:14:41","guid":{"rendered":"http:\/\/newsinfoco.com.br\/?p=10699"},"modified":"2018-10-20T18:14:41","modified_gmt":"2018-10-20T21:14:41","slug":"prefeitura-de-alagoinhas-inaugura-nova-base-do-samu","status":"publish","type":"post","link":"https:\/\/newsinfoco.com.br\/inicio\/prefeitura-de-alagoinhas-inaugura-nova-base-do-samu\/","title":{"rendered":"Prefeitura de Alagoinhas inaugura nova base do SAMU"},"content":{"rendered":"<p style=\"text-align: justify;\">A Prefeitura de Alagoinhas inaugurou, nesta sexta-feira (19), a nova base do SAMU, que conta agora com sala, copa, quarto de descanso para profissionais, estacionamento permanente para ambul\u00e2ncias, regula\u00e7\u00e3o, almoxarifado e dep\u00f3sito, em uma nova estrutura completamente equipada de acordo com as portarias estabelecidas e vigentes pelo Minist\u00e9rio da Sa\u00fade.<\/p>\n<p style=\"text-align: justify;\">Localizada no Jardim Petrolar, a nova sede abriga 2 ambul\u00e2ncias de suporte b\u00e1sico e uma de suporte avan\u00e7ado, que garantem o funcionamento ininterrupto do servi\u00e7o e o deslocamento r\u00e1pido das equipes em situa\u00e7\u00f5es de urg\u00eancia e emerg\u00eancia.<\/p><div class=\"newsi-conteudo_19\" id=\"newsi-3585323336\"><a href=\"https:\/\/www.instagram.com\/prefeituraalagoinhas?igsh=YzgzdDJ1bWR3aWI4\" aria-label=\"SAVE_20251006_221555\"><img loading=\"lazy\" decoding=\"async\" src=\"https:\/\/newsinfoco.com.br\/inicio\/wp-content\/uploads\/2025\/10\/SAVE_20251006_221555-rotated.jpg\" alt=\"\"  srcset=\"https:\/\/newsinfoco.com.br\/inicio\/wp-content\/uploads\/2025\/10\/SAVE_20251006_221555-rotated.jpg 1140w, https:\/\/newsinfoco.com.br\/inicio\/wp-content\/uploads\/2025\/10\/SAVE_20251006_221555-300x52.jpg 300w, https:\/\/newsinfoco.com.br\/inicio\/wp-content\/uploads\/2025\/10\/SAVE_20251006_221555-1024x177.jpg 1024w, https:\/\/newsinfoco.com.br\/inicio\/wp-content\/uploads\/2025\/10\/SAVE_20251006_221555-768x133.jpg 768w, https:\/\/newsinfoco.com.br\/inicio\/wp-content\/uploads\/2025\/10\/SAVE_20251006_221555-600x104.jpg 600w, https:\/\/newsinfoco.com.br\/inicio\/wp-content\/uploads\/2025\/10\/SAVE_20251006_221555-696x120.jpg 696w, https:\/\/newsinfoco.com.br\/inicio\/wp-content\/uploads\/2025\/10\/SAVE_20251006_221555-1068x185.jpg 1068w\" sizes=\"(max-width: 1140px) 100vw, 1140px\" width=\"1140\" height=\"197\"   \/><\/a><\/div>\n<p style=\"text-align: justify;\">De acordo com a coordenadora geral da nova base, Silvia Telles, a mudan\u00e7a de espa\u00e7o e as adequa\u00e7\u00f5es na estrutura f\u00edsica foram fundamentais para assegurar o suporte a profissionais que trabalham diuturnamente no setor. \u201cVamos garantir a efetividade do servi\u00e7o, otimizando o tempo-resposta entre as chamadas da popula\u00e7\u00e3o e fortalecendo o encaminhamento ao servi\u00e7o hospitalar de refer\u00eancia. \u00c9 preciso ressaltar que as pessoas n\u00e3o v\u00e3o para a base do SAMU. Elas ligam e n\u00f3s prestamos o atendimento em qualquer hora e lugar. Com a nova estrutura, vamos acomodar melhor a parte administrativa do servi\u00e7o e os profissionais, garantindo o atendimento imediato \u00e0s chamadas\u201d, pontuou.<\/p>\n<p style=\"text-align: justify;\">A nova \u00e1rea foi reformada com recursos pr\u00f3prios do fundo municipal, destinados tamb\u00e9m \u00e0 aquisi\u00e7\u00e3o de equipamentos e adequa\u00e7\u00f5es na estrutura f\u00edsica, com pintura, sinaliza\u00e7\u00e3o e reforma do espa\u00e7o. Totalmente reestruturado pela gest\u00e3o, o SAMU disp\u00f5e agora de aparatos t\u00e9cnicos e im\u00f3vel adequado para o pleno funcionamento do servi\u00e7o, em detrimento das condi\u00e7\u00f5es anteriores a que a Administra\u00e7\u00e3o teve acesso quando assumiu o governo.<\/p>\n<p style=\"text-align: justify;\">Transferido do local onde funcionava anteriormente \u2013 conjugado ao Hospital Dantas Bi\u00e3o \u2013 o SAMU se instala, a partir de agora, no Jardim Petrolar, e a mudan\u00e7a foi realizada sem a interrup\u00e7\u00e3o do servi\u00e7o, que operou regularmente mesmo durante a inaugura\u00e7\u00e3o da nova base.<\/p>\n<p style=\"text-align: justify;\">\u201cSou melhor atendendo aos pacientes do que falando ao microfone, mas este projeto \u00e9 uma vit\u00f3ria muito grande, principalmente porque representa a aten\u00e7\u00e3o com os profissionais da sa\u00fade, fundamentais, porque lidam com a vida das pessoas\u201d, comentou o m\u00e9dico Liesidi Monteiro, h\u00e1 7 anos no SAMU, que representou a categoria.<\/p>\n<p style=\"text-align: justify;\">Para o secret\u00e1rio da pasta, Moacir Lira, a inaugura\u00e7\u00e3o faz parte de um conjunto de entregas da sa\u00fade, fruto de um trabalho coletivo, respons\u00e1vel e comprometido com a popula\u00e7\u00e3o. \u201cUma constru\u00e7\u00e3o como essa n\u00e3o se faz com poucas m\u00e3os. \u00c9 um empenho pessoal de cada um desses m\u00e9dicos, enfermeiros, t\u00e9cnicos, auxiliares, coordenadores, diretores, socorristas, condutores. Uma soma de potencialidades de profissionais que vestem a camisa. \u00c9 assim que se faz sa\u00fade em Alagoinhas e \u00e9 dessa forma que conquistamos avan\u00e7os, mesmo sabendo que lidamos, diariamente, com demandas infinitas de uma \u00e1rea que ainda precisa de muito acolhimento e investimento. A mudan\u00e7a de espa\u00e7o do SAMU \u00e9 providencial. N\u00e3o apenas porque o estado vai necessitar daquele local para a instala\u00e7\u00e3o do Hemoba, mas para alocar o servi\u00e7o em um espa\u00e7o que ofere\u00e7a melhor conforto \u00e0 equipe. \u00c9 mais um ponto de aten\u00e7\u00e3o de assist\u00eancia na rede qualificada\u201d, ressaltou.<\/p>\n<p style=\"text-align: justify;\">Steleyjanes Galdino Rodrigues, do controle social, representante do Conselho de Sa\u00fade, destacou o respeito, a \u00e9tica e o compromisso profissional como pilares essenciais para o desenvolvimento de um trabalho efetivo no setor e destacou a import\u00e2ncia do olhar t\u00e9cnico que tem trazido melhorias para as estruturas de sa\u00fade no munic\u00edpio.<\/p>\n<p style=\"text-align: justify;\">Com um investimento que beneficia n\u00e3o apenas aos mun\u00edcipes de Alagoinhas, mas a 17 cidades da \u00e1rea de abrang\u00eancia do Servi\u00e7o de Atendimento M\u00f3vel de Urg\u00eancia, o prefeito Joaquim Neto tem apostado na \u00e1rea como uma das prioridades da gest\u00e3o. \u201cA sa\u00fade \u00e9 um dos alicerces da minha administra\u00e7\u00e3o, e n\u00e3o por acaso, j\u00e1 que, como m\u00e9dico, sei da realidade e das necessidades da nossa popula\u00e7\u00e3o. Para lidar com a sa\u00fade, tem que gostar de gente, se doar, colocar-se \u00e0 disposi\u00e7\u00e3o das pessoas. Talvez por isso eu fique t\u00e3o feliz ao ver os nossos servi\u00e7os e os nossos profissionais chegando mais perto da nossa gente. Porque quando entregamos um equipamento como o SAMU, reformado, equipado, o que fazemos \u00e9 diminuir as dist\u00e2ncias entre os chamados, aumentando a efetividade do socorro prestado. H\u00e1 muito ainda para ser feito, porque a sa\u00fade \u00e9 uma \u00e1rea ampla, mas estamos avan\u00e7ando e vamos trazer ainda mais para a cidade\u201d, enfatizou.<\/p>\n<p style=\"text-align: justify;\">O presidente da associa\u00e7\u00e3o de moradores do bairro, Amarildo Tavares, falou sobre os investimentos no bairro, n\u00e3o apenas com a nova sede do SAMU, mas com a chegada da academia da sa\u00fade, com a unidade de sa\u00fade da fam\u00edlia inaugurada pela gest\u00e3o e tamb\u00e9m com as obras de infraestrutura em andamento na regi\u00e3o, e comentou sobre a import\u00e2ncia dessas a\u00e7\u00f5es para a comunidade.<\/p>\n<p style=\"text-align: justify;\">Al\u00e9m dos pronunciamentos oficiais, a solenidade de inaugura\u00e7\u00e3o contou com uma participa\u00e7\u00e3o especial do reverendo Weverton Guimar\u00e3es, da Igreja Batista Betel de Alagoinhas, que abriu o evento e promoveu um momento de ora\u00e7\u00e3o no local, pedindo pelos profissionais que atuam diariamente no SAMU. O l\u00edder religioso citou a passagem b\u00edblica \u201cn\u00e3o confie o homem no homem\u201d e levou a reflex\u00f5es sobre a vida e sobre a f\u00e9.<\/p>\n<p style=\"text-align: justify;\">A inaugura\u00e7\u00e3o da nova sede contou com a presen\u00e7a dos vereadores Cleto dos Santos, popularmente conhecido como \u201cCleto da Banana\u201d, que discorreu sobre a import\u00e2ncia do investimento em sa\u00fade no munic\u00edpio, de Raiumundo Alves, o \u201cGode\u201d, e de Juracy Nascimento.<\/p>\n<p style=\"text-align: justify;\">A SESAU informou que o SAMU presta socorro em qualquer lugar, seja ele privado ou p\u00fablico, e que o cidad\u00e3o pode efetuar a chamada de emerg\u00eancia gratuitamente atrav\u00e9s do 192. O servi\u00e7o funciona 24h, ininterruptamente, inclusive aos domingos e feriados.<\/p>\n<h6 style=\"text-align: right;\"><span style=\"color: #999999;\">Secom Alagoinhas<\/span><\/h6>\n<div class='share-to-whatsapp-wrapper'><div class='share-on-whsp'>Share on: <\/div><a data-text='Prefeitura de Alagoinhas inaugura nova base do SAMU' data-link='https:\/\/newsinfoco.com.br\/inicio\/prefeitura-de-alagoinhas-inaugura-nova-base-do-samu\/' class='whatsapp-button whatsapp-share'>WhatsApp<\/a><div class='clear '><\/div><\/div>","protected":false},"excerpt":{"rendered":"<p>A Prefeitura de Alagoinhas inaugurou, nesta sexta-feira (19), a nova base do SAMU, que conta agora com sala, copa, quarto de descanso para profissionais, estacionamento permanente para ambul\u00e2ncias, regula\u00e7\u00e3o, almoxarifado e dep\u00f3sito, em uma nova estrutura completamente equipada de acordo com as portarias estabelecidas e vigentes pelo Minist\u00e9rio da Sa\u00fade. Localizada no Jardim Petrolar, a [&hellip;]<\/p>\n","protected":false},"author":1,"featured_media":10700,"comment_status":"open","ping_status":"open","sticky":false,"template":"","format":"standard","meta":{"om_disable_all_campaigns":false,"_exactmetrics_skip_tracking":false,"_exactmetrics_sitenote_active":false,"_exactmetrics_sitenote_note":"","_exactmetrics_sitenote_category":0,"footnotes":""},"categories":[38,30],"tags":[],"class_list":["post-10699","post","type-post","status-publish","format-standard","has-post-thumbnail","hentry","category-alagoinhas-e-regiao","category-destaque"],"aioseo_notices":[],"_links":{"self":[{"href":"https:\/\/newsinfoco.com.br\/inicio\/wp-json\/wp\/v2\/posts\/10699","targetHints":{"allow":["GET"]}}],"collection":[{"href":"https:\/\/newsinfoco.com.br\/inicio\/wp-json\/wp\/v2\/posts"}],"about":[{"href":"https:\/\/newsinfoco.com.br\/inicio\/wp-json\/wp\/v2\/types\/post"}],"author":[{"embeddable":true,"href":"https:\/\/newsinfoco.com.br\/inicio\/wp-json\/wp\/v2\/users\/1"}],"replies":[{"embeddable":true,"href":"https:\/\/newsinfoco.com.br\/inicio\/wp-json\/wp\/v2\/comments?post=10699"}],"version-history":[{"count":0,"href":"https:\/\/newsinfoco.com.br\/inicio\/wp-json\/wp\/v2\/posts\/10699\/revisions"}],"wp:featuredmedia":[{"embeddable":true,"href":"https:\/\/newsinfoco.com.br\/inicio\/wp-json\/wp\/v2\/media\/10700"}],"wp:attachment":[{"href":"https:\/\/newsinfoco.com.br\/inicio\/wp-json\/wp\/v2\/media?parent=10699"}],"wp:term":[{"taxonomy":"category","embeddable":true,"href":"https:\/\/newsinfoco.com.br\/inicio\/wp-json\/wp\/v2\/categories?post=10699"},{"taxonomy":"post_tag","embeddable":true,"href":"https:\/\/newsinfoco.com.br\/inicio\/wp-json\/wp\/v2\/tags?post=10699"}],"curies":[{"name":"wp","href":"https:\/\/api.w.org\/{rel}","templated":true}]}}