{"id":10702,"date":"2018-10-20T18:16:19","date_gmt":"2018-10-20T21:16:19","guid":{"rendered":"http:\/\/newsinfoco.com.br\/?p=10702"},"modified":"2018-10-20T18:16:19","modified_gmt":"2018-10-20T21:16:19","slug":"confira-a-agenda-de-atividades-para-este-final-de-semana-em-alagoinhas","status":"publish","type":"post","link":"https:\/\/newsinfoco.com.br\/inicio\/confira-a-agenda-de-atividades-para-este-final-de-semana-em-alagoinhas\/","title":{"rendered":"Confira a agenda de atividades para este final de semana em Alagoinhas"},"content":{"rendered":"<p style=\"text-align: justify;\">Quem estiver na cidade durante o final de semana pode esperar op\u00e7\u00f5es variadas de lazer.<\/p>\n<p style=\"text-align: justify;\">No s\u00e1bado (20), a Associa\u00e7\u00e3o de Oncologia Nova Vida promove uma \u201cFeira Coletiva do Outubro Rosa\u201d, que deve levar oficinas, atendimentos de sa\u00fade, dicas de est\u00e9tica e dan\u00e7a ao Mercado do Artes\u00e3o a partir das 8h. A iniciativa conta com apoio da Secretaria Municipal de Sa\u00fade e da Secretaria de Assist\u00eancia Social, que levar\u00e1 o programa ACESSUAS, o Bolsa Fam\u00edlia e Centro de Refer\u00eancia em Assist\u00eancia \u00e0 Mulher (CRAM) para o espa\u00e7o.<\/p><div class=\"newsi-conteudo_19\" id=\"newsi-1313043299\"><a href=\"https:\/\/www.instagram.com\/prefeituraalagoinhas?igsh=YzgzdDJ1bWR3aWI4\" aria-label=\"SAVE_20251006_221555\"><img loading=\"lazy\" decoding=\"async\" src=\"https:\/\/newsinfoco.com.br\/inicio\/wp-content\/uploads\/2025\/10\/SAVE_20251006_221555-rotated.jpg\" alt=\"\"  srcset=\"https:\/\/newsinfoco.com.br\/inicio\/wp-content\/uploads\/2025\/10\/SAVE_20251006_221555-rotated.jpg 1140w, https:\/\/newsinfoco.com.br\/inicio\/wp-content\/uploads\/2025\/10\/SAVE_20251006_221555-300x52.jpg 300w, https:\/\/newsinfoco.com.br\/inicio\/wp-content\/uploads\/2025\/10\/SAVE_20251006_221555-1024x177.jpg 1024w, https:\/\/newsinfoco.com.br\/inicio\/wp-content\/uploads\/2025\/10\/SAVE_20251006_221555-768x133.jpg 768w, https:\/\/newsinfoco.com.br\/inicio\/wp-content\/uploads\/2025\/10\/SAVE_20251006_221555-600x104.jpg 600w, https:\/\/newsinfoco.com.br\/inicio\/wp-content\/uploads\/2025\/10\/SAVE_20251006_221555-696x120.jpg 696w, https:\/\/newsinfoco.com.br\/inicio\/wp-content\/uploads\/2025\/10\/SAVE_20251006_221555-1068x185.jpg 1068w\" sizes=\"(max-width: 1140px) 100vw, 1140px\" width=\"1140\" height=\"197\"   \/><\/a><\/div>\n<p style=\"text-align: justify;\">No domingo (21), a programa\u00e7\u00e3o \u00e9 esportiva. A partir das 8h, o Gin\u00e1sio de Esportes Ant\u00f4nio Carlos Magalh\u00e3es recebe o XI Campeonato Baiano de Karat\u00ea Yudansha, com disputas que marcam os 40 anos do karat\u00ea da fam\u00edlia Alves na Bahia e no Brasil.<\/p>\n<p style=\"text-align: justify;\">E no mesmo dia, a partir das 13h, Alagoinhas sedia a Copa de Fisiculturismo, realizada pela primeira vez na cidade. O evento, que acontece no Centro de Cultura, conta com a participa\u00e7\u00e3o de mais de 100 atletas da modalidade.<\/p>\n<p style=\"text-align: justify;\">O apoio \u00e0s iniciativas \u00e9 da Prefeitura Municipal de Alagoinhas, atrav\u00e9s da Secretaria de Cultura, Esporte e Turismo (SECET).<\/p>\n<p style=\"text-align: justify;\"><strong>Servi\u00e7o<\/strong><br \/>\n<strong>20\/10 (s\u00e1bado):<\/strong><br \/>\nFeira Coletiva do Outubro Rosa<br \/>\nHor\u00e1rio: Das 8h \u00e0s 13h<br \/>\nLocal: Mercado do Artes\u00e3o<\/p>\n<p style=\"text-align: justify;\"><strong>21\/10 (domingo):<\/strong><br \/>\n<strong>8h<\/strong> \u2013 XI Campeonato Baiano de Karat\u00ea Yudansha (Local: Gin\u00e1sio de Esportes)<br \/>\n<strong>13h<\/strong> \u2013 Copa de Fisiculturismo (Local: Centro de Cultura)<\/p>\n<div class='share-to-whatsapp-wrapper'><div class='share-on-whsp'>Share on: <\/div><a data-text='Confira a agenda de atividades para este final de semana em Alagoinhas' data-link='https:\/\/newsinfoco.com.br\/inicio\/confira-a-agenda-de-atividades-para-este-final-de-semana-em-alagoinhas\/' class='whatsapp-button whatsapp-share'>WhatsApp<\/a><div class='clear '><\/div><\/div>","protected":false},"excerpt":{"rendered":"<p>Quem estiver na cidade durante o final de semana pode esperar op\u00e7\u00f5es variadas de lazer. No s\u00e1bado (20), a Associa\u00e7\u00e3o de Oncologia Nova Vida promove uma \u201cFeira Coletiva do Outubro Rosa\u201d, que deve levar oficinas, atendimentos de sa\u00fade, dicas de est\u00e9tica e dan\u00e7a ao Mercado do Artes\u00e3o a partir das 8h. A iniciativa conta com [&hellip;]<\/p>\n","protected":false},"author":1,"featured_media":10703,"comment_status":"open","ping_status":"open","sticky":false,"template":"","format":"standard","meta":{"om_disable_all_campaigns":false,"_exactmetrics_skip_tracking":false,"_exactmetrics_sitenote_active":false,"_exactmetrics_sitenote_note":"","_exactmetrics_sitenote_category":0,"footnotes":""},"categories":[38,30],"tags":[],"class_list":["post-10702","post","type-post","status-publish","format-standard","has-post-thumbnail","hentry","category-alagoinhas-e-regiao","category-destaque"],"aioseo_notices":[],"_links":{"self":[{"href":"https:\/\/newsinfoco.com.br\/inicio\/wp-json\/wp\/v2\/posts\/10702","targetHints":{"allow":["GET"]}}],"collection":[{"href":"https:\/\/newsinfoco.com.br\/inicio\/wp-json\/wp\/v2\/posts"}],"about":[{"href":"https:\/\/newsinfoco.com.br\/inicio\/wp-json\/wp\/v2\/types\/post"}],"author":[{"embeddable":true,"href":"https:\/\/newsinfoco.com.br\/inicio\/wp-json\/wp\/v2\/users\/1"}],"replies":[{"embeddable":true,"href":"https:\/\/newsinfoco.com.br\/inicio\/wp-json\/wp\/v2\/comments?post=10702"}],"version-history":[{"count":0,"href":"https:\/\/newsinfoco.com.br\/inicio\/wp-json\/wp\/v2\/posts\/10702\/revisions"}],"wp:featuredmedia":[{"embeddable":true,"href":"https:\/\/newsinfoco.com.br\/inicio\/wp-json\/wp\/v2\/media\/10703"}],"wp:attachment":[{"href":"https:\/\/newsinfoco.com.br\/inicio\/wp-json\/wp\/v2\/media?parent=10702"}],"wp:term":[{"taxonomy":"category","embeddable":true,"href":"https:\/\/newsinfoco.com.br\/inicio\/wp-json\/wp\/v2\/categories?post=10702"},{"taxonomy":"post_tag","embeddable":true,"href":"https:\/\/newsinfoco.com.br\/inicio\/wp-json\/wp\/v2\/tags?post=10702"}],"curies":[{"name":"wp","href":"https:\/\/api.w.org\/{rel}","templated":true}]}}