{"id":10705,"date":"2018-10-21T13:55:56","date_gmt":"2018-10-21T15:55:56","guid":{"rendered":"http:\/\/newsinfoco.com.br\/?p=10705"},"modified":"2018-10-21T14:08:09","modified_gmt":"2018-10-21T16:08:09","slug":"apos-fortes-chuvas-neste-domingo21-varios-pontos-de-alagoinhas-registram-alagamentos-prefeito-forma-gabinete-de-crise","status":"publish","type":"post","link":"https:\/\/newsinfoco.com.br\/inicio\/apos-fortes-chuvas-neste-domingo21-varios-pontos-de-alagoinhas-registram-alagamentos-prefeito-forma-gabinete-de-crise\/","title":{"rendered":"Ap\u00f3s fortes chuvas neste domingo(21), v\u00e1rios pontos de Alagoinhas registram alagamentos; prefeito forma gabinete de crise"},"content":{"rendered":"<p style=\"text-align: justify;\">Ap\u00f3s as fortes chuvas que se iniciaram na madrugada e se estenderam at\u00e9 a manh\u00e3 de hoje(21), v\u00e1rios pontos de Alagoinhas registraram alagamentos.<\/p>\n<p style=\"text-align: justify;\">A equipe do site News Infoco identificou pontos de alagamentos no Parque da Jaqueira, Silva Jardim, Cavada, Urbis 3, 21 de setembro, Petrolar e 15 de novembro.<\/p><div class=\"newsi-conteudo_19\" id=\"newsi-4095303360\"><a href=\"https:\/\/www.instagram.com\/prefeituraalagoinhas?igsh=YzgzdDJ1bWR3aWI4\" aria-label=\"SAVE_20251006_221555\"><img loading=\"lazy\" decoding=\"async\" src=\"https:\/\/newsinfoco.com.br\/inicio\/wp-content\/uploads\/2025\/10\/SAVE_20251006_221555-rotated.jpg\" alt=\"\"  srcset=\"https:\/\/newsinfoco.com.br\/inicio\/wp-content\/uploads\/2025\/10\/SAVE_20251006_221555-rotated.jpg 1140w, https:\/\/newsinfoco.com.br\/inicio\/wp-content\/uploads\/2025\/10\/SAVE_20251006_221555-300x52.jpg 300w, https:\/\/newsinfoco.com.br\/inicio\/wp-content\/uploads\/2025\/10\/SAVE_20251006_221555-1024x177.jpg 1024w, https:\/\/newsinfoco.com.br\/inicio\/wp-content\/uploads\/2025\/10\/SAVE_20251006_221555-768x133.jpg 768w, https:\/\/newsinfoco.com.br\/inicio\/wp-content\/uploads\/2025\/10\/SAVE_20251006_221555-600x104.jpg 600w, https:\/\/newsinfoco.com.br\/inicio\/wp-content\/uploads\/2025\/10\/SAVE_20251006_221555-696x120.jpg 696w, https:\/\/newsinfoco.com.br\/inicio\/wp-content\/uploads\/2025\/10\/SAVE_20251006_221555-1068x185.jpg 1068w\" sizes=\"(max-width: 1140px) 100vw, 1140px\" width=\"1140\" height=\"197\"   \/><\/a><\/div>\n<p><a href=\"http:\/\/newsinfoco.com.br\/wp-content\/uploads\/2018\/10\/IMG-20181021-WA0066.jpg\"><img loading=\"lazy\" decoding=\"async\" class=\"aligncenter size-large wp-image-10706\" src=\"http:\/\/newsinfoco.com.br\/wp-content\/uploads\/2018\/10\/IMG-20181021-WA0066-614x1024.jpg\" alt=\"\" width=\"614\" height=\"1024\" srcset=\"https:\/\/newsinfoco.com.br\/inicio\/wp-content\/uploads\/2018\/10\/IMG-20181021-WA0066-614x1024.jpg 614w, https:\/\/newsinfoco.com.br\/inicio\/wp-content\/uploads\/2018\/10\/IMG-20181021-WA0066-180x300.jpg 180w, https:\/\/newsinfoco.com.br\/inicio\/wp-content\/uploads\/2018\/10\/IMG-20181021-WA0066.jpg 768w, https:\/\/newsinfoco.com.br\/inicio\/wp-content\/uploads\/2018\/10\/IMG-20181021-WA0066-600x1000.jpg 600w, https:\/\/newsinfoco.com.br\/inicio\/wp-content\/uploads\/2018\/10\/IMG-20181021-WA0066-696x1160.jpg 696w, https:\/\/newsinfoco.com.br\/inicio\/wp-content\/uploads\/2018\/10\/IMG-20181021-WA0066-252x420.jpg 252w\" sizes=\"auto, (max-width: 614px) 100vw, 614px\" \/><\/a> <a href=\"http:\/\/newsinfoco.com.br\/wp-content\/uploads\/2018\/10\/IMG-20181021-WA0067.jpg\"><img loading=\"lazy\" decoding=\"async\" class=\"aligncenter wp-image-10707 size-full\" src=\"http:\/\/newsinfoco.com.br\/wp-content\/uploads\/2018\/10\/IMG-20181021-WA0067.jpg\" alt=\"\" width=\"480\" height=\"872\" srcset=\"https:\/\/newsinfoco.com.br\/inicio\/wp-content\/uploads\/2018\/10\/IMG-20181021-WA0067.jpg 480w, https:\/\/newsinfoco.com.br\/inicio\/wp-content\/uploads\/2018\/10\/IMG-20181021-WA0067-165x300.jpg 165w, https:\/\/newsinfoco.com.br\/inicio\/wp-content\/uploads\/2018\/10\/IMG-20181021-WA0067-231x420.jpg 231w\" sizes=\"auto, (max-width: 480px) 100vw, 480px\" \/><\/a> <a href=\"http:\/\/newsinfoco.com.br\/wp-content\/uploads\/2018\/10\/IMG-20181021-WA0068.jpg\"><img loading=\"lazy\" decoding=\"async\" class=\"aligncenter wp-image-10708 size-full\" src=\"http:\/\/newsinfoco.com.br\/wp-content\/uploads\/2018\/10\/IMG-20181021-WA0068.jpg\" alt=\"\" width=\"480\" height=\"872\" srcset=\"https:\/\/newsinfoco.com.br\/inicio\/wp-content\/uploads\/2018\/10\/IMG-20181021-WA0068.jpg 480w, https:\/\/newsinfoco.com.br\/inicio\/wp-content\/uploads\/2018\/10\/IMG-20181021-WA0068-165x300.jpg 165w, https:\/\/newsinfoco.com.br\/inicio\/wp-content\/uploads\/2018\/10\/IMG-20181021-WA0068-231x420.jpg 231w\" sizes=\"auto, (max-width: 480px) 100vw, 480px\" \/><\/a> <a href=\"http:\/\/newsinfoco.com.br\/wp-content\/uploads\/2018\/10\/IMG-20181021-WA0069.jpg\"><img loading=\"lazy\" decoding=\"async\" class=\"alignnone wp-image-10709 size-full\" src=\"http:\/\/newsinfoco.com.br\/wp-content\/uploads\/2018\/10\/IMG-20181021-WA0069.jpg\" alt=\"\" width=\"480\" height=\"640\" srcset=\"https:\/\/newsinfoco.com.br\/inicio\/wp-content\/uploads\/2018\/10\/IMG-20181021-WA0069.jpg 480w, https:\/\/newsinfoco.com.br\/inicio\/wp-content\/uploads\/2018\/10\/IMG-20181021-WA0069-225x300.jpg 225w, https:\/\/newsinfoco.com.br\/inicio\/wp-content\/uploads\/2018\/10\/IMG-20181021-WA0069-315x420.jpg 315w\" sizes=\"auto, (max-width: 480px) 100vw, 480px\" \/><\/a><\/p>\n<p style=\"text-align: justify;\">No centro da cidade, o rio catu quase transborda, como mostra a imagem.<\/p>\n<p style=\"text-align: justify;\"><a href=\"http:\/\/newsinfoco.com.br\/wp-content\/uploads\/2018\/10\/IMG-20181021-WA0065.jpg\"><img loading=\"lazy\" decoding=\"async\" class=\"aligncenter size-large wp-image-10710\" src=\"http:\/\/newsinfoco.com.br\/wp-content\/uploads\/2018\/10\/IMG-20181021-WA0065-576x1024.jpg\" alt=\"\" width=\"576\" height=\"1024\" srcset=\"https:\/\/newsinfoco.com.br\/inicio\/wp-content\/uploads\/2018\/10\/IMG-20181021-WA0065-576x1024.jpg 576w, https:\/\/newsinfoco.com.br\/inicio\/wp-content\/uploads\/2018\/10\/IMG-20181021-WA0065-169x300.jpg 169w, https:\/\/newsinfoco.com.br\/inicio\/wp-content\/uploads\/2018\/10\/IMG-20181021-WA0065-600x1067.jpg 600w, https:\/\/newsinfoco.com.br\/inicio\/wp-content\/uploads\/2018\/10\/IMG-20181021-WA0065-696x1237.jpg 696w, https:\/\/newsinfoco.com.br\/inicio\/wp-content\/uploads\/2018\/10\/IMG-20181021-WA0065-236x420.jpg 236w, https:\/\/newsinfoco.com.br\/inicio\/wp-content\/uploads\/2018\/10\/IMG-20181021-WA0065.jpg 720w\" sizes=\"auto, (max-width: 576px) 100vw, 576px\" \/><\/a>Na Travessa Nossa Senhora da Concei\u00e7\u00e3o, em Alagoinhas Velha, o ch\u00e3o chegou a sofrer eros\u00e3o por causa da a\u00e7\u00e3o da chuva e casas correm risco de desabamento, segundo moradores.<\/p>\n<p style=\"text-align: justify;\"><a href=\"http:\/\/newsinfoco.com.br\/wp-content\/uploads\/2018\/10\/IMG-20181021-WA0079.jpg\"><img loading=\"lazy\" decoding=\"async\" class=\"aligncenter size-large wp-image-10711\" src=\"http:\/\/newsinfoco.com.br\/wp-content\/uploads\/2018\/10\/IMG-20181021-WA0079-577x1024.jpg\" alt=\"\" width=\"577\" height=\"1024\" srcset=\"https:\/\/newsinfoco.com.br\/inicio\/wp-content\/uploads\/2018\/10\/IMG-20181021-WA0079-577x1024.jpg 577w, https:\/\/newsinfoco.com.br\/inicio\/wp-content\/uploads\/2018\/10\/IMG-20181021-WA0079-169x300.jpg 169w, https:\/\/newsinfoco.com.br\/inicio\/wp-content\/uploads\/2018\/10\/IMG-20181021-WA0079-600x1065.jpg 600w, https:\/\/newsinfoco.com.br\/inicio\/wp-content\/uploads\/2018\/10\/IMG-20181021-WA0079-696x1236.jpg 696w, https:\/\/newsinfoco.com.br\/inicio\/wp-content\/uploads\/2018\/10\/IMG-20181021-WA0079-237x420.jpg 237w, https:\/\/newsinfoco.com.br\/inicio\/wp-content\/uploads\/2018\/10\/IMG-20181021-WA0079.jpg 721w\" sizes=\"auto, (max-width: 577px) 100vw, 577px\" \/><\/a><a href=\"http:\/\/newsinfoco.com.br\/wp-content\/uploads\/2018\/10\/IMG-20181021-WA0080.jpg\"><img loading=\"lazy\" decoding=\"async\" class=\"aligncenter size-large wp-image-10712\" src=\"http:\/\/newsinfoco.com.br\/wp-content\/uploads\/2018\/10\/IMG-20181021-WA0080-577x1024.jpg\" alt=\"\" width=\"577\" height=\"1024\" srcset=\"https:\/\/newsinfoco.com.br\/inicio\/wp-content\/uploads\/2018\/10\/IMG-20181021-WA0080-577x1024.jpg 577w, https:\/\/newsinfoco.com.br\/inicio\/wp-content\/uploads\/2018\/10\/IMG-20181021-WA0080-169x300.jpg 169w, https:\/\/newsinfoco.com.br\/inicio\/wp-content\/uploads\/2018\/10\/IMG-20181021-WA0080-600x1065.jpg 600w, https:\/\/newsinfoco.com.br\/inicio\/wp-content\/uploads\/2018\/10\/IMG-20181021-WA0080-696x1236.jpg 696w, https:\/\/newsinfoco.com.br\/inicio\/wp-content\/uploads\/2018\/10\/IMG-20181021-WA0080-237x420.jpg 237w, https:\/\/newsinfoco.com.br\/inicio\/wp-content\/uploads\/2018\/10\/IMG-20181021-WA0080.jpg 721w\" sizes=\"auto, (max-width: 577px) 100vw, 577px\" \/><\/a>Assim que soube dos efeitos da chuva, o prefeito convocou um gabinete de crise formado pelas secretarias de infraestrutura, servi\u00e7os p\u00fablicos, assist\u00eancia social, governo, al\u00e9m do SAAE e da SMTT. Medidas de urg\u00eancia como drenagem de vias e conten\u00e7\u00f5es foram iniciadas.<\/p>\n<p style=\"text-align: justify;\">A guarda municipal tamb\u00e9m est\u00e1 sendo utilizada nas a\u00e7\u00f5es e a SEMAS trabalha na identifica\u00e7\u00e3o de moradores que necessitam de algum tipo de assist\u00eancia por parte da secretaria.<\/p>\n<p style=\"text-align: justify;\">Funcion\u00e1rios do SAAE, da SESEP, da SECIN trabalham em regime de plant\u00e3o.<\/p>\n<p style=\"text-align: justify;\">O prefeito Joaquim Neto em contato com o site News Infoco lamentou os transtornos provocados pelos efeitos da forte chuva.<\/p>\n<p style=\"text-align: justify;\">Ele tamb\u00e9m disse que em muitos lugares alagamentos foram evitados ou tiveram seus efeitos diminu\u00eddos pelo trabalho de limpeza e desobstru\u00e7\u00e3o de bueiros feitos pelas secretarias de infraestrutura e servi\u00e7os p\u00fablicos.<\/p>\n<p style=\"text-align: justify;\">Joaquim falou que todas as aten\u00e7\u00f5es do governo neste momento est\u00e3o voltadas para a drenagem, recupera\u00e7\u00e3o das vias e assist\u00eancia \u00e0s fam\u00edlias afetadas pelos alagamentos.<\/p>\n<p style=\"text-align: justify;\">Ele tamb\u00e9m ressaltou a import\u00e2ncia das obras de macro drenagem da Santa Terezinha e da Cavada, or\u00e7adas em 15 milh\u00f5es de reais, que est\u00e3o sendo realizadas pela sua gest\u00e3o e que resolver\u00e3o grande parte dos alagamentos que ocorrem na cidade.<\/p>\n<h6 style=\"text-align: right;\"><span style=\"color: #999999;\">Por Caio Pimenta para o News Infoco<\/span><\/h6>\n<p style=\"text-align: justify;\">\n<div class='share-to-whatsapp-wrapper'><div class='share-on-whsp'>Share on: <\/div><a data-text='Ap\u00f3s fortes chuvas neste domingo(21), v\u00e1rios pontos de Alagoinhas registram alagamentos; prefeito forma gabinete de crise' data-link='https:\/\/newsinfoco.com.br\/inicio\/apos-fortes-chuvas-neste-domingo21-varios-pontos-de-alagoinhas-registram-alagamentos-prefeito-forma-gabinete-de-crise\/' class='whatsapp-button whatsapp-share'>WhatsApp<\/a><div class='clear '><\/div><\/div>","protected":false},"excerpt":{"rendered":"<p>Ap\u00f3s as fortes chuvas que se iniciaram na madrugada e se estenderam at\u00e9 a manh\u00e3 de hoje(21), v\u00e1rios pontos de Alagoinhas registraram alagamentos. A equipe do site News Infoco identificou pontos de alagamentos no Parque da Jaqueira, Silva Jardim, Cavada, Urbis 3, 21 de setembro, Petrolar e 15 de novembro. No centro da cidade, o [&hellip;]<\/p>\n","protected":false},"author":1,"featured_media":10713,"comment_status":"open","ping_status":"open","sticky":false,"template":"","format":"standard","meta":{"om_disable_all_campaigns":false,"_exactmetrics_skip_tracking":false,"_exactmetrics_sitenote_active":false,"_exactmetrics_sitenote_note":"","_exactmetrics_sitenote_category":0,"footnotes":""},"categories":[38,30],"tags":[],"class_list":["post-10705","post","type-post","status-publish","format-standard","has-post-thumbnail","hentry","category-alagoinhas-e-regiao","category-destaque"],"aioseo_notices":[],"_links":{"self":[{"href":"https:\/\/newsinfoco.com.br\/inicio\/wp-json\/wp\/v2\/posts\/10705","targetHints":{"allow":["GET"]}}],"collection":[{"href":"https:\/\/newsinfoco.com.br\/inicio\/wp-json\/wp\/v2\/posts"}],"about":[{"href":"https:\/\/newsinfoco.com.br\/inicio\/wp-json\/wp\/v2\/types\/post"}],"author":[{"embeddable":true,"href":"https:\/\/newsinfoco.com.br\/inicio\/wp-json\/wp\/v2\/users\/1"}],"replies":[{"embeddable":true,"href":"https:\/\/newsinfoco.com.br\/inicio\/wp-json\/wp\/v2\/comments?post=10705"}],"version-history":[{"count":0,"href":"https:\/\/newsinfoco.com.br\/inicio\/wp-json\/wp\/v2\/posts\/10705\/revisions"}],"wp:featuredmedia":[{"embeddable":true,"href":"https:\/\/newsinfoco.com.br\/inicio\/wp-json\/wp\/v2\/media\/10713"}],"wp:attachment":[{"href":"https:\/\/newsinfoco.com.br\/inicio\/wp-json\/wp\/v2\/media?parent=10705"}],"wp:term":[{"taxonomy":"category","embeddable":true,"href":"https:\/\/newsinfoco.com.br\/inicio\/wp-json\/wp\/v2\/categories?post=10705"},{"taxonomy":"post_tag","embeddable":true,"href":"https:\/\/newsinfoco.com.br\/inicio\/wp-json\/wp\/v2\/tags?post=10705"}],"curies":[{"name":"wp","href":"https:\/\/api.w.org\/{rel}","templated":true}]}}