{"id":1072,"date":"2018-03-12T16:47:52","date_gmt":"2018-03-12T19:47:52","guid":{"rendered":"http:\/\/newsinfoco.com.br\/?p=1072"},"modified":"2018-03-12T16:47:52","modified_gmt":"2018-03-12T19:47:52","slug":"prefeitura-anuncia-construcao-de-tres-novas-creches-em-alagoinhas","status":"publish","type":"post","link":"https:\/\/newsinfoco.com.br\/inicio\/prefeitura-anuncia-construcao-de-tres-novas-creches-em-alagoinhas\/","title":{"rendered":"Prefeitura anuncia constru\u00e7\u00e3o de tr\u00eas novas creches em Alagoinhas"},"content":{"rendered":"<p style=\"text-align: justify;\">A Prefeitura Municipal, por meio da Secretaria de Educa\u00e7\u00e3o (SEDUC), comunicou que o munic\u00edpio deve contar, em breve, com 3 novas creches: uma no Barreiro, uma no Urupiara e uma no Jardim Petrolar.<\/p>\n<p style=\"text-align: justify;\">De acordo com o Secret\u00e1rio de Educa\u00e7\u00e3o, Fabr\u00edcio Faro, as obras, juntas, devem somar um investimento de R$ 6,9 mi no setor. \u201cS\u00e3o recursos do FNDE, o Fundo Nacional de Desenvolvimento da Educa\u00e7\u00e3o. Teoricamente, essas creches j\u00e1 estavam perdidas e, nessa gest\u00e3o, n\u00f3s resgatamos com o empenho de toda a equipe de manuten\u00e7\u00e3o, procuradoria jur\u00eddica, com apoio do deputado Paulo Azi e do presidente do FNDE, que entendeu que era uma necessidade do munic\u00edpio\u201d, explicou.<\/p><div class=\"newsi-conteudo_19\" id=\"newsi-1898250662\"><a href=\"https:\/\/www.instagram.com\/prefeituraalagoinhas?igsh=YzgzdDJ1bWR3aWI4\" aria-label=\"SAVE_20251006_221555\"><img loading=\"lazy\" decoding=\"async\" src=\"https:\/\/newsinfoco.com.br\/inicio\/wp-content\/uploads\/2025\/10\/SAVE_20251006_221555-rotated.jpg\" alt=\"\"  srcset=\"https:\/\/newsinfoco.com.br\/inicio\/wp-content\/uploads\/2025\/10\/SAVE_20251006_221555-rotated.jpg 1140w, https:\/\/newsinfoco.com.br\/inicio\/wp-content\/uploads\/2025\/10\/SAVE_20251006_221555-300x52.jpg 300w, https:\/\/newsinfoco.com.br\/inicio\/wp-content\/uploads\/2025\/10\/SAVE_20251006_221555-1024x177.jpg 1024w, https:\/\/newsinfoco.com.br\/inicio\/wp-content\/uploads\/2025\/10\/SAVE_20251006_221555-768x133.jpg 768w, https:\/\/newsinfoco.com.br\/inicio\/wp-content\/uploads\/2025\/10\/SAVE_20251006_221555-600x104.jpg 600w, https:\/\/newsinfoco.com.br\/inicio\/wp-content\/uploads\/2025\/10\/SAVE_20251006_221555-696x120.jpg 696w, https:\/\/newsinfoco.com.br\/inicio\/wp-content\/uploads\/2025\/10\/SAVE_20251006_221555-1068x185.jpg 1068w\" sizes=\"(max-width: 1140px) 100vw, 1140px\" width=\"1140\" height=\"197\"   \/><\/a><\/div>\n<p style=\"text-align: justify;\">Fabr\u00edcio Faro destacou que a a\u00e7\u00e3o \u00e9 fruto da dedica\u00e7\u00e3o da equipe e da vontade pol\u00edtica do prefeito, que determinou a busca pela regulariza\u00e7\u00e3o dos terrenos onde as unidades estavam instaladas. \u201cAt\u00e9 ent\u00e3o, elas estavam locadas em terrenos que n\u00e3o tinham sequer escritura. Todo esse empenho foi justamente para a gente conquistar, agora no final do ano, a efetiva assinatura desse termo de compromisso\u201d, assegurou.<\/p>\n<p style=\"text-align: justify;\">As obras devem beneficiar, no total, cerca de 500 crian\u00e7as do munic\u00edpio. A SEDUC informou que a previs\u00e3o \u00e9 de que o processo licitat\u00f3rio para as unidades do Barreiro e do Urupiara saia ainda no m\u00eas de mar\u00e7o e que a licita\u00e7\u00e3o do Jardim Petrolar se d\u00ea em abril. \u201cLogo depois dos tr\u00e2mites normais, o prefeito d\u00e1 a ordem de servi\u00e7o. Acredito que, para 2019, a gente j\u00e1 tenha matr\u00edculas nessas creches\u201d, finalizou o Secret\u00e1rio de Educa\u00e7\u00e3o.<\/p>\n<h6 style=\"text-align: right;\"><span style=\"color: #999999;\">fonte: Secom Alagoinhas<\/span><\/h6>\n<div class='share-to-whatsapp-wrapper'><div class='share-on-whsp'>Share on: <\/div><a data-text='Prefeitura anuncia constru\u00e7\u00e3o de tr\u00eas novas creches em Alagoinhas' data-link='https:\/\/newsinfoco.com.br\/inicio\/prefeitura-anuncia-construcao-de-tres-novas-creches-em-alagoinhas\/' class='whatsapp-button whatsapp-share'>WhatsApp<\/a><div class='clear '><\/div><\/div>","protected":false},"excerpt":{"rendered":"<p>A Prefeitura Municipal, por meio da Secretaria de Educa\u00e7\u00e3o (SEDUC), comunicou que o munic\u00edpio deve contar, em breve, com 3 novas creches: uma no Barreiro, uma no Urupiara e uma no Jardim Petrolar. De acordo com o Secret\u00e1rio de Educa\u00e7\u00e3o, Fabr\u00edcio Faro, as obras, juntas, devem somar um investimento de R$ 6,9 mi no setor. [&hellip;]<\/p>\n","protected":false},"author":1,"featured_media":1073,"comment_status":"open","ping_status":"open","sticky":false,"template":"","format":"standard","meta":{"om_disable_all_campaigns":false,"_exactmetrics_skip_tracking":false,"_exactmetrics_sitenote_active":false,"_exactmetrics_sitenote_note":"","_exactmetrics_sitenote_category":0,"footnotes":""},"categories":[38,30],"tags":[],"class_list":["post-1072","post","type-post","status-publish","format-standard","has-post-thumbnail","hentry","category-alagoinhas-e-regiao","category-destaque"],"aioseo_notices":[],"_links":{"self":[{"href":"https:\/\/newsinfoco.com.br\/inicio\/wp-json\/wp\/v2\/posts\/1072","targetHints":{"allow":["GET"]}}],"collection":[{"href":"https:\/\/newsinfoco.com.br\/inicio\/wp-json\/wp\/v2\/posts"}],"about":[{"href":"https:\/\/newsinfoco.com.br\/inicio\/wp-json\/wp\/v2\/types\/post"}],"author":[{"embeddable":true,"href":"https:\/\/newsinfoco.com.br\/inicio\/wp-json\/wp\/v2\/users\/1"}],"replies":[{"embeddable":true,"href":"https:\/\/newsinfoco.com.br\/inicio\/wp-json\/wp\/v2\/comments?post=1072"}],"version-history":[{"count":0,"href":"https:\/\/newsinfoco.com.br\/inicio\/wp-json\/wp\/v2\/posts\/1072\/revisions"}],"wp:featuredmedia":[{"embeddable":true,"href":"https:\/\/newsinfoco.com.br\/inicio\/wp-json\/wp\/v2\/media\/1073"}],"wp:attachment":[{"href":"https:\/\/newsinfoco.com.br\/inicio\/wp-json\/wp\/v2\/media?parent=1072"}],"wp:term":[{"taxonomy":"category","embeddable":true,"href":"https:\/\/newsinfoco.com.br\/inicio\/wp-json\/wp\/v2\/categories?post=1072"},{"taxonomy":"post_tag","embeddable":true,"href":"https:\/\/newsinfoco.com.br\/inicio\/wp-json\/wp\/v2\/tags?post=1072"}],"curies":[{"name":"wp","href":"https:\/\/api.w.org\/{rel}","templated":true}]}}