{"id":10721,"date":"2018-10-21T14:56:55","date_gmt":"2018-10-21T16:56:55","guid":{"rendered":"http:\/\/newsinfoco.com.br\/?p=10721"},"modified":"2018-10-21T14:56:55","modified_gmt":"2018-10-21T16:56:55","slug":"tse-suspende-propaganda-do-pt-que-associa-bolsonaro-a-tortura","status":"publish","type":"post","link":"https:\/\/newsinfoco.com.br\/inicio\/tse-suspende-propaganda-do-pt-que-associa-bolsonaro-a-tortura\/","title":{"rendered":"TSE suspende propaganda do PT que associa Bolsonaro \u00e0 tortura"},"content":{"rendered":"<p style=\"text-align: justify;\">O Tribunal Superior Eleitoral, em decis\u00e3o liminar do ministro Lu\u00eds Felipe Salom\u00e3o, suspendeu a veicula\u00e7\u00e3o da pe\u00e7a de propaganda televisiva da coliga\u00e7\u00e3o do candidato a presidente da Rep\u00fablica Fernando Haddad (PT) que exibe cenas de tortura e exp\u00f5e fala do candidato Jair Bolsonaro como sendo favor\u00e1vel a essa pr\u00e1tica. A decis\u00e3o atende a um pedido da coliga\u00e7\u00e3o do PSL.<\/p>\n<p style=\"text-align: justify;\">Os advogados alegaram que a propaganda induz o eleitor a pensar que, se Bolsonaro for eleito, vai perseguir e torturar eventuais opositores pol\u00edticos; dessa forma, a propaganda, segundo os advogados, estaria colocando medo e acirrando os \u00e2nimos da popula\u00e7\u00e3o promovendo confronto entre apoiadores dos dois candidatos.<\/p><div class=\"newsi-conteudo_19\" id=\"newsi-674226745\"><a href=\"https:\/\/www.instagram.com\/prefeituraalagoinhas?igsh=YzgzdDJ1bWR3aWI4\" aria-label=\"SAVE_20251006_221555\"><img loading=\"lazy\" decoding=\"async\" src=\"https:\/\/newsinfoco.com.br\/inicio\/wp-content\/uploads\/2025\/10\/SAVE_20251006_221555-rotated.jpg\" alt=\"\"  srcset=\"https:\/\/newsinfoco.com.br\/inicio\/wp-content\/uploads\/2025\/10\/SAVE_20251006_221555-rotated.jpg 1140w, https:\/\/newsinfoco.com.br\/inicio\/wp-content\/uploads\/2025\/10\/SAVE_20251006_221555-300x52.jpg 300w, https:\/\/newsinfoco.com.br\/inicio\/wp-content\/uploads\/2025\/10\/SAVE_20251006_221555-1024x177.jpg 1024w, https:\/\/newsinfoco.com.br\/inicio\/wp-content\/uploads\/2025\/10\/SAVE_20251006_221555-768x133.jpg 768w, https:\/\/newsinfoco.com.br\/inicio\/wp-content\/uploads\/2025\/10\/SAVE_20251006_221555-600x104.jpg 600w, https:\/\/newsinfoco.com.br\/inicio\/wp-content\/uploads\/2025\/10\/SAVE_20251006_221555-696x120.jpg 696w, https:\/\/newsinfoco.com.br\/inicio\/wp-content\/uploads\/2025\/10\/SAVE_20251006_221555-1068x185.jpg 1068w\" sizes=\"(max-width: 1140px) 100vw, 1140px\" width=\"1140\" height=\"197\"   \/><\/a><\/div>\n<p style=\"text-align: justify;\">O ministro Salom\u00e3o, na decis\u00e3o publicada neste s\u00e1bado, 20, afirmou que a \u201ca pe\u00e7a publicit\u00e1ria impugnada ultrapassou os limites da razoabilidade e infringiu a legisla\u00e7\u00e3o eleitoral\u201d e que \u201co conte\u00fado da m\u00eddia, diante das cenas de viol\u00eancia, destina-se \u00e0 faixa et\u00e1ria acima dos 14 anos, e s\u00f3 poderia ser veiculada, na televis\u00e3o, ap\u00f3s \u00e0s 21h\u201d.<\/p>\n<p style=\"text-align: justify;\">\u201cObservando a sequ\u00eancia das cenas e a imputa\u00e7\u00e3o formalizada ao candidato impugnante e seus eleitores\/apoiadores, percebo que a pe\u00e7a televisiva tem mesmo potencial para \u2018criar, artificialmente, na opini\u00e3o p\u00fablica, estados mentais, emocionais ou passionais&#8217;\u201d, disse o ministro do TSE, que \u00e9 tamb\u00e9m ministro do Superior Tribunal de Justi\u00e7a (STJ).<\/p>\n<p style=\"text-align: justify;\">A propaganda resgata um v\u00eddeo em que Bolsonaro se diz favor\u00e1vel \u00e0 tortura, em um programa de televis\u00e3o. \u201cEu sou favor\u00e1vel a tortura, tu sabe disso\u201d, diz Bolsonaro no v\u00eddeo exposto. A pe\u00e7a tamb\u00e9m mostra o deputado federal defendendo a mem\u00f3ria do coronel Brilhante Ustra na vota\u00e7\u00e3o do impeachment da presidente Dilma Rousseff (\u201cPela mem\u00f3ria do coronel Carlos Alberto Brilhante Ustra\u201d).<\/p>\n<p style=\"text-align: justify;\">A pe\u00e7a publicit\u00e1ria da coliga\u00e7\u00e3o do candidato Fernando Haddad exp\u00f5e trechos de cenas de tortura do filme Batismo de Sangue (2006), dirigido por Helv\u00e9cio Ratton, e mostra depoimento da escritora Amelinha Teles, que foi torturada pelo Coronel Carlos Alberto Brilhante Ustra durante a ditadura militar.<\/p>\n<p style=\"text-align: justify;\">Outra fala de Bolsonaro exposta \u00e9 uma em que ele fala sobre morte de inocentes. \u201cAtrav\u00e9s do voto, voc\u00ea! N\u00e3o vai mudar nada nesse pa\u00eds. Voc\u00ea s\u00f3 vai mudar, infelizmente, quando um dia n\u00f3s partimos para uma guerra civil aqui dentro. E fazendo um trabalho que o regime militar n\u00e3o fez, matando uns 30 mil. Se vai morrer alguns inocentes, tudo bem\u201d, diz.<\/p>\n<p style=\"text-align: justify;\">Para o ministro Lu\u00eds Felipe Salom\u00e3o, a propaganda simula uma distopia \u2014 conceito que \u00e9 o oposto da utopia e remete a um lugar ou um estado imagin\u00e1rio em que h\u00e1 opress\u00e3o e disfuncionalidade na sociedade. \u201cA distopia simulada na propaganda, considerando o cen\u00e1rio conflituoso de polariza\u00e7\u00e3o e extremismos observado no momento pol\u00edtico atual, pode criar, na opini\u00e3o p\u00fablica, estados passionais com potencial para incitar comportamentos violentos\u201d, afirma.<\/p>\n<p style=\"text-align: justify;\">Por apresentar \u201ccenas muito fortes de tortura\u201d, segundo ele, \u201c\u00e9 for\u00e7oso reconhecer a inviabilidade de sua transmiss\u00e3o\u201d uma vez que a propaganda eleitoral no hor\u00e1rio noturno inicia \u00e0s 20h30. Salom\u00e3o fixou uma multa de R$ 50 mil a cada descumprimento da decis\u00e3o, se a propaganda voltar a ser veiculada.<\/p>\n<h6 style=\"text-align: right;\"><span style=\"color: #999999;\">Estadao<\/span><\/h6>\n<div class='share-to-whatsapp-wrapper'><div class='share-on-whsp'>Share on: <\/div><a data-text='TSE suspende propaganda do PT que associa Bolsonaro \u00e0 tortura' data-link='https:\/\/newsinfoco.com.br\/inicio\/tse-suspende-propaganda-do-pt-que-associa-bolsonaro-a-tortura\/' class='whatsapp-button whatsapp-share'>WhatsApp<\/a><div class='clear '><\/div><\/div>","protected":false},"excerpt":{"rendered":"<p>O Tribunal Superior Eleitoral, em decis\u00e3o liminar do ministro Lu\u00eds Felipe Salom\u00e3o, suspendeu a veicula\u00e7\u00e3o da pe\u00e7a de propaganda televisiva da coliga\u00e7\u00e3o do candidato a presidente da Rep\u00fablica Fernando Haddad (PT) que exibe cenas de tortura e exp\u00f5e fala do candidato Jair Bolsonaro como sendo favor\u00e1vel a essa pr\u00e1tica. A decis\u00e3o atende a um pedido [&hellip;]<\/p>\n","protected":false},"author":1,"featured_media":10682,"comment_status":"open","ping_status":"open","sticky":false,"template":"","format":"standard","meta":{"om_disable_all_campaigns":false,"_exactmetrics_skip_tracking":false,"_exactmetrics_sitenote_active":false,"_exactmetrics_sitenote_note":"","_exactmetrics_sitenote_category":0,"footnotes":""},"categories":[21],"tags":[],"class_list":["post-10721","post","type-post","status-publish","format-standard","has-post-thumbnail","hentry","category-brasil"],"aioseo_notices":[],"_links":{"self":[{"href":"https:\/\/newsinfoco.com.br\/inicio\/wp-json\/wp\/v2\/posts\/10721","targetHints":{"allow":["GET"]}}],"collection":[{"href":"https:\/\/newsinfoco.com.br\/inicio\/wp-json\/wp\/v2\/posts"}],"about":[{"href":"https:\/\/newsinfoco.com.br\/inicio\/wp-json\/wp\/v2\/types\/post"}],"author":[{"embeddable":true,"href":"https:\/\/newsinfoco.com.br\/inicio\/wp-json\/wp\/v2\/users\/1"}],"replies":[{"embeddable":true,"href":"https:\/\/newsinfoco.com.br\/inicio\/wp-json\/wp\/v2\/comments?post=10721"}],"version-history":[{"count":0,"href":"https:\/\/newsinfoco.com.br\/inicio\/wp-json\/wp\/v2\/posts\/10721\/revisions"}],"wp:featuredmedia":[{"embeddable":true,"href":"https:\/\/newsinfoco.com.br\/inicio\/wp-json\/wp\/v2\/media\/10682"}],"wp:attachment":[{"href":"https:\/\/newsinfoco.com.br\/inicio\/wp-json\/wp\/v2\/media?parent=10721"}],"wp:term":[{"taxonomy":"category","embeddable":true,"href":"https:\/\/newsinfoco.com.br\/inicio\/wp-json\/wp\/v2\/categories?post=10721"},{"taxonomy":"post_tag","embeddable":true,"href":"https:\/\/newsinfoco.com.br\/inicio\/wp-json\/wp\/v2\/tags?post=10721"}],"curies":[{"name":"wp","href":"https:\/\/api.w.org\/{rel}","templated":true}]}}