{"id":10723,"date":"2018-10-21T15:00:19","date_gmt":"2018-10-21T17:00:19","guid":{"rendered":"http:\/\/newsinfoco.com.br\/?p=10723"},"modified":"2018-10-21T15:00:19","modified_gmt":"2018-10-21T17:00:19","slug":"manifestantes-protestam-neste-domingo-contra-o-pt-e-a-favor-de-bolsonaro","status":"publish","type":"post","link":"https:\/\/newsinfoco.com.br\/inicio\/manifestantes-protestam-neste-domingo-contra-o-pt-e-a-favor-de-bolsonaro\/","title":{"rendered":"Manifestantes protestam neste domingo contra o PT e a favor de Bolsonaro"},"content":{"rendered":"<p style=\"text-align: justify;\">Manifestantes no Brasil e no exterior saem \u00e0s ruas neste domingo (21) para declarar rep\u00fadio \u00e0 volta do PT ao poder e defender a elei\u00e7\u00e3o de Jair Bolsonaro (PSL) \u00e0 Presid\u00eancia da Rep\u00fablica.<\/p>\n<p style=\"text-align: justify;\">Convocados por organiza\u00e7\u00f5es da sociedade civil, como o Vem Pra Rua e o MBL (Movimento Brasil Livre), atos est\u00e3o marcados em mais de 200 munic\u00edpios, em 25 estados e no Distrito Federal. Apenas n\u00e3o h\u00e1 programa\u00e7\u00e3o oficial prevista para o Cear\u00e1, reduto eleitoral do candidato derrotado no primeiro turno Ciro Gomes (PDT). Tamb\u00e9m est\u00e3o previstas manifesta\u00e7\u00f5es em 14 cidades do exterior, em pa\u00edses como Estados Unidos, Inglaterra, It\u00e1lia, Portugal e Israel.<\/p><div class=\"newsi-conteudo_19\" id=\"newsi-1966675070\"><a href=\"https:\/\/www.instagram.com\/prefeituraalagoinhas?igsh=YzgzdDJ1bWR3aWI4\" aria-label=\"SAVE_20251006_221555\"><img loading=\"lazy\" decoding=\"async\" src=\"https:\/\/newsinfoco.com.br\/inicio\/wp-content\/uploads\/2025\/10\/SAVE_20251006_221555-rotated.jpg\" alt=\"\"  srcset=\"https:\/\/newsinfoco.com.br\/inicio\/wp-content\/uploads\/2025\/10\/SAVE_20251006_221555-rotated.jpg 1140w, https:\/\/newsinfoco.com.br\/inicio\/wp-content\/uploads\/2025\/10\/SAVE_20251006_221555-300x52.jpg 300w, https:\/\/newsinfoco.com.br\/inicio\/wp-content\/uploads\/2025\/10\/SAVE_20251006_221555-1024x177.jpg 1024w, https:\/\/newsinfoco.com.br\/inicio\/wp-content\/uploads\/2025\/10\/SAVE_20251006_221555-768x133.jpg 768w, https:\/\/newsinfoco.com.br\/inicio\/wp-content\/uploads\/2025\/10\/SAVE_20251006_221555-600x104.jpg 600w, https:\/\/newsinfoco.com.br\/inicio\/wp-content\/uploads\/2025\/10\/SAVE_20251006_221555-696x120.jpg 696w, https:\/\/newsinfoco.com.br\/inicio\/wp-content\/uploads\/2025\/10\/SAVE_20251006_221555-1068x185.jpg 1068w\" sizes=\"(max-width: 1140px) 100vw, 1140px\" width=\"1140\" height=\"197\"   \/><\/a><\/div>\n<p style=\"text-align: justify;\">No s\u00e1bado (20), atos a favor da candidatura presidencial de Fernando Haddad (PT), bem como de defesa da democracia e dos direitos humanos, ocorreram em dezenas de cidades do pa\u00eds, como S\u00e3o Paulo, Recife e Salvador, e no exterior, como Londres.<\/p>\n<p style=\"text-align: justify;\">Os protestos deste domingo pelo Brasil e no exterior se orientam por motes marcados pelo sentimento antipetista, como \u201c#PTn\u00e3o, para o Brasil N\u00e3o Virar uma Venezuela\u201d e \u201cPT Nunca Mais\u201d. Na avenida Paulista, em S\u00e3o Paulo, o ato est\u00e1 marcado para as 14h. No Rio de Janeiro, os manifestantes come\u00e7am a se reunir j\u00e1 pela manh\u00e3, no posto 5, na praia de Copacabana, zona sul.<\/p>\n<p style=\"text-align: justify;\">Em Rio Branco, Sinop (MT), Ara\u00e7atuba e Hortol\u00e2ndia, em S\u00e3o Paulo, os protestos acontecem junto a instala\u00e7\u00f5es de lojas da rede varejista Havan, do empres\u00e1rio catarinense Luciano Hang, apoiador e doador de recursos declarado para a candidatura de Bolsonaro.<\/p>\n<p style=\"text-align: justify;\">As informa\u00e7\u00f5es s\u00e3o do site UOL.<\/p>\n<div class='share-to-whatsapp-wrapper'><div class='share-on-whsp'>Share on: <\/div><a data-text='Manifestantes protestam neste domingo contra o PT e a favor de Bolsonaro' data-link='https:\/\/newsinfoco.com.br\/inicio\/manifestantes-protestam-neste-domingo-contra-o-pt-e-a-favor-de-bolsonaro\/' class='whatsapp-button whatsapp-share'>WhatsApp<\/a><div class='clear '><\/div><\/div>","protected":false},"excerpt":{"rendered":"<p>Manifestantes no Brasil e no exterior saem \u00e0s ruas neste domingo (21) para declarar rep\u00fadio \u00e0 volta do PT ao poder e defender a elei\u00e7\u00e3o de Jair Bolsonaro (PSL) \u00e0 Presid\u00eancia da Rep\u00fablica. Convocados por organiza\u00e7\u00f5es da sociedade civil, como o Vem Pra Rua e o MBL (Movimento Brasil Livre), atos est\u00e3o marcados em mais [&hellip;]<\/p>\n","protected":false},"author":1,"featured_media":10724,"comment_status":"open","ping_status":"open","sticky":false,"template":"","format":"standard","meta":{"om_disable_all_campaigns":false,"_exactmetrics_skip_tracking":false,"_exactmetrics_sitenote_active":false,"_exactmetrics_sitenote_note":"","_exactmetrics_sitenote_category":0,"footnotes":""},"categories":[21],"tags":[],"class_list":["post-10723","post","type-post","status-publish","format-standard","has-post-thumbnail","hentry","category-brasil"],"aioseo_notices":[],"_links":{"self":[{"href":"https:\/\/newsinfoco.com.br\/inicio\/wp-json\/wp\/v2\/posts\/10723","targetHints":{"allow":["GET"]}}],"collection":[{"href":"https:\/\/newsinfoco.com.br\/inicio\/wp-json\/wp\/v2\/posts"}],"about":[{"href":"https:\/\/newsinfoco.com.br\/inicio\/wp-json\/wp\/v2\/types\/post"}],"author":[{"embeddable":true,"href":"https:\/\/newsinfoco.com.br\/inicio\/wp-json\/wp\/v2\/users\/1"}],"replies":[{"embeddable":true,"href":"https:\/\/newsinfoco.com.br\/inicio\/wp-json\/wp\/v2\/comments?post=10723"}],"version-history":[{"count":0,"href":"https:\/\/newsinfoco.com.br\/inicio\/wp-json\/wp\/v2\/posts\/10723\/revisions"}],"wp:featuredmedia":[{"embeddable":true,"href":"https:\/\/newsinfoco.com.br\/inicio\/wp-json\/wp\/v2\/media\/10724"}],"wp:attachment":[{"href":"https:\/\/newsinfoco.com.br\/inicio\/wp-json\/wp\/v2\/media?parent=10723"}],"wp:term":[{"taxonomy":"category","embeddable":true,"href":"https:\/\/newsinfoco.com.br\/inicio\/wp-json\/wp\/v2\/categories?post=10723"},{"taxonomy":"post_tag","embeddable":true,"href":"https:\/\/newsinfoco.com.br\/inicio\/wp-json\/wp\/v2\/tags?post=10723"}],"curies":[{"name":"wp","href":"https:\/\/api.w.org\/{rel}","templated":true}]}}