{"id":10728,"date":"2018-10-21T18:42:13","date_gmt":"2018-10-21T20:42:13","guid":{"rendered":"http:\/\/newsinfoco.com.br\/?p=10728"},"modified":"2018-10-21T18:43:59","modified_gmt":"2018-10-21T20:43:59","slug":"forca-tarefa-e-montada-para-minimizar-os-danos-causados-pelas-fortes-chuvas-em-alagoinhas","status":"publish","type":"post","link":"https:\/\/newsinfoco.com.br\/inicio\/forca-tarefa-e-montada-para-minimizar-os-danos-causados-pelas-fortes-chuvas-em-alagoinhas\/","title":{"rendered":"For\u00e7a-tarefa \u00e9 montada para minimizar os danos causados pelas fortes chuvas em Alagoinhas"},"content":{"rendered":"<p style=\"text-align: justify;\">A Prefeitura de Alagoinhas intensificou, na manh\u00e3 deste domingo (21), o trabalho das equipes para minimizar os transtornos causados pela chuva. Em uma a\u00e7\u00e3o integrada, profissionais da Secretaria de Infraestrutura, da Secretaria de Servi\u00e7os P\u00fablicos e do Servi\u00e7o Aut\u00f4nomo de \u00c1gua e Esgoto (SAAE) foram a campo para a recupera\u00e7\u00e3o de pontos emergenciais.<\/p>\n<p style=\"text-align: justify;\">Est\u00e3o sendo executadas opera\u00e7\u00f5es na regi\u00e3o da Cavada, no Silva Jardim, em Nova Esperan\u00e7a, no Inocoop I, em M\u00e3e Cirila e no Parque da Jaqueira. No momento, as equipes operam com retroescavadeiras e caminh\u00f5es nos locais mais afetados para minimizar os danos causados pela chuva intensa e concentrada, sobretudo nas \u00e1reas que tradicionalmente registram situa\u00e7\u00f5es de alagamento.<\/p><div class=\"newsi-conteudo_19\" id=\"newsi-1505340220\"><a href=\"https:\/\/www.instagram.com\/prefeituraalagoinhas?igsh=YzgzdDJ1bWR3aWI4\" aria-label=\"SAVE_20251006_221555\"><img loading=\"lazy\" decoding=\"async\" src=\"https:\/\/newsinfoco.com.br\/inicio\/wp-content\/uploads\/2025\/10\/SAVE_20251006_221555-rotated.jpg\" alt=\"\"  srcset=\"https:\/\/newsinfoco.com.br\/inicio\/wp-content\/uploads\/2025\/10\/SAVE_20251006_221555-rotated.jpg 1140w, https:\/\/newsinfoco.com.br\/inicio\/wp-content\/uploads\/2025\/10\/SAVE_20251006_221555-300x52.jpg 300w, https:\/\/newsinfoco.com.br\/inicio\/wp-content\/uploads\/2025\/10\/SAVE_20251006_221555-1024x177.jpg 1024w, https:\/\/newsinfoco.com.br\/inicio\/wp-content\/uploads\/2025\/10\/SAVE_20251006_221555-768x133.jpg 768w, https:\/\/newsinfoco.com.br\/inicio\/wp-content\/uploads\/2025\/10\/SAVE_20251006_221555-600x104.jpg 600w, https:\/\/newsinfoco.com.br\/inicio\/wp-content\/uploads\/2025\/10\/SAVE_20251006_221555-696x120.jpg 696w, https:\/\/newsinfoco.com.br\/inicio\/wp-content\/uploads\/2025\/10\/SAVE_20251006_221555-1068x185.jpg 1068w\" sizes=\"(max-width: 1140px) 100vw, 1140px\" width=\"1140\" height=\"197\"   \/><\/a><\/div>\n<p style=\"text-align: justify;\">A Secretaria de Infraestrutura informou que um trabalho sistem\u00e1tico tem sido realizado e ressaltou que est\u00e1 monitorando, desde a madrugada, os pontos cr\u00edticos.<\/p>\n<p style=\"text-align: justify;\">At\u00e9 as 11h deste domingo (21), o munic\u00edpio registrou 60mm de volume de chuva, superando, em algumas horas, a m\u00e9dia pluviom\u00e9trica prevista para o m\u00eas de outubro inteiro.<\/p>\n<p>Mobilizados para regularizar os estragos provocados pela intensidade da chuva, os profissionais da Prefeitura continuam nas localidades com maquin\u00e1rio e sugador.<\/p>\n<p style=\"text-align: justify;\">A Secretaria de Assist\u00eancia Social informou que os agentes da pasta tamb\u00e9m est\u00e3o nas ruas avaliando a situa\u00e7\u00e3o das fam\u00edlias que tiveram as casas invadidas pela \u00e1gua para prestar o devido atendimento. \u201cJ\u00e1 passamos pelo Novo Horizonte, pela Vila Mar\u00e7al, pela Rua Chico Mendes, pela Baixa da Areia e pela regi\u00e3o do Marechal, onde n\u00e3o h\u00e1 uma situa\u00e7\u00e3o de calamidade, embora os pontos tenham registrado intercorr\u00eancias devido \u00e0 chuva. Estaremos agora na Cavada, no Silva Jardim e em Nova Esperan\u00e7a. A SEMAS est\u00e1 de prontid\u00e3o e estamos atuando para garantir a assist\u00eancia \u00e0 popula\u00e7\u00e3o\u201d, afirmou Alfredinho Menezes, secret\u00e1rio municipal de Assist\u00eancia Social.<\/p>\n<p style=\"text-align: justify;\"><a href=\"http:\/\/newsinfoco.com.br\/wp-content\/uploads\/2018\/10\/WhatsApp-Image-2018-10-21-at-11.33.18-3-1024x768.jpeg\"><img loading=\"lazy\" decoding=\"async\" class=\"aligncenter size-large wp-image-10729\" src=\"http:\/\/newsinfoco.com.br\/wp-content\/uploads\/2018\/10\/WhatsApp-Image-2018-10-21-at-11.33.18-3-1024x768-1024x768.jpeg\" alt=\"\" width=\"696\" height=\"522\" srcset=\"https:\/\/newsinfoco.com.br\/inicio\/wp-content\/uploads\/2018\/10\/WhatsApp-Image-2018-10-21-at-11.33.18-3-1024x768.jpeg 1024w, https:\/\/newsinfoco.com.br\/inicio\/wp-content\/uploads\/2018\/10\/WhatsApp-Image-2018-10-21-at-11.33.18-3-1024x768-300x225.jpeg 300w, https:\/\/newsinfoco.com.br\/inicio\/wp-content\/uploads\/2018\/10\/WhatsApp-Image-2018-10-21-at-11.33.18-3-1024x768-768x576.jpeg 768w, https:\/\/newsinfoco.com.br\/inicio\/wp-content\/uploads\/2018\/10\/WhatsApp-Image-2018-10-21-at-11.33.18-3-1024x768-600x450.jpeg 600w, https:\/\/newsinfoco.com.br\/inicio\/wp-content\/uploads\/2018\/10\/WhatsApp-Image-2018-10-21-at-11.33.18-3-1024x768-80x60.jpeg 80w, https:\/\/newsinfoco.com.br\/inicio\/wp-content\/uploads\/2018\/10\/WhatsApp-Image-2018-10-21-at-11.33.18-3-1024x768-265x198.jpeg 265w, https:\/\/newsinfoco.com.br\/inicio\/wp-content\/uploads\/2018\/10\/WhatsApp-Image-2018-10-21-at-11.33.18-3-1024x768-696x522.jpeg 696w, https:\/\/newsinfoco.com.br\/inicio\/wp-content\/uploads\/2018\/10\/WhatsApp-Image-2018-10-21-at-11.33.18-3-1024x768-560x420.jpeg 560w\" sizes=\"auto, (max-width: 696px) 100vw, 696px\" \/><\/a>As equipes de obras informaram que, tendo em vista o hist\u00f3rico de ocorr\u00eancias no per\u00edodo chuvoso e o car\u00e1ter de urg\u00eancia para sanar definitivamente os problemas causados pela chuva, foi empenho da gest\u00e3o buscar investimentos para as obras das Poligonais, j\u00e1 iniciadas pelo governo.<\/p>\n<p style=\"text-align: justify;\">No total, ser\u00e3o gastos quase R$ 6 milh\u00f5es de reais no Sistema de Macrodrenagem das Poligonais, que visa justamente \u00e0 preven\u00e7\u00e3o de alagamentos e deve contemplar, entre outros trechos, as ruas Conselheiro Dantas, Paulo Afonso, Areia Branca, Parque da Jaqueira e Rua dos Artistas, sem contar a Avenida Rio Branco, a Rua Dantas Bi\u00e3o e o Parque Regente. O prazo para execu\u00e7\u00e3o \u00e9 de 12 meses.<\/p>\n<p style=\"text-align: justify;\">A Secretaria de Infraestrutura comunicou ainda que, entendendo os problemas cr\u00f4nicos de alagamento em pontos espec\u00edficos, a Administra\u00e7\u00e3o P\u00fablica tamb\u00e9m j\u00e1 abriu o processo licitat\u00f3rio para a macrodrenagem da Cavada e prev\u00ea um investimento de mais de R$ 8 milh\u00f5es para a resolutividade efetiva do problema que se estende desde as gest\u00f5es anteriores.<\/p>\n<p style=\"text-align: justify;\"><a href=\"http:\/\/newsinfoco.com.br\/wp-content\/uploads\/2018\/10\/WhatsApp-Image-2018-10-21-at-13.44.48-1024x768.jpeg\"><img loading=\"lazy\" decoding=\"async\" class=\"aligncenter size-large wp-image-10730\" src=\"http:\/\/newsinfoco.com.br\/wp-content\/uploads\/2018\/10\/WhatsApp-Image-2018-10-21-at-13.44.48-1024x768-1024x768.jpeg\" alt=\"\" width=\"696\" height=\"522\" srcset=\"https:\/\/newsinfoco.com.br\/inicio\/wp-content\/uploads\/2018\/10\/WhatsApp-Image-2018-10-21-at-13.44.48-1024x768.jpeg 1024w, https:\/\/newsinfoco.com.br\/inicio\/wp-content\/uploads\/2018\/10\/WhatsApp-Image-2018-10-21-at-13.44.48-1024x768-300x225.jpeg 300w, https:\/\/newsinfoco.com.br\/inicio\/wp-content\/uploads\/2018\/10\/WhatsApp-Image-2018-10-21-at-13.44.48-1024x768-768x576.jpeg 768w, https:\/\/newsinfoco.com.br\/inicio\/wp-content\/uploads\/2018\/10\/WhatsApp-Image-2018-10-21-at-13.44.48-1024x768-600x450.jpeg 600w, https:\/\/newsinfoco.com.br\/inicio\/wp-content\/uploads\/2018\/10\/WhatsApp-Image-2018-10-21-at-13.44.48-1024x768-80x60.jpeg 80w, https:\/\/newsinfoco.com.br\/inicio\/wp-content\/uploads\/2018\/10\/WhatsApp-Image-2018-10-21-at-13.44.48-1024x768-265x198.jpeg 265w, https:\/\/newsinfoco.com.br\/inicio\/wp-content\/uploads\/2018\/10\/WhatsApp-Image-2018-10-21-at-13.44.48-1024x768-696x522.jpeg 696w, https:\/\/newsinfoco.com.br\/inicio\/wp-content\/uploads\/2018\/10\/WhatsApp-Image-2018-10-21-at-13.44.48-1024x768-560x420.jpeg 560w\" sizes=\"auto, (max-width: 696px) 100vw, 696px\" \/><\/a>Dentro das medidas emergenciais e com as equipes em campo, ap\u00f3s a chuva deste final de semana, Alagoinhas permanece em alerta. A previs\u00e3o, de acordo com o Portal Clima Tempo, \u00e9 de que o munic\u00edpio continue registrando chuva para os pr\u00f3ximos dias. A fim de solucionar imediatamente os danos causados, a for\u00e7a-tarefa da Prefeitura segue fazendo a recomposi\u00e7\u00e3o dos locais afetados.<\/p>\n<p style=\"text-align: justify;\">Para demandas emergenciais, o Servi\u00e7o Aut\u00f4nomo de \u00c1gua e Esgoto informou que o contato pode ser feito atrav\u00e9s do n\u00famero 0800 702 7065.<\/p>\n<p><a href=\"http:\/\/newsinfoco.com.br\/wp-content\/uploads\/2018\/10\/64cd9e82-9663-4529-81bd-b27958cca2e6-1024x576.jpg\"><img loading=\"lazy\" decoding=\"async\" class=\"aligncenter size-large wp-image-10732\" src=\"http:\/\/newsinfoco.com.br\/wp-content\/uploads\/2018\/10\/64cd9e82-9663-4529-81bd-b27958cca2e6-1024x576-1024x576.jpg\" alt=\"\" width=\"696\" height=\"392\" srcset=\"https:\/\/newsinfoco.com.br\/inicio\/wp-content\/uploads\/2018\/10\/64cd9e82-9663-4529-81bd-b27958cca2e6-1024x576.jpg 1024w, https:\/\/newsinfoco.com.br\/inicio\/wp-content\/uploads\/2018\/10\/64cd9e82-9663-4529-81bd-b27958cca2e6-1024x576-300x169.jpg 300w, https:\/\/newsinfoco.com.br\/inicio\/wp-content\/uploads\/2018\/10\/64cd9e82-9663-4529-81bd-b27958cca2e6-1024x576-768x432.jpg 768w, https:\/\/newsinfoco.com.br\/inicio\/wp-content\/uploads\/2018\/10\/64cd9e82-9663-4529-81bd-b27958cca2e6-1024x576-600x338.jpg 600w, https:\/\/newsinfoco.com.br\/inicio\/wp-content\/uploads\/2018\/10\/64cd9e82-9663-4529-81bd-b27958cca2e6-1024x576-696x392.jpg 696w, https:\/\/newsinfoco.com.br\/inicio\/wp-content\/uploads\/2018\/10\/64cd9e82-9663-4529-81bd-b27958cca2e6-1024x576-747x420.jpg 747w\" sizes=\"auto, (max-width: 696px) 100vw, 696px\" \/><\/a><\/p>\n<h6 style=\"text-align: right;\"><span style=\"color: #999999;\">Secom Alagoinhas<\/span><\/h6>\n<p style=\"text-align: justify;\">\n<div class='share-to-whatsapp-wrapper'><div class='share-on-whsp'>Share on: <\/div><a data-text='For\u00e7a-tarefa \u00e9 montada para minimizar os danos causados pelas fortes chuvas em Alagoinhas' data-link='https:\/\/newsinfoco.com.br\/inicio\/forca-tarefa-e-montada-para-minimizar-os-danos-causados-pelas-fortes-chuvas-em-alagoinhas\/' class='whatsapp-button whatsapp-share'>WhatsApp<\/a><div class='clear '><\/div><\/div>","protected":false},"excerpt":{"rendered":"<p>A Prefeitura de Alagoinhas intensificou, na manh\u00e3 deste domingo (21), o trabalho das equipes para minimizar os transtornos causados pela chuva. Em uma a\u00e7\u00e3o integrada, profissionais da Secretaria de Infraestrutura, da Secretaria de Servi\u00e7os P\u00fablicos e do Servi\u00e7o Aut\u00f4nomo de \u00c1gua e Esgoto (SAAE) foram a campo para a recupera\u00e7\u00e3o de pontos emergenciais. Est\u00e3o sendo [&hellip;]<\/p>\n","protected":false},"author":1,"featured_media":10731,"comment_status":"open","ping_status":"open","sticky":false,"template":"","format":"standard","meta":{"om_disable_all_campaigns":false,"_exactmetrics_skip_tracking":false,"_exactmetrics_sitenote_active":false,"_exactmetrics_sitenote_note":"","_exactmetrics_sitenote_category":0,"footnotes":""},"categories":[38,30],"tags":[],"class_list":["post-10728","post","type-post","status-publish","format-standard","has-post-thumbnail","hentry","category-alagoinhas-e-regiao","category-destaque"],"aioseo_notices":[],"_links":{"self":[{"href":"https:\/\/newsinfoco.com.br\/inicio\/wp-json\/wp\/v2\/posts\/10728","targetHints":{"allow":["GET"]}}],"collection":[{"href":"https:\/\/newsinfoco.com.br\/inicio\/wp-json\/wp\/v2\/posts"}],"about":[{"href":"https:\/\/newsinfoco.com.br\/inicio\/wp-json\/wp\/v2\/types\/post"}],"author":[{"embeddable":true,"href":"https:\/\/newsinfoco.com.br\/inicio\/wp-json\/wp\/v2\/users\/1"}],"replies":[{"embeddable":true,"href":"https:\/\/newsinfoco.com.br\/inicio\/wp-json\/wp\/v2\/comments?post=10728"}],"version-history":[{"count":0,"href":"https:\/\/newsinfoco.com.br\/inicio\/wp-json\/wp\/v2\/posts\/10728\/revisions"}],"wp:featuredmedia":[{"embeddable":true,"href":"https:\/\/newsinfoco.com.br\/inicio\/wp-json\/wp\/v2\/media\/10731"}],"wp:attachment":[{"href":"https:\/\/newsinfoco.com.br\/inicio\/wp-json\/wp\/v2\/media?parent=10728"}],"wp:term":[{"taxonomy":"category","embeddable":true,"href":"https:\/\/newsinfoco.com.br\/inicio\/wp-json\/wp\/v2\/categories?post=10728"},{"taxonomy":"post_tag","embeddable":true,"href":"https:\/\/newsinfoco.com.br\/inicio\/wp-json\/wp\/v2\/tags?post=10728"}],"curies":[{"name":"wp","href":"https:\/\/api.w.org\/{rel}","templated":true}]}}