{"id":10736,"date":"2018-10-21T19:15:34","date_gmt":"2018-10-21T21:15:34","guid":{"rendered":"http:\/\/newsinfoco.com.br\/?p=10736"},"modified":"2018-10-21T19:15:34","modified_gmt":"2018-10-21T21:15:34","slug":"rui-costa-pede-que-bahia-de-exemplo-de-baixa-abstencao","status":"publish","type":"post","link":"https:\/\/newsinfoco.com.br\/inicio\/rui-costa-pede-que-bahia-de-exemplo-de-baixa-abstencao\/","title":{"rendered":"Rui Costa pede que Bahia d\u00ea exemplo de baixa absten\u00e7\u00e3o"},"content":{"rendered":"<p style=\"text-align: justify;\">Nesta \u00faltima semana antes das elei\u00e7\u00f5es, todos devem trabalhar dentro do que determina a lei eleitoral para garantir transporte p\u00fablico a todos os baianos \u2013 independentemente de prefer\u00eancia partid\u00e1ria -sejam eles da zona urbana ou rural, no dia da vota\u00e7\u00e3o. Essa \u00e9 a opini\u00e3o do governador Rui Costa, que promoveu reuni\u00e3o com gestores municipais, esta semana, em Itapetinga, Itabuna, Teixeira de Freitas, Porto Seguro, Vit\u00f3ria da Conquista e Jequi\u00e9.<\/p>\n<p style=\"text-align: justify;\">\u201cPrecisamos reduzir a absten\u00e7\u00e3o na Bahia e fortalecer a democracia, mas \u00e9 imprescind\u00edvel que a Lei Eleitoral seja rigorosamente respeitada pelos Munic\u00edpios na hora de garantir transporte p\u00fablico aos eleitores\u201d, afirmou o governador.<\/p><div class=\"newsi-conteudo_19\" id=\"newsi-4187357971\"><a href=\"https:\/\/www.instagram.com\/prefeituraalagoinhas?igsh=YzgzdDJ1bWR3aWI4\" aria-label=\"SAVE_20251006_221555\"><img loading=\"lazy\" decoding=\"async\" src=\"https:\/\/newsinfoco.com.br\/inicio\/wp-content\/uploads\/2025\/10\/SAVE_20251006_221555-rotated.jpg\" alt=\"\"  srcset=\"https:\/\/newsinfoco.com.br\/inicio\/wp-content\/uploads\/2025\/10\/SAVE_20251006_221555-rotated.jpg 1140w, https:\/\/newsinfoco.com.br\/inicio\/wp-content\/uploads\/2025\/10\/SAVE_20251006_221555-300x52.jpg 300w, https:\/\/newsinfoco.com.br\/inicio\/wp-content\/uploads\/2025\/10\/SAVE_20251006_221555-1024x177.jpg 1024w, https:\/\/newsinfoco.com.br\/inicio\/wp-content\/uploads\/2025\/10\/SAVE_20251006_221555-768x133.jpg 768w, https:\/\/newsinfoco.com.br\/inicio\/wp-content\/uploads\/2025\/10\/SAVE_20251006_221555-600x104.jpg 600w, https:\/\/newsinfoco.com.br\/inicio\/wp-content\/uploads\/2025\/10\/SAVE_20251006_221555-696x120.jpg 696w, https:\/\/newsinfoco.com.br\/inicio\/wp-content\/uploads\/2025\/10\/SAVE_20251006_221555-1068x185.jpg 1068w\" sizes=\"(max-width: 1140px) 100vw, 1140px\" width=\"1140\" height=\"197\"   \/><\/a><\/div>\n<p style=\"text-align: justify;\">Nas entrevistas que concedeu \u00e0 imprensa nas seis cidades visitadas esta semana, Rui deu destaque a esse assunto, refor\u00e7ando a import\u00e2ncia do di\u00e1logo das Prefeituras com a Justi\u00e7a Eleitoral. \u201cFalo como governador e cidad\u00e3o: precisamos dar condi\u00e7\u00f5es para que todos os baianos possam votar\u201d, disse Rui Costa neste domingo (21).<\/p>\n<p style=\"text-align: justify;\">Antes mesmo das reuni\u00f5es presenciais no interior, Rui discutiu a quest\u00e3o com o presidente da Uni\u00e3o dos Munic\u00edpios da Bahia (UPB), Eudes Ribeiro. \u201cIndependentemente da filia\u00e7\u00e3o partid\u00e1ria, tenho orientado os prefeitos a procurar o Tribunal Regional Eleitoral em caso de d\u00favida, mas n\u00e3o deixem de garantir esse direito por falta de transporte. Todas as iniciativas legais devem ser colocadas em pr\u00e1tica\u201d, pontuou o governador.<\/p>\n<div class='share-to-whatsapp-wrapper'><div class='share-on-whsp'>Share on: <\/div><a data-text='Rui Costa pede que Bahia d\u00ea exemplo de baixa absten\u00e7\u00e3o' data-link='https:\/\/newsinfoco.com.br\/inicio\/rui-costa-pede-que-bahia-de-exemplo-de-baixa-abstencao\/' class='whatsapp-button whatsapp-share'>WhatsApp<\/a><div class='clear '><\/div><\/div>","protected":false},"excerpt":{"rendered":"<p>Nesta \u00faltima semana antes das elei\u00e7\u00f5es, todos devem trabalhar dentro do que determina a lei eleitoral para garantir transporte p\u00fablico a todos os baianos \u2013 independentemente de prefer\u00eancia partid\u00e1ria -sejam eles da zona urbana ou rural, no dia da vota\u00e7\u00e3o. Essa \u00e9 a opini\u00e3o do governador Rui Costa, que promoveu reuni\u00e3o com gestores municipais, esta [&hellip;]<\/p>\n","protected":false},"author":1,"featured_media":9505,"comment_status":"open","ping_status":"open","sticky":false,"template":"","format":"standard","meta":{"om_disable_all_campaigns":false,"_exactmetrics_skip_tracking":false,"_exactmetrics_sitenote_active":false,"_exactmetrics_sitenote_note":"","_exactmetrics_sitenote_category":0,"footnotes":""},"categories":[19],"tags":[],"class_list":["post-10736","post","type-post","status-publish","format-standard","has-post-thumbnail","hentry","category-bahia"],"aioseo_notices":[],"_links":{"self":[{"href":"https:\/\/newsinfoco.com.br\/inicio\/wp-json\/wp\/v2\/posts\/10736","targetHints":{"allow":["GET"]}}],"collection":[{"href":"https:\/\/newsinfoco.com.br\/inicio\/wp-json\/wp\/v2\/posts"}],"about":[{"href":"https:\/\/newsinfoco.com.br\/inicio\/wp-json\/wp\/v2\/types\/post"}],"author":[{"embeddable":true,"href":"https:\/\/newsinfoco.com.br\/inicio\/wp-json\/wp\/v2\/users\/1"}],"replies":[{"embeddable":true,"href":"https:\/\/newsinfoco.com.br\/inicio\/wp-json\/wp\/v2\/comments?post=10736"}],"version-history":[{"count":0,"href":"https:\/\/newsinfoco.com.br\/inicio\/wp-json\/wp\/v2\/posts\/10736\/revisions"}],"wp:featuredmedia":[{"embeddable":true,"href":"https:\/\/newsinfoco.com.br\/inicio\/wp-json\/wp\/v2\/media\/9505"}],"wp:attachment":[{"href":"https:\/\/newsinfoco.com.br\/inicio\/wp-json\/wp\/v2\/media?parent=10736"}],"wp:term":[{"taxonomy":"category","embeddable":true,"href":"https:\/\/newsinfoco.com.br\/inicio\/wp-json\/wp\/v2\/categories?post=10736"},{"taxonomy":"post_tag","embeddable":true,"href":"https:\/\/newsinfoco.com.br\/inicio\/wp-json\/wp\/v2\/tags?post=10736"}],"curies":[{"name":"wp","href":"https:\/\/api.w.org\/{rel}","templated":true}]}}