{"id":10738,"date":"2018-10-21T19:17:33","date_gmt":"2018-10-21T21:17:33","guid":{"rendered":"http:\/\/newsinfoco.com.br\/?p=10738"},"modified":"2018-10-21T19:17:33","modified_gmt":"2018-10-21T21:17:33","slug":"apoiadores-se-reunem-na-barra-para-ato-pro-bolsonaro","status":"publish","type":"post","link":"https:\/\/newsinfoco.com.br\/inicio\/apoiadores-se-reunem-na-barra-para-ato-pro-bolsonaro\/","title":{"rendered":"Apoiadores se re\u00fanem na Barra para ato pr\u00f3-Bolsonaro"},"content":{"rendered":"<p style=\"text-align: justify;\">Cerca de 10 mil pessoas, de acordo com o Movimento Seu Voto Muda o Brasil, participaram neste domingo (21), de um ato em apoio ao presidenci\u00e1vel Jair Bolsonaro (PSL).<\/p>\n<p style=\"text-align: justify;\">A caminhada contou com a participa\u00e7\u00e3o do ex-prefeito de Salvador e ex-deputado federal Manoel Castro, o secret\u00e1rio municipal de Urbanismo e Transporte de Salvador, F\u00e1bio Mota, o presidente estadual do PRTB, Rog\u00e9rio da Luz, os deputados federais Irm\u00e3o L\u00e1zaro (PSC), Kim Kataguiri (DEM-SP), o estadual Arthur Mam\u00e3e Falei (DEM), e o cantor Netinho.<\/p><div class=\"newsi-conteudo_19\" id=\"newsi-3558067203\"><a href=\"https:\/\/www.instagram.com\/prefeituraalagoinhas?igsh=YzgzdDJ1bWR3aWI4\" aria-label=\"SAVE_20251006_221555\"><img loading=\"lazy\" decoding=\"async\" src=\"https:\/\/newsinfoco.com.br\/inicio\/wp-content\/uploads\/2025\/10\/SAVE_20251006_221555-rotated.jpg\" alt=\"\"  srcset=\"https:\/\/newsinfoco.com.br\/inicio\/wp-content\/uploads\/2025\/10\/SAVE_20251006_221555-rotated.jpg 1140w, https:\/\/newsinfoco.com.br\/inicio\/wp-content\/uploads\/2025\/10\/SAVE_20251006_221555-300x52.jpg 300w, https:\/\/newsinfoco.com.br\/inicio\/wp-content\/uploads\/2025\/10\/SAVE_20251006_221555-1024x177.jpg 1024w, https:\/\/newsinfoco.com.br\/inicio\/wp-content\/uploads\/2025\/10\/SAVE_20251006_221555-768x133.jpg 768w, https:\/\/newsinfoco.com.br\/inicio\/wp-content\/uploads\/2025\/10\/SAVE_20251006_221555-600x104.jpg 600w, https:\/\/newsinfoco.com.br\/inicio\/wp-content\/uploads\/2025\/10\/SAVE_20251006_221555-696x120.jpg 696w, https:\/\/newsinfoco.com.br\/inicio\/wp-content\/uploads\/2025\/10\/SAVE_20251006_221555-1068x185.jpg 1068w\" sizes=\"(max-width: 1140px) 100vw, 1140px\" width=\"1140\" height=\"197\"   \/><\/a><\/div>\n<p style=\"text-align: justify;\">Vestidos de verde e amarelo os apoiadores de Bolsonaro caminharam do Farol da Barra at\u00e9 o Cristo.<\/p>\n<p style=\"text-align: justify;\">Em seu discurso o deputado federal Irm\u00e3o L\u00e1zaro afirmou que Jair Bolsonaro \u00e9 a melhor aposta para os jovens. \u201cOs nossos jovens e crian\u00e7as devem ter a expectativa de que teremos uma atua\u00e7\u00e3o pol\u00edtica muito melhor para a popula\u00e7\u00e3o do que a atual. E Jair Bolsonaro \u00e9 o nome que o Brasil precisa, para juntos, construirmos outro pa\u00eds\u201d.<\/p>\n<p style=\"text-align: justify;\">J\u00e1 o coordenador do Movimento Seu Voto Muda o Brasil, Cl\u00e1udio Silva, afirmou que a na\u00e7\u00e3o atualmente tem dois anseios. \u201cUm basta ao PT na pol\u00edtica e o sim a Jair Bolsonaro como pr\u00f3ximo presidente do Brasil\u201d.<\/p>\n<div class='share-to-whatsapp-wrapper'><div class='share-on-whsp'>Share on: <\/div><a data-text='Apoiadores se re\u00fanem na Barra para ato pr\u00f3-Bolsonaro' data-link='https:\/\/newsinfoco.com.br\/inicio\/apoiadores-se-reunem-na-barra-para-ato-pro-bolsonaro\/' class='whatsapp-button whatsapp-share'>WhatsApp<\/a><div class='clear '><\/div><\/div>","protected":false},"excerpt":{"rendered":"<p>Cerca de 10 mil pessoas, de acordo com o Movimento Seu Voto Muda o Brasil, participaram neste domingo (21), de um ato em apoio ao presidenci\u00e1vel Jair Bolsonaro (PSL). A caminhada contou com a participa\u00e7\u00e3o do ex-prefeito de Salvador e ex-deputado federal Manoel Castro, o secret\u00e1rio municipal de Urbanismo e Transporte de Salvador, F\u00e1bio Mota, [&hellip;]<\/p>\n","protected":false},"author":1,"featured_media":10739,"comment_status":"open","ping_status":"open","sticky":false,"template":"","format":"standard","meta":{"om_disable_all_campaigns":false,"_exactmetrics_skip_tracking":false,"_exactmetrics_sitenote_active":false,"_exactmetrics_sitenote_note":"","_exactmetrics_sitenote_category":0,"footnotes":""},"categories":[19],"tags":[],"class_list":["post-10738","post","type-post","status-publish","format-standard","has-post-thumbnail","hentry","category-bahia"],"aioseo_notices":[],"_links":{"self":[{"href":"https:\/\/newsinfoco.com.br\/inicio\/wp-json\/wp\/v2\/posts\/10738","targetHints":{"allow":["GET"]}}],"collection":[{"href":"https:\/\/newsinfoco.com.br\/inicio\/wp-json\/wp\/v2\/posts"}],"about":[{"href":"https:\/\/newsinfoco.com.br\/inicio\/wp-json\/wp\/v2\/types\/post"}],"author":[{"embeddable":true,"href":"https:\/\/newsinfoco.com.br\/inicio\/wp-json\/wp\/v2\/users\/1"}],"replies":[{"embeddable":true,"href":"https:\/\/newsinfoco.com.br\/inicio\/wp-json\/wp\/v2\/comments?post=10738"}],"version-history":[{"count":0,"href":"https:\/\/newsinfoco.com.br\/inicio\/wp-json\/wp\/v2\/posts\/10738\/revisions"}],"wp:featuredmedia":[{"embeddable":true,"href":"https:\/\/newsinfoco.com.br\/inicio\/wp-json\/wp\/v2\/media\/10739"}],"wp:attachment":[{"href":"https:\/\/newsinfoco.com.br\/inicio\/wp-json\/wp\/v2\/media?parent=10738"}],"wp:term":[{"taxonomy":"category","embeddable":true,"href":"https:\/\/newsinfoco.com.br\/inicio\/wp-json\/wp\/v2\/categories?post=10738"},{"taxonomy":"post_tag","embeddable":true,"href":"https:\/\/newsinfoco.com.br\/inicio\/wp-json\/wp\/v2\/tags?post=10738"}],"curies":[{"name":"wp","href":"https:\/\/api.w.org\/{rel}","templated":true}]}}