{"id":10751,"date":"2018-10-22T11:35:45","date_gmt":"2018-10-22T13:35:45","guid":{"rendered":"http:\/\/newsinfoco.com.br\/?p=10751"},"modified":"2018-10-22T11:35:45","modified_gmt":"2018-10-22T13:35:45","slug":"bolsonaro-reafirma-fusao-de-ministerios","status":"publish","type":"post","link":"https:\/\/newsinfoco.com.br\/inicio\/bolsonaro-reafirma-fusao-de-ministerios\/","title":{"rendered":"Bolsonaro reafirma fus\u00e3o de minist\u00e9rios"},"content":{"rendered":"<p style=\"text-align: justify;\">O candidato Jair Bolsonaro (PSL), confirmou neste domingo, dia 21, que, se eleito, pretende fundir os Minist\u00e9rios do Meio Ambiente e da Agricultura. \u201cAt\u00e9 o momento est\u00e1 garantida esta fus\u00e3o. O ministro ser\u00e1 indicado pelo setor produtivo, logicamente que a bancada do agroneg\u00f3cio ter\u00e1 seu peso nessa indica\u00e7\u00e3o\u201d.<\/p>\n<p style=\"text-align: justify;\">Segundo o candidato, a ideia deu certo em pa\u00edses que juntaram essas duas pastas. \u201cO que n\u00e3o podemos continuar \u00e9 com dois minist\u00e9rios antag\u00f4nicos.\u201d A proposta \u00e9 alvo de cr\u00edticas de setores de exporta\u00e7\u00e3o e do pr\u00f3prio agroneg\u00f3cio.<\/p><div class=\"newsi-conteudo_19\" id=\"newsi-2419685921\"><a href=\"https:\/\/www.instagram.com\/prefeituraalagoinhas?igsh=YzgzdDJ1bWR3aWI4\" aria-label=\"SAVE_20251006_221555\"><img loading=\"lazy\" decoding=\"async\" src=\"https:\/\/newsinfoco.com.br\/inicio\/wp-content\/uploads\/2025\/10\/SAVE_20251006_221555-rotated.jpg\" alt=\"\"  srcset=\"https:\/\/newsinfoco.com.br\/inicio\/wp-content\/uploads\/2025\/10\/SAVE_20251006_221555-rotated.jpg 1140w, https:\/\/newsinfoco.com.br\/inicio\/wp-content\/uploads\/2025\/10\/SAVE_20251006_221555-300x52.jpg 300w, https:\/\/newsinfoco.com.br\/inicio\/wp-content\/uploads\/2025\/10\/SAVE_20251006_221555-1024x177.jpg 1024w, https:\/\/newsinfoco.com.br\/inicio\/wp-content\/uploads\/2025\/10\/SAVE_20251006_221555-768x133.jpg 768w, https:\/\/newsinfoco.com.br\/inicio\/wp-content\/uploads\/2025\/10\/SAVE_20251006_221555-600x104.jpg 600w, https:\/\/newsinfoco.com.br\/inicio\/wp-content\/uploads\/2025\/10\/SAVE_20251006_221555-696x120.jpg 696w, https:\/\/newsinfoco.com.br\/inicio\/wp-content\/uploads\/2025\/10\/SAVE_20251006_221555-1068x185.jpg 1068w\" sizes=\"(max-width: 1140px) 100vw, 1140px\" width=\"1140\" height=\"197\"   \/><\/a><\/div>\n<p style=\"text-align: justify;\">Como mostrou o jornal O Estado de S. Paulo na semana passada, essa press\u00e3o fez a equipe t\u00e9cnica do candidato do PSL rejeitar uma fus\u00e3o das pastas do Meio Ambiente e da Agricultura. Nas \u00faltimas semanas, o grupo de campanha do PSL recebeu an\u00e1lises de especialistas em com\u00e9rcio exterior que preveem dificuldades com fornecedores da Europa se um poss\u00edvel governo confirmar o aniquilamento do Meio Ambiente e sinalizar para um aumento das taxas de desmatamento na Amaz\u00f4nia.<\/p>\n<p style=\"text-align: justify;\">Um estudo que estava sendo preparado por auxiliares do presidenci\u00e1vel ressalta que \u00f3rg\u00e3os como o Ibama e o Instituto Chico Mendes de Conserva\u00e7\u00e3o da Biodiversidade (ICMBio) devem estar, num eventual governo, na estrutura de um superminist\u00e9rio de infraestrutura ou se manter como pasta independente integrada ao sistema de defesa nacional. Desde a pr\u00e9-campanha, os auxiliares de Bolsonaro j\u00e1 trabalhavam com a perspectiva de que uma fus\u00e3o era invi\u00e1vel administrativamente.<\/p>\n<p style=\"text-align: justify;\">Eles argumentam que \u00e1rea ambiental atua em temas de infraestrutura e energia, por exemplo, sem conex\u00e3o com a Agricultura. As cr\u00edticas generalizadas levaram a equipe a descartar a integra\u00e7\u00e3o. Mas a palavra final \u00e9 de Bolsonaro e no domingo ele voltou a reafirmar sua inten\u00e7\u00e3o de fundir os minist\u00e9rios.<\/p>\n<h6 style=\"text-align: right;\"><span style=\"color: #999999;\">Estad\u00e3o<\/span><\/h6>\n<div class='share-to-whatsapp-wrapper'><div class='share-on-whsp'>Share on: <\/div><a data-text='Bolsonaro reafirma fus\u00e3o de minist\u00e9rios' data-link='https:\/\/newsinfoco.com.br\/inicio\/bolsonaro-reafirma-fusao-de-ministerios\/' class='whatsapp-button whatsapp-share'>WhatsApp<\/a><div class='clear '><\/div><\/div>","protected":false},"excerpt":{"rendered":"<p>O candidato Jair Bolsonaro (PSL), confirmou neste domingo, dia 21, que, se eleito, pretende fundir os Minist\u00e9rios do Meio Ambiente e da Agricultura. \u201cAt\u00e9 o momento est\u00e1 garantida esta fus\u00e3o. O ministro ser\u00e1 indicado pelo setor produtivo, logicamente que a bancada do agroneg\u00f3cio ter\u00e1 seu peso nessa indica\u00e7\u00e3o\u201d. Segundo o candidato, a ideia deu certo [&hellip;]<\/p>\n","protected":false},"author":1,"featured_media":9816,"comment_status":"open","ping_status":"open","sticky":false,"template":"","format":"standard","meta":{"om_disable_all_campaigns":false,"_exactmetrics_skip_tracking":false,"_exactmetrics_sitenote_active":false,"_exactmetrics_sitenote_note":"","_exactmetrics_sitenote_category":0,"footnotes":""},"categories":[21],"tags":[],"class_list":["post-10751","post","type-post","status-publish","format-standard","has-post-thumbnail","hentry","category-brasil"],"aioseo_notices":[],"_links":{"self":[{"href":"https:\/\/newsinfoco.com.br\/inicio\/wp-json\/wp\/v2\/posts\/10751","targetHints":{"allow":["GET"]}}],"collection":[{"href":"https:\/\/newsinfoco.com.br\/inicio\/wp-json\/wp\/v2\/posts"}],"about":[{"href":"https:\/\/newsinfoco.com.br\/inicio\/wp-json\/wp\/v2\/types\/post"}],"author":[{"embeddable":true,"href":"https:\/\/newsinfoco.com.br\/inicio\/wp-json\/wp\/v2\/users\/1"}],"replies":[{"embeddable":true,"href":"https:\/\/newsinfoco.com.br\/inicio\/wp-json\/wp\/v2\/comments?post=10751"}],"version-history":[{"count":0,"href":"https:\/\/newsinfoco.com.br\/inicio\/wp-json\/wp\/v2\/posts\/10751\/revisions"}],"wp:featuredmedia":[{"embeddable":true,"href":"https:\/\/newsinfoco.com.br\/inicio\/wp-json\/wp\/v2\/media\/9816"}],"wp:attachment":[{"href":"https:\/\/newsinfoco.com.br\/inicio\/wp-json\/wp\/v2\/media?parent=10751"}],"wp:term":[{"taxonomy":"category","embeddable":true,"href":"https:\/\/newsinfoco.com.br\/inicio\/wp-json\/wp\/v2\/categories?post=10751"},{"taxonomy":"post_tag","embeddable":true,"href":"https:\/\/newsinfoco.com.br\/inicio\/wp-json\/wp\/v2\/tags?post=10751"}],"curies":[{"name":"wp","href":"https:\/\/api.w.org\/{rel}","templated":true}]}}