{"id":10755,"date":"2018-10-22T11:41:11","date_gmt":"2018-10-22T13:41:11","guid":{"rendered":"http:\/\/newsinfoco.com.br\/?p=10755"},"modified":"2018-10-22T11:41:11","modified_gmt":"2018-10-22T13:41:11","slug":"bolsonaro-enquadra-psl-e-faz-acenos-ao-centrao","status":"publish","type":"post","link":"https:\/\/newsinfoco.com.br\/inicio\/bolsonaro-enquadra-psl-e-faz-acenos-ao-centrao\/","title":{"rendered":"Bolsonaro enquadra PSL e faz acenos ao Centr\u00e3o"},"content":{"rendered":"<p style=\"text-align: justify;\">Depois de come\u00e7ar a campanha sem praticamente nenhum apoio partid\u00e1rio e sob a desconfian\u00e7a do mundo pol\u00edtico, o deputado Jair Bolsonaro , candidato do PSL \u00e0 Presid\u00eancia nas elei\u00e7\u00f5es 2018, chega \u00e0 reta final do segundo turno projetando construir uma ampla base parlamentar, na hip\u00f3tese de ser o eleito no domingo.<\/p>\n<p style=\"text-align: justify;\">Em nome da governabilidade, o capit\u00e3o reformado tenta agora enquadrar a base do PSL, que conta com 52 deputados eleitos, enquanto faz acenos ao Centr\u00e3o, que perdeu for\u00e7a, mas segue sendo um bloco com poder de fogo na C\u00e2mara. Com 142 deputados eleitos \u2013 22 a menos que na legislatura anterior \u2013, o grupo integrado por DEM, PP, PR, Solidariedade, PRB, PSC e PTB quer manter o controle de postos-chave da Casa, entre eles a presid\u00eancia.<\/p><div class=\"newsi-conteudo_19\" id=\"newsi-158202435\"><a href=\"https:\/\/www.instagram.com\/prefeituraalagoinhas?igsh=YzgzdDJ1bWR3aWI4\" aria-label=\"SAVE_20251006_221555\"><img loading=\"lazy\" decoding=\"async\" src=\"https:\/\/newsinfoco.com.br\/inicio\/wp-content\/uploads\/2025\/10\/SAVE_20251006_221555-rotated.jpg\" alt=\"\"  srcset=\"https:\/\/newsinfoco.com.br\/inicio\/wp-content\/uploads\/2025\/10\/SAVE_20251006_221555-rotated.jpg 1140w, https:\/\/newsinfoco.com.br\/inicio\/wp-content\/uploads\/2025\/10\/SAVE_20251006_221555-300x52.jpg 300w, https:\/\/newsinfoco.com.br\/inicio\/wp-content\/uploads\/2025\/10\/SAVE_20251006_221555-1024x177.jpg 1024w, https:\/\/newsinfoco.com.br\/inicio\/wp-content\/uploads\/2025\/10\/SAVE_20251006_221555-768x133.jpg 768w, https:\/\/newsinfoco.com.br\/inicio\/wp-content\/uploads\/2025\/10\/SAVE_20251006_221555-600x104.jpg 600w, https:\/\/newsinfoco.com.br\/inicio\/wp-content\/uploads\/2025\/10\/SAVE_20251006_221555-696x120.jpg 696w, https:\/\/newsinfoco.com.br\/inicio\/wp-content\/uploads\/2025\/10\/SAVE_20251006_221555-1068x185.jpg 1068w\" sizes=\"(max-width: 1140px) 100vw, 1140px\" width=\"1140\" height=\"197\"   \/><\/a><\/div>\n<p style=\"text-align: justify;\">Para ter um ponto de partida confort\u00e1vel e acalmar o DEM, que elegeu 29 deputados federais, Bolsonaro promoveu a primeira interven\u00e7\u00e3o direta na bancada do PSL ao afirmar, na quinta-feira passada, que o partido n\u00e3o vai disputar o comando da C\u00e2mara.<\/p>\n<p style=\"text-align: justify;\">Anunciado como chefe da Casa Civil caso Bolsonaro seja eleito, o deputado Onyx Lorenzoni (DEM-RS) tem feito a ponte com o DEM, que articula a reelei\u00e7\u00e3o de Rodrigo Maia (DEM-RJ) \u00e0 presid\u00eancia da Casa. O movimento do presidenci\u00e1vel parte de duas constata\u00e7\u00f5es.<\/p>\n<p style=\"text-align: justify;\">A primeira delas \u00e9 que, se quiser tirar do papel algumas de suas propostas de campanha, ter\u00e1 de garantir apoio confort\u00e1vel na C\u00e2mara. Para uma Proposta de Emenda \u00e0 Constitui\u00e7\u00e3o (PEC) ser aprovada pelo plen\u00e1rio em dois turnos, por exemplo, s\u00e3o necess\u00e1rios os votos de 3\/5 dos deputados (ou 308 votos). A outra constata\u00e7\u00e3o \u00e9 que, seja quem for o novo presidente, ele ter\u00e1 de lidar com um Congresso mais pulverizado \u2013 uma dificuldade extra para costurar apoios.<\/p>\n<h6 style=\"text-align: right;\"><span style=\"color: #999999;\">Estadao<\/span><\/h6>\n<div class='share-to-whatsapp-wrapper'><div class='share-on-whsp'>Share on: <\/div><a data-text='Bolsonaro enquadra PSL e faz acenos ao Centr\u00e3o' data-link='https:\/\/newsinfoco.com.br\/inicio\/bolsonaro-enquadra-psl-e-faz-acenos-ao-centrao\/' class='whatsapp-button whatsapp-share'>WhatsApp<\/a><div class='clear '><\/div><\/div>","protected":false},"excerpt":{"rendered":"<p>Depois de come\u00e7ar a campanha sem praticamente nenhum apoio partid\u00e1rio e sob a desconfian\u00e7a do mundo pol\u00edtico, o deputado Jair Bolsonaro , candidato do PSL \u00e0 Presid\u00eancia nas elei\u00e7\u00f5es 2018, chega \u00e0 reta final do segundo turno projetando construir uma ampla base parlamentar, na hip\u00f3tese de ser o eleito no domingo. Em nome da governabilidade, [&hellip;]<\/p>\n","protected":false},"author":1,"featured_media":10756,"comment_status":"open","ping_status":"open","sticky":false,"template":"","format":"standard","meta":{"om_disable_all_campaigns":false,"_exactmetrics_skip_tracking":false,"_exactmetrics_sitenote_active":false,"_exactmetrics_sitenote_note":"","_exactmetrics_sitenote_category":0,"footnotes":""},"categories":[21],"tags":[],"class_list":["post-10755","post","type-post","status-publish","format-standard","has-post-thumbnail","hentry","category-brasil"],"aioseo_notices":[],"_links":{"self":[{"href":"https:\/\/newsinfoco.com.br\/inicio\/wp-json\/wp\/v2\/posts\/10755","targetHints":{"allow":["GET"]}}],"collection":[{"href":"https:\/\/newsinfoco.com.br\/inicio\/wp-json\/wp\/v2\/posts"}],"about":[{"href":"https:\/\/newsinfoco.com.br\/inicio\/wp-json\/wp\/v2\/types\/post"}],"author":[{"embeddable":true,"href":"https:\/\/newsinfoco.com.br\/inicio\/wp-json\/wp\/v2\/users\/1"}],"replies":[{"embeddable":true,"href":"https:\/\/newsinfoco.com.br\/inicio\/wp-json\/wp\/v2\/comments?post=10755"}],"version-history":[{"count":0,"href":"https:\/\/newsinfoco.com.br\/inicio\/wp-json\/wp\/v2\/posts\/10755\/revisions"}],"wp:featuredmedia":[{"embeddable":true,"href":"https:\/\/newsinfoco.com.br\/inicio\/wp-json\/wp\/v2\/media\/10756"}],"wp:attachment":[{"href":"https:\/\/newsinfoco.com.br\/inicio\/wp-json\/wp\/v2\/media?parent=10755"}],"wp:term":[{"taxonomy":"category","embeddable":true,"href":"https:\/\/newsinfoco.com.br\/inicio\/wp-json\/wp\/v2\/categories?post=10755"},{"taxonomy":"post_tag","embeddable":true,"href":"https:\/\/newsinfoco.com.br\/inicio\/wp-json\/wp\/v2\/tags?post=10755"}],"curies":[{"name":"wp","href":"https:\/\/api.w.org\/{rel}","templated":true}]}}