{"id":10765,"date":"2018-10-22T21:03:23","date_gmt":"2018-10-22T23:03:23","guid":{"rendered":"http:\/\/newsinfoco.com.br\/?p=10765"},"modified":"2018-10-22T21:03:23","modified_gmt":"2018-10-22T23:03:23","slug":"alagoinhas-confira-as-atividades-nos-cras-para-esta-semana","status":"publish","type":"post","link":"https:\/\/newsinfoco.com.br\/inicio\/alagoinhas-confira-as-atividades-nos-cras-para-esta-semana\/","title":{"rendered":"Alagoinhas: Confira as atividades nos CRAS para esta semana"},"content":{"rendered":"<p style=\"text-align: justify;\">A Secretaria de Assist\u00eancia Social (SEMAS) divulga as atividades que ser\u00e3o realizadas durante a semana nos Centros de Refer\u00eancia e Assist\u00eancia Social (CRAS):<\/p>\n<p style=\"text-align: justify;\"><strong>CRAS Boa Uni\u00e3o<\/strong><\/p><div class=\"newsi-conteudo_19\" id=\"newsi-257256901\"><a href=\"https:\/\/www.instagram.com\/prefeituraalagoinhas?igsh=YzgzdDJ1bWR3aWI4\" aria-label=\"SAVE_20251006_221555\"><img loading=\"lazy\" decoding=\"async\" src=\"https:\/\/newsinfoco.com.br\/inicio\/wp-content\/uploads\/2025\/10\/SAVE_20251006_221555-rotated.jpg\" alt=\"\"  srcset=\"https:\/\/newsinfoco.com.br\/inicio\/wp-content\/uploads\/2025\/10\/SAVE_20251006_221555-rotated.jpg 1140w, https:\/\/newsinfoco.com.br\/inicio\/wp-content\/uploads\/2025\/10\/SAVE_20251006_221555-300x52.jpg 300w, https:\/\/newsinfoco.com.br\/inicio\/wp-content\/uploads\/2025\/10\/SAVE_20251006_221555-1024x177.jpg 1024w, https:\/\/newsinfoco.com.br\/inicio\/wp-content\/uploads\/2025\/10\/SAVE_20251006_221555-768x133.jpg 768w, https:\/\/newsinfoco.com.br\/inicio\/wp-content\/uploads\/2025\/10\/SAVE_20251006_221555-600x104.jpg 600w, https:\/\/newsinfoco.com.br\/inicio\/wp-content\/uploads\/2025\/10\/SAVE_20251006_221555-696x120.jpg 696w, https:\/\/newsinfoco.com.br\/inicio\/wp-content\/uploads\/2025\/10\/SAVE_20251006_221555-1068x185.jpg 1068w\" sizes=\"(max-width: 1140px) 100vw, 1140px\" width=\"1140\" height=\"197\"   \/><\/a><\/div>\n<p style=\"text-align: justify;\">Dia 22\/10 \u2013 Manh\u00e3 e tarde<\/p>\n<p style=\"text-align: justify;\">Oficina de Futebol do SCFV para Adolescentes<\/p>\n<p style=\"text-align: justify;\">Tarde- SCFV \u2013 Grupo Intergeracional: Eu protagonista: a import\u00e2ncia dos av\u00f3s na fam\u00edlia.<\/p>\n<p style=\"text-align: justify;\">Dia 23\/10 -Manh\u00e3 e tarde<\/p>\n<p style=\"text-align: justify;\">Oficina de dan\u00e7a para Crian\u00e7as<\/p>\n<p style=\"text-align: justify;\">Tarde-Oficina de Dan\u00e7a do SCFV para Mulheres ; Bate Papo: o protagonismo dos av\u00f3s na fam\u00edlia na Escola Dom Avelar.<\/p>\n<p style=\"text-align: justify;\">Dia 24\/10<\/p>\n<p style=\"text-align: justify;\">Manh\u00e3 -Oficina de Violinos \u2013 SCFV na Comunidade do Oiteiro e no Cras<\/p>\n<p style=\"text-align: justify;\">Tarde \u2013 Oficina de Violinos \u2013 SCFV no Cras<\/p>\n<p style=\"text-align: justify;\">Roda de Conversa na Comunidade do Camboat\u00e1 \u2013 Refletindo sobre a autoestima da pessoa idosa.<\/p>\n<p style=\"text-align: justify;\">Dia 25\/10-Manh\u00e3 e tarde<\/p>\n<p style=\"text-align: justify;\">SCFV \u2013 Grupo de Adolescentes \u00a0\u2013 Roda de Conversa: Eu e meus av\u00f3s.<\/p>\n<p style=\"text-align: justify;\">Dia 26\/10 -Manh\u00e3 e tarde<\/p>\n<p style=\"text-align: justify;\">SCFV \u2013 Grupo de Crian\u00e7as 9 a 11 anos- Protagonismo Infanto Juvenil \u2013 Bingo: Conhecer para respeitar<\/p>\n<p style=\"text-align: justify;\"><strong>CRAS Riacho da Guia<\/strong><\/p>\n<p style=\"text-align: justify;\">22\/10 \u2013 Manh\u00e3: SCFV \u2013 Grupo de Crian\u00e7as \u2013 Confec\u00e7\u00e3o de painel tem\u00e1tico.<\/p>\n<p style=\"text-align: justify;\">Tarde \u2013 SCFV \u2013 Oficina Violinos M\u00e1gicos e Canto Coral.<\/p>\n<p style=\"text-align: justify;\">Oficina de Gin\u00e1stica.<\/p>\n<p style=\"text-align: justify;\">23\/10 -Tarde \u2013 SCFV \u2013 Grupo de Mulheres \u2013 Palestra com o CRAM. Comemora\u00e7\u00e3o ao Dia da Mulher Rural.<\/p>\n<p style=\"text-align: justify;\">Oficina de Capoeira (Quizambu e Concei\u00e7\u00e3o)<\/p>\n<p style=\"text-align: justify;\">24\/10 \u2013 Manh\u00e3 e Tarde<\/p>\n<p style=\"text-align: justify;\">SCFV \u2013 Grupo de Crian\u00e7as \u2013 Confec\u00e7\u00e3o de painel tem\u00e1tico.<\/p>\n<p style=\"text-align: justify;\">Oficina de Futebol.<\/p>\n<p style=\"text-align: justify;\">25\/10 \u2013 Manh\u00e3 e Tarde<\/p>\n<p style=\"text-align: justify;\">SCFV \u2013 Grupo de Adolescentes \u2013 Oficina.<\/p>\n<p style=\"text-align: justify;\">Manh\u00e3 e Tarde \u2013 \u00a0Oficina de Dan\u00e7a Infantil e Idosos.<\/p>\n<p style=\"text-align: justify;\">Oficina de Dan\u00e7a Adultos (comunidade Concei\u00e7\u00e3o).<\/p>\n<p style=\"text-align: justify;\">26\/10 \u2013 Tarde \u2013 SCFV \u2013 Grupo de Crian\u00e7as \u2013 Pintura em tela.<\/p>\n<p style=\"text-align: justify;\"><strong>Cras de Nova Bras\u00edlia<\/strong><\/p>\n<p style=\"text-align: justify;\">22\/10 \u2013 Manh\u00e3 e tarde<\/p>\n<p style=\"text-align: justify;\">Atendimentos socioassistenciais e o Servi\u00e7o de Conviv\u00eancia e Fortalecimento de V\u00ednculos (SCFV) com o grupo de adolescentes<\/p>\n<p style=\"text-align: justify;\">Manh\u00e3 e tarde<\/p>\n<p style=\"text-align: justify;\">SCFV \u2013 Oficinas de Capoeira na Baixa da Candeia e a Oficina de Gin\u00e1stica<\/p>\n<p style=\"text-align: justify;\">Tarde \u2013 Oficina de Gin\u00e1stica\u00a0 no CRAS<\/p>\n<p style=\"text-align: justify;\">Oficina Inf\u00e2ncia Protegida com a parceria do AEPETI \u2013<\/p>\n<p style=\"text-align: justify;\">23\/10 \u2013 Manh\u00e3 \u2013\u00a0Oficina de Violinos no CRAS;<\/p>\n<p style=\"text-align: justify;\">Tarde \u2013 Oficina de Violinos;<\/p>\n<p style=\"text-align: justify;\">Encontro com o Grupo de Idosas\/os \u2013 SCFV<\/p>\n<p style=\"text-align: justify;\">Manh\u00e3 e tarde<\/p>\n<p style=\"text-align: justify;\">Oficina de Futebol na \u00a0Comunidade da Baixa da Candeia<\/p>\n<p style=\"text-align: justify;\">Manh\u00e3 e tarde<\/p>\n<p style=\"text-align: justify;\">Servi\u00e7o de Prote\u00e7\u00e3o Social \u00e0 Domic\u00edlio -Visitas domiciliares \u00e0s Pessoas com Defici\u00eancia e visitas da rede<\/p>\n<p style=\"text-align: justify;\">Encontro do Grupo de Homens \u2013 Vinculados ao PAIF, da Comunidade de Nova Bras\u00edlia.<\/p>\n<p style=\"text-align: justify;\">24\/10- Manh\u00e3 \u2013 Oficina de Dan\u00e7a no CRAS de Nova Bras\u00edlia.<\/p>\n<p style=\"text-align: justify;\">Tarde \u2013 Oficina de Gin\u00e1stica na Comunidade da Baixa da Candeia com o grupo de Mulheres e Idosas.<\/p>\n<p style=\"text-align: justify;\">Oficina de Dan\u00e7a com o Grupo de Mulheres no CRAS<\/p>\n<p style=\"text-align: justify;\">25\/10<\/p>\n<p style=\"text-align: justify;\">Atendimentos Socioassistenciais no CRAS de N. Bras\u00edlia, concomitante \u00e0 Oficina de Capoeira.<\/p>\n<p style=\"text-align: justify;\">Tarde \u2013 Servi\u00e7o de Conviv\u00eancia e Fortalecimento de V\u00ednculos com o Grupo de Mulheres e Oficina de Capoeira com o Grupo de Adolescentes no CRAS de Nova Bras\u00edlia.<\/p>\n<p style=\"text-align: justify;\">26\/10 \u2013 Manh\u00e3 \u2013 Visita Domiciliar para pessoas Idosas; Atendimento Socioassistencial; Oficina<\/p>\n<p style=\"text-align: justify;\">Manh\u00e3 e tarde<\/p>\n<p style=\"text-align: justify;\">Servi\u00e7o de Conviv\u00eancia e Fortalecimento de V\u00ednculos (SCFV) Grupo de Crian\u00e7as e\u00a0 a Oficina de Flauta<\/p>\n<p style=\"text-align: justify;\">Tarde: Servi\u00e7o de Conviv\u00eancia e Fortalecimento de V\u00ednculos (SCFV) \u2013 Grupo de Crian\u00e7as.<\/p>\n<p style=\"text-align: justify;\">Oficina de Dan\u00e7a com Mulheres e Idosas na Comunidade da Baixa da Candeia e acompanhamento das fam\u00edlias inseridas nos SCFV, atrav\u00e9s do encontro Conversas Consentidas.<\/p>\n<h6 style=\"text-align: right;\"><span style=\"color: #999999;\">Secom Alagoinhas<\/span><\/h6>\n<div class='share-to-whatsapp-wrapper'><div class='share-on-whsp'>Share on: <\/div><a data-text='Alagoinhas: Confira as atividades nos CRAS para esta semana' data-link='https:\/\/newsinfoco.com.br\/inicio\/alagoinhas-confira-as-atividades-nos-cras-para-esta-semana\/' class='whatsapp-button whatsapp-share'>WhatsApp<\/a><div class='clear '><\/div><\/div>","protected":false},"excerpt":{"rendered":"<p>A Secretaria de Assist\u00eancia Social (SEMAS) divulga as atividades que ser\u00e3o realizadas durante a semana nos Centros de Refer\u00eancia e Assist\u00eancia Social (CRAS): CRAS Boa Uni\u00e3o Dia 22\/10 \u2013 Manh\u00e3 e tarde Oficina de Futebol do SCFV para Adolescentes Tarde- SCFV \u2013 Grupo Intergeracional: Eu protagonista: a import\u00e2ncia dos av\u00f3s na fam\u00edlia. Dia 23\/10 -Manh\u00e3 [&hellip;]<\/p>\n","protected":false},"author":1,"featured_media":10496,"comment_status":"open","ping_status":"open","sticky":false,"template":"","format":"standard","meta":{"om_disable_all_campaigns":false,"_exactmetrics_skip_tracking":false,"_exactmetrics_sitenote_active":false,"_exactmetrics_sitenote_note":"","_exactmetrics_sitenote_category":0,"footnotes":""},"categories":[38,30],"tags":[],"class_list":["post-10765","post","type-post","status-publish","format-standard","has-post-thumbnail","hentry","category-alagoinhas-e-regiao","category-destaque"],"aioseo_notices":[],"_links":{"self":[{"href":"https:\/\/newsinfoco.com.br\/inicio\/wp-json\/wp\/v2\/posts\/10765","targetHints":{"allow":["GET"]}}],"collection":[{"href":"https:\/\/newsinfoco.com.br\/inicio\/wp-json\/wp\/v2\/posts"}],"about":[{"href":"https:\/\/newsinfoco.com.br\/inicio\/wp-json\/wp\/v2\/types\/post"}],"author":[{"embeddable":true,"href":"https:\/\/newsinfoco.com.br\/inicio\/wp-json\/wp\/v2\/users\/1"}],"replies":[{"embeddable":true,"href":"https:\/\/newsinfoco.com.br\/inicio\/wp-json\/wp\/v2\/comments?post=10765"}],"version-history":[{"count":0,"href":"https:\/\/newsinfoco.com.br\/inicio\/wp-json\/wp\/v2\/posts\/10765\/revisions"}],"wp:featuredmedia":[{"embeddable":true,"href":"https:\/\/newsinfoco.com.br\/inicio\/wp-json\/wp\/v2\/media\/10496"}],"wp:attachment":[{"href":"https:\/\/newsinfoco.com.br\/inicio\/wp-json\/wp\/v2\/media?parent=10765"}],"wp:term":[{"taxonomy":"category","embeddable":true,"href":"https:\/\/newsinfoco.com.br\/inicio\/wp-json\/wp\/v2\/categories?post=10765"},{"taxonomy":"post_tag","embeddable":true,"href":"https:\/\/newsinfoco.com.br\/inicio\/wp-json\/wp\/v2\/tags?post=10765"}],"curies":[{"name":"wp","href":"https:\/\/api.w.org\/{rel}","templated":true}]}}