{"id":10767,"date":"2018-10-22T21:07:21","date_gmt":"2018-10-22T23:07:21","guid":{"rendered":"http:\/\/newsinfoco.com.br\/?p=10767"},"modified":"2018-10-22T21:07:21","modified_gmt":"2018-10-22T23:07:21","slug":"alagoinhas-reune-mais-de-130-atletas-no-xi-campeonato-baiano-de-karate-yudansha","status":"publish","type":"post","link":"https:\/\/newsinfoco.com.br\/inicio\/alagoinhas-reune-mais-de-130-atletas-no-xi-campeonato-baiano-de-karate-yudansha\/","title":{"rendered":"Alagoinhas re\u00fane mais de 130 atletas no XI Campeonato Baiano de Karat\u00ea Yudansha"},"content":{"rendered":"<p style=\"text-align: justify;\">Com apoio do poder p\u00fablico municipal, atrav\u00e9s da Secretaria de Cultura, Esporte e Turismo (SECET), Alagoinhas sediou, no \u00faltimo domingo (21), o XI Campeonato Baiano de Karat\u00ea Yudansha, com disputas que marcaram os 40 anos do karat\u00ea da fam\u00edlia Alves na Bahia e no Brasil.<\/p>\n<p style=\"text-align: justify;\">O evento foi organizado pela Federa\u00e7\u00e3o Baiana de Karat\u00ea Yudansha \u2013 Shotokan e contou com a participa\u00e7\u00e3o de mais de 130 atletas. Competidores de Salvador, do Bonfim, de S\u00e3o Sebasti\u00e3o do Pass\u00e9, de Santo Ant\u00f4nio de Jesus, de Irar\u00e1, Cora\u00e7\u00e3o de Maria, Candeias, Feira de Santana, Valen\u00e7a e Aracaju estiveram na cidade para disputar as chaves.<\/p><div class=\"newsi-conteudo_19\" id=\"newsi-3518582019\"><a href=\"https:\/\/www.instagram.com\/prefeituraalagoinhas?igsh=YzgzdDJ1bWR3aWI4\" aria-label=\"SAVE_20251006_221555\"><img loading=\"lazy\" decoding=\"async\" src=\"https:\/\/newsinfoco.com.br\/inicio\/wp-content\/uploads\/2025\/10\/SAVE_20251006_221555-rotated.jpg\" alt=\"\"  srcset=\"https:\/\/newsinfoco.com.br\/inicio\/wp-content\/uploads\/2025\/10\/SAVE_20251006_221555-rotated.jpg 1140w, https:\/\/newsinfoco.com.br\/inicio\/wp-content\/uploads\/2025\/10\/SAVE_20251006_221555-300x52.jpg 300w, https:\/\/newsinfoco.com.br\/inicio\/wp-content\/uploads\/2025\/10\/SAVE_20251006_221555-1024x177.jpg 1024w, https:\/\/newsinfoco.com.br\/inicio\/wp-content\/uploads\/2025\/10\/SAVE_20251006_221555-768x133.jpg 768w, https:\/\/newsinfoco.com.br\/inicio\/wp-content\/uploads\/2025\/10\/SAVE_20251006_221555-600x104.jpg 600w, https:\/\/newsinfoco.com.br\/inicio\/wp-content\/uploads\/2025\/10\/SAVE_20251006_221555-696x120.jpg 696w, https:\/\/newsinfoco.com.br\/inicio\/wp-content\/uploads\/2025\/10\/SAVE_20251006_221555-1068x185.jpg 1068w\" sizes=\"(max-width: 1140px) 100vw, 1140px\" width=\"1140\" height=\"197\"   \/><\/a><\/div>\n<p style=\"text-align: justify;\">Os clubes que atingiram melhor desempenho na classifica\u00e7\u00e3o geral foram o Duplo Impacto Karat\u00ea Clube de Irar\u00e1, em 1\u00ba lugar, seguido pelo Agika de Alagoinhas, vice-campe\u00e3o, e pelo Jodan Karat\u00ea Clube S\u00e3o Sebasti\u00e3o do Pass\u00e9, 3\u00ba colocado. Em 4\u00ba lugar, ficou o Clube de Karat\u00ea de Aracaju, que tamb\u00e9m obteve destaque entre os atletas.<\/p>\n<p style=\"text-align: justify;\">\u201cPercebi que o karat\u00ea, al\u00e9m de ser uma arte marcial, \u00e9 tamb\u00e9m uma arte que forma cidad\u00e3os e re\u00fane fam\u00edlias, amigos, pais e alunos. Meu foco neste Campeonato Baiano foi este, de estar com esta grande fam\u00edlia Alves reunida. Fiquei emocionado e muito feliz com as homenagens e agrade\u00e7o a Deus e tamb\u00e9m a todos aqueles que, direta ou indiretamente, estiveram envolvidos nesse processo. Professores, atletas, pais, colaboradores, parceiros da iniciativa p\u00fablica e do setor privado permitiram que fiz\u00e9ssemos deste evento uma grande festa. \u00c9 atrav\u00e9s de a\u00e7\u00f5es como essas que percebemos o aspecto transformador do esporte\u201d, afirmou o Sensei Silvano Alves, respons\u00e1vel pela organiza\u00e7\u00e3o do campeonato.<\/p>\n<p style=\"text-align: justify;\">O professor faixa preta, presidente da FBKYS e diretor de arbitragem da CBKTE, destacou a import\u00e2ncia do apoio de empresas privadas e tamb\u00e9m do poder p\u00fablico \u00e0 iniciativa e enfatizou que o evento marca a tradi\u00e7\u00e3o e a hist\u00f3ria de 40 anos da fam\u00edlia Alves com o Karat\u00ea na Bahia. Albertina da Silva Alves foi homenageada pelos participantes.<\/p>\n<p style=\"text-align: justify;\">O evento foi realizado no Gin\u00e1sio de Esportes Ant\u00f4nio Carlos Magalh\u00e3es, a partir das 8h, no domingo. A SECET reafirmou o compromisso da Administra\u00e7\u00e3o Municipal com o fomento ao esporte e destacou que o poder p\u00fablico tem incentivado a pr\u00e1tica de diversas modalidades, porque acredita nas iniciativas enquanto ferramentas de a\u00e7\u00e3o social, educa\u00e7\u00e3o e desenvolvimento.<\/p>\n<p style=\"text-align: justify;\">A inten\u00e7\u00e3o, segundo representantes da pasta, \u00e9 de que o munic\u00edpio continue sediando campeonatos, partidas, chaves e disputas, permitindo o compartilhamento, a integra\u00e7\u00e3o e a troca de aprendizado entre os atletas.<\/p>\n<h6 style=\"text-align: right;\"><span style=\"color: #999999;\">Secom Alagoinhas<\/span><\/h6>\n<div class='share-to-whatsapp-wrapper'><div class='share-on-whsp'>Share on: <\/div><a data-text='Alagoinhas re\u00fane mais de 130 atletas no XI Campeonato Baiano de Karat\u00ea Yudansha' data-link='https:\/\/newsinfoco.com.br\/inicio\/alagoinhas-reune-mais-de-130-atletas-no-xi-campeonato-baiano-de-karate-yudansha\/' class='whatsapp-button whatsapp-share'>WhatsApp<\/a><div class='clear '><\/div><\/div>","protected":false},"excerpt":{"rendered":"<p>Com apoio do poder p\u00fablico municipal, atrav\u00e9s da Secretaria de Cultura, Esporte e Turismo (SECET), Alagoinhas sediou, no \u00faltimo domingo (21), o XI Campeonato Baiano de Karat\u00ea Yudansha, com disputas que marcaram os 40 anos do karat\u00ea da fam\u00edlia Alves na Bahia e no Brasil. O evento foi organizado pela Federa\u00e7\u00e3o Baiana de Karat\u00ea Yudansha [&hellip;]<\/p>\n","protected":false},"author":1,"featured_media":10768,"comment_status":"open","ping_status":"open","sticky":false,"template":"","format":"standard","meta":{"om_disable_all_campaigns":false,"_exactmetrics_skip_tracking":false,"_exactmetrics_sitenote_active":false,"_exactmetrics_sitenote_note":"","_exactmetrics_sitenote_category":0,"footnotes":""},"categories":[38,30],"tags":[],"class_list":["post-10767","post","type-post","status-publish","format-standard","has-post-thumbnail","hentry","category-alagoinhas-e-regiao","category-destaque"],"aioseo_notices":[],"_links":{"self":[{"href":"https:\/\/newsinfoco.com.br\/inicio\/wp-json\/wp\/v2\/posts\/10767","targetHints":{"allow":["GET"]}}],"collection":[{"href":"https:\/\/newsinfoco.com.br\/inicio\/wp-json\/wp\/v2\/posts"}],"about":[{"href":"https:\/\/newsinfoco.com.br\/inicio\/wp-json\/wp\/v2\/types\/post"}],"author":[{"embeddable":true,"href":"https:\/\/newsinfoco.com.br\/inicio\/wp-json\/wp\/v2\/users\/1"}],"replies":[{"embeddable":true,"href":"https:\/\/newsinfoco.com.br\/inicio\/wp-json\/wp\/v2\/comments?post=10767"}],"version-history":[{"count":0,"href":"https:\/\/newsinfoco.com.br\/inicio\/wp-json\/wp\/v2\/posts\/10767\/revisions"}],"wp:featuredmedia":[{"embeddable":true,"href":"https:\/\/newsinfoco.com.br\/inicio\/wp-json\/wp\/v2\/media\/10768"}],"wp:attachment":[{"href":"https:\/\/newsinfoco.com.br\/inicio\/wp-json\/wp\/v2\/media?parent=10767"}],"wp:term":[{"taxonomy":"category","embeddable":true,"href":"https:\/\/newsinfoco.com.br\/inicio\/wp-json\/wp\/v2\/categories?post=10767"},{"taxonomy":"post_tag","embeddable":true,"href":"https:\/\/newsinfoco.com.br\/inicio\/wp-json\/wp\/v2\/tags?post=10767"}],"curies":[{"name":"wp","href":"https:\/\/api.w.org\/{rel}","templated":true}]}}