{"id":10773,"date":"2018-10-23T21:05:56","date_gmt":"2018-10-23T23:05:56","guid":{"rendered":"http:\/\/newsinfoco.com.br\/?p=10773"},"modified":"2018-10-23T21:05:56","modified_gmt":"2018-10-23T23:05:56","slug":"presidente-do-pros-se-entrega-a-pf-mas-lei-eleitoral-impede-prisao","status":"publish","type":"post","link":"https:\/\/newsinfoco.com.br\/inicio\/presidente-do-pros-se-entrega-a-pf-mas-lei-eleitoral-impede-prisao\/","title":{"rendered":"Presidente do PROS se entrega \u00e0 PF, mas Lei Eleitoral impede pris\u00e3o"},"content":{"rendered":"<p style=\"text-align: justify;\">O presidente do PROS, Eur\u00edpedes J\u00fanior, se apresentou \u00e0 Pol\u00edcia Federal, em Bras\u00edlia, na manh\u00e3 desta ter\u00e7a-feira, 23. Alvo de mandado de pris\u00e3o da Opera\u00e7\u00e3o Partialis, deflagrada em 18 de outubro, Eur\u00edpedes J\u00fanior n\u00e3o ficou detido, por causa da Lei Eleitoral. A legisla\u00e7\u00e3o veta pris\u00f5es ou deten\u00e7\u00f5es, exceto em casos de flagrante delito ou se houver senten\u00e7a criminal condenat\u00f3ria por crime inafian\u00e7\u00e1vel ou desrespeito a salvo-conduto.<\/p>\n<p style=\"text-align: justify;\">No domingo, 28, o Pa\u00eds volta \u00e0s urnas para o segundo turno das elei\u00e7\u00f5es para presidente e governador. \u201cNenhuma autoridade poder\u00e1, desde cinco dias antes e at\u00e9 48 horas depois do encerramento da elei\u00e7\u00e3o, prender ou deter qualquer eleitor\u201d, estabelece o C\u00f3digo Eleitoral.<\/p><div class=\"newsi-conteudo_19\" id=\"newsi-2986196963\"><a href=\"https:\/\/www.instagram.com\/prefeituraalagoinhas?igsh=YzgzdDJ1bWR3aWI4\" aria-label=\"SAVE_20251006_221555\"><img loading=\"lazy\" decoding=\"async\" src=\"https:\/\/newsinfoco.com.br\/inicio\/wp-content\/uploads\/2025\/10\/SAVE_20251006_221555-rotated.jpg\" alt=\"\"  srcset=\"https:\/\/newsinfoco.com.br\/inicio\/wp-content\/uploads\/2025\/10\/SAVE_20251006_221555-rotated.jpg 1140w, https:\/\/newsinfoco.com.br\/inicio\/wp-content\/uploads\/2025\/10\/SAVE_20251006_221555-300x52.jpg 300w, https:\/\/newsinfoco.com.br\/inicio\/wp-content\/uploads\/2025\/10\/SAVE_20251006_221555-1024x177.jpg 1024w, https:\/\/newsinfoco.com.br\/inicio\/wp-content\/uploads\/2025\/10\/SAVE_20251006_221555-768x133.jpg 768w, https:\/\/newsinfoco.com.br\/inicio\/wp-content\/uploads\/2025\/10\/SAVE_20251006_221555-600x104.jpg 600w, https:\/\/newsinfoco.com.br\/inicio\/wp-content\/uploads\/2025\/10\/SAVE_20251006_221555-696x120.jpg 696w, https:\/\/newsinfoco.com.br\/inicio\/wp-content\/uploads\/2025\/10\/SAVE_20251006_221555-1068x185.jpg 1068w\" sizes=\"(max-width: 1140px) 100vw, 1140px\" width=\"1140\" height=\"197\"   \/><\/a><\/div>\n<p style=\"text-align: justify;\">Eur\u00edpedes chegou \u00e0 PF acompanhado por seus advogados. A defesa tamb\u00e9m entrou com um pedido de revoga\u00e7\u00e3o da pris\u00e3o. A Opera\u00e7\u00e3o Partialis mira um suposto esquema de desvios de mais de R$ 2 milh\u00f5es em contratos da prefeitura de Marab\u00e1 para compra de gases medicinais no interior do Par\u00e1. Parte dos valores teria sido destinada \u00e0 compra de uma aeronave por Jo\u00e3o Salame Neto, ex-prefeito de Marab\u00e1. Com a suposta ajuda de assistentes, a compra teria sido ocultada por meio da venda do avi\u00e3o ao PROS, partido dirigido por Eur\u00edpedes.<\/p>\n<p style=\"text-align: justify;\">Quando decretou a pris\u00e3o de Eur\u00edpedes, o juiz Heitor Moura Gomes, da 2.\u00aa Vara Federal de Marab\u00e1 (PA) afirmou ver ind\u00edcios de que, em liberdade, mandat\u00e1rio da sigla poderia ocultar vest\u00edgios da compra de um avi\u00e3o com recursos da sa\u00fade destinados pela uni\u00e3o ao munic\u00edpio no interior do Par\u00e1.<\/p>\n<p style=\"text-align: justify;\">\u201cA pris\u00e3o pode auxiliar no desvendamento de provas outras e de outros envolvidos, enquanto que, caso em liberdade, possivelmente poderiam tentar ocultar ou destruir provas eventualmente existentes e relacionadas, em especial, a negocia\u00e7\u00e3o envolvendo a aeronave prefixo PT-VQW\u201d, anotou.<\/p>\n<h6 style=\"text-align: right;\"><span style=\"color: #999999;\">Estadao<\/span><\/h6>\n<div class='share-to-whatsapp-wrapper'><div class='share-on-whsp'>Share on: <\/div><a data-text='Presidente do PROS se entrega \u00e0 PF, mas Lei Eleitoral impede pris\u00e3o' data-link='https:\/\/newsinfoco.com.br\/inicio\/presidente-do-pros-se-entrega-a-pf-mas-lei-eleitoral-impede-prisao\/' class='whatsapp-button whatsapp-share'>WhatsApp<\/a><div class='clear '><\/div><\/div>","protected":false},"excerpt":{"rendered":"<p>O presidente do PROS, Eur\u00edpedes J\u00fanior, se apresentou \u00e0 Pol\u00edcia Federal, em Bras\u00edlia, na manh\u00e3 desta ter\u00e7a-feira, 23. Alvo de mandado de pris\u00e3o da Opera\u00e7\u00e3o Partialis, deflagrada em 18 de outubro, Eur\u00edpedes J\u00fanior n\u00e3o ficou detido, por causa da Lei Eleitoral. A legisla\u00e7\u00e3o veta pris\u00f5es ou deten\u00e7\u00f5es, exceto em casos de flagrante delito ou se [&hellip;]<\/p>\n","protected":false},"author":1,"featured_media":10774,"comment_status":"open","ping_status":"open","sticky":false,"template":"","format":"standard","meta":{"om_disable_all_campaigns":false,"_exactmetrics_skip_tracking":false,"_exactmetrics_sitenote_active":false,"_exactmetrics_sitenote_note":"","_exactmetrics_sitenote_category":0,"footnotes":""},"categories":[21],"tags":[],"class_list":["post-10773","post","type-post","status-publish","format-standard","has-post-thumbnail","hentry","category-brasil"],"aioseo_notices":[],"_links":{"self":[{"href":"https:\/\/newsinfoco.com.br\/inicio\/wp-json\/wp\/v2\/posts\/10773","targetHints":{"allow":["GET"]}}],"collection":[{"href":"https:\/\/newsinfoco.com.br\/inicio\/wp-json\/wp\/v2\/posts"}],"about":[{"href":"https:\/\/newsinfoco.com.br\/inicio\/wp-json\/wp\/v2\/types\/post"}],"author":[{"embeddable":true,"href":"https:\/\/newsinfoco.com.br\/inicio\/wp-json\/wp\/v2\/users\/1"}],"replies":[{"embeddable":true,"href":"https:\/\/newsinfoco.com.br\/inicio\/wp-json\/wp\/v2\/comments?post=10773"}],"version-history":[{"count":0,"href":"https:\/\/newsinfoco.com.br\/inicio\/wp-json\/wp\/v2\/posts\/10773\/revisions"}],"wp:featuredmedia":[{"embeddable":true,"href":"https:\/\/newsinfoco.com.br\/inicio\/wp-json\/wp\/v2\/media\/10774"}],"wp:attachment":[{"href":"https:\/\/newsinfoco.com.br\/inicio\/wp-json\/wp\/v2\/media?parent=10773"}],"wp:term":[{"taxonomy":"category","embeddable":true,"href":"https:\/\/newsinfoco.com.br\/inicio\/wp-json\/wp\/v2\/categories?post=10773"},{"taxonomy":"post_tag","embeddable":true,"href":"https:\/\/newsinfoco.com.br\/inicio\/wp-json\/wp\/v2\/tags?post=10773"}],"curies":[{"name":"wp","href":"https:\/\/api.w.org\/{rel}","templated":true}]}}