{"id":10776,"date":"2018-10-23T21:08:59","date_gmt":"2018-10-23T23:08:59","guid":{"rendered":"http:\/\/newsinfoco.com.br\/?p=10776"},"modified":"2018-10-23T21:08:59","modified_gmt":"2018-10-23T23:08:59","slug":"haddad-bolsonaro-nao-debate-porque-nao-tem-condicoes-de-defender-uma-ideia","status":"publish","type":"post","link":"https:\/\/newsinfoco.com.br\/inicio\/haddad-bolsonaro-nao-debate-porque-nao-tem-condicoes-de-defender-uma-ideia\/","title":{"rendered":"Haddad: Bolsonaro n\u00e3o debate porque n\u00e3o tem condi\u00e7\u00f5es de defender uma ideia"},"content":{"rendered":"<p style=\"text-align: justify;\">O candidato do PT \u00e0 Presid\u00eancia da Rep\u00fablica, Fernando Haddad, criticou a aus\u00eancia do advers\u00e1rio Jair Bolsonaro nos tradicionais debates promovidos pelas televis\u00f5es, e afirmou que isso acontece porque Bolsonaro \u201c\u00e9 um tolo\u201d e n\u00e3o teria condi\u00e7\u00f5es de defender uma ideia. Segundo ele, em quase 30 anos de mandato parlamentar Bolsonaro n\u00e3o fez nada para ajudar a popula\u00e7\u00e3o, e n\u00e3o seria agora que iria se destacar com propostas.<\/p>\n<p style=\"text-align: justify;\">Entre os pontos que gostaria de debater est\u00e1 a seguran\u00e7a p\u00fablica que para Haddad n\u00e3o \u00e9 um simples \u201cdar uma arma para cada um\u201d, como pretende o advers\u00e1rio. O candidato do PT defendeu a cria\u00e7\u00e3o de uma seguran\u00e7a p\u00fablica \u00fanica federalizada, e lembrou que apesar de dizer que vai tornar o Pa\u00eds mais seguro, em 30 anos Bolsonaro n\u00e3o fez nada.<\/p><div class=\"newsi-conteudo_19\" id=\"newsi-1905620841\"><a href=\"https:\/\/www.instagram.com\/prefeituraalagoinhas?igsh=YzgzdDJ1bWR3aWI4\" aria-label=\"SAVE_20251006_221555\"><img loading=\"lazy\" decoding=\"async\" src=\"https:\/\/newsinfoco.com.br\/inicio\/wp-content\/uploads\/2025\/10\/SAVE_20251006_221555-rotated.jpg\" alt=\"\"  srcset=\"https:\/\/newsinfoco.com.br\/inicio\/wp-content\/uploads\/2025\/10\/SAVE_20251006_221555-rotated.jpg 1140w, https:\/\/newsinfoco.com.br\/inicio\/wp-content\/uploads\/2025\/10\/SAVE_20251006_221555-300x52.jpg 300w, https:\/\/newsinfoco.com.br\/inicio\/wp-content\/uploads\/2025\/10\/SAVE_20251006_221555-1024x177.jpg 1024w, https:\/\/newsinfoco.com.br\/inicio\/wp-content\/uploads\/2025\/10\/SAVE_20251006_221555-768x133.jpg 768w, https:\/\/newsinfoco.com.br\/inicio\/wp-content\/uploads\/2025\/10\/SAVE_20251006_221555-600x104.jpg 600w, https:\/\/newsinfoco.com.br\/inicio\/wp-content\/uploads\/2025\/10\/SAVE_20251006_221555-696x120.jpg 696w, https:\/\/newsinfoco.com.br\/inicio\/wp-content\/uploads\/2025\/10\/SAVE_20251006_221555-1068x185.jpg 1068w\" sizes=\"(max-width: 1140px) 100vw, 1140px\" width=\"1140\" height=\"197\"   \/><\/a><\/div>\n<p style=\"text-align: justify;\">\u201cEle (Bolsonaro) nunca fez nada pela seguran\u00e7a p\u00fablica em sete mandatos. Nunca aprovou nada pelo Rio de Janeiro, nunca fez nada pelo Brasil. Ele diz que vai apertar tudo, mas apertar o que?\u201d, perguntou. \u201cA minha proposta \u00e9 de f\u00e1cil compreens\u00e3o, quero dobrar o efetivo das for\u00e7as estaduais para proteger o cidad\u00e3o como apoio da Pol\u00edcia Federal. O crime n\u00e3o \u00e9 mais local, \u00e9 nacional\u201d, afirmou durante sabatina no jornal O Globo.<\/p>\n<p style=\"text-align: justify;\">Outros temas, como a privatiza\u00e7\u00e3o, na avalia\u00e7\u00e3o de Haddad, tamb\u00e9m poderiam ser debatidos, mas afirmou que n\u00e3o est\u00e1 \u201cno radar\u201d, apesar de admitir que poderia fazer algumas concess\u00f5es, como planejava em S\u00e3o Paulo na \u00e9poca em que foi prefeito. \u201cE em S\u00e3o Paulo eu organizei um processo de concess\u00e3o do Anhembi, mas o Doria quis vender\u201d, lembrou.<\/p>\n<p style=\"text-align: justify;\">Perguntado sobre uma poss\u00edvel privatiza\u00e7\u00e3o ou elimina\u00e7\u00e3o dos Correios, Haddad observou que apesar da evolu\u00e7\u00e3o tecnol\u00f3gica que reduziu expressivamente a import\u00e2ncia do servi\u00e7o, em alguns lugares apenas os Correios t\u00eam acesso. Ele afirmou que para reduzir a falta de tecnologia nesses lugares pretende lan\u00e7ar um programa semelhante ao \u201cLuz para Todos\u201d, que levou energia el\u00e9trica para milhares de brasileiros, o \u201cBanda Larga para Todos\u201d.<\/p>\n<p style=\"text-align: justify;\">Ele tamb\u00e9m se disse contra acabar com a reelei\u00e7\u00e3o, mas garantir a recondu\u00e7\u00e3o \u00fanica, a exemplo do que acontece nos Estados Unidos.<\/p>\n<p style=\"text-align: justify;\">\u00c0s v\u00e9speras da vota\u00e7\u00e3o do segundo turno, Haddad avaliou que fez uma boa campanha e que se perder o pleito n\u00e3o vai ligar para dar parab\u00e9ns a Bolsonaro, mas espera que o candidato do PSL ligue para se desculpar das ofensas cometidas durante a campanha. Haddad por\u00e9m, afirmou que ainda n\u00e3o se deu por vencido. \u201cFiz uma boa luta at\u00e9 aqui e tenho at\u00e9 s\u00e1bado para reverter o quadro\u201d, declarou.<\/p>\n<h6 style=\"text-align: right;\"><span style=\"color: #999999;\">Estad\u00e3o Conteudo<\/span><\/h6>\n<div class='share-to-whatsapp-wrapper'><div class='share-on-whsp'>Share on: <\/div><a data-text='Haddad: Bolsonaro n\u00e3o debate porque n\u00e3o tem condi\u00e7\u00f5es de defender uma ideia' data-link='https:\/\/newsinfoco.com.br\/inicio\/haddad-bolsonaro-nao-debate-porque-nao-tem-condicoes-de-defender-uma-ideia\/' class='whatsapp-button whatsapp-share'>WhatsApp<\/a><div class='clear '><\/div><\/div>","protected":false},"excerpt":{"rendered":"<p>O candidato do PT \u00e0 Presid\u00eancia da Rep\u00fablica, Fernando Haddad, criticou a aus\u00eancia do advers\u00e1rio Jair Bolsonaro nos tradicionais debates promovidos pelas televis\u00f5es, e afirmou que isso acontece porque Bolsonaro \u201c\u00e9 um tolo\u201d e n\u00e3o teria condi\u00e7\u00f5es de defender uma ideia. Segundo ele, em quase 30 anos de mandato parlamentar Bolsonaro n\u00e3o fez nada para [&hellip;]<\/p>\n","protected":false},"author":1,"featured_media":10381,"comment_status":"open","ping_status":"open","sticky":false,"template":"","format":"standard","meta":{"om_disable_all_campaigns":false,"_exactmetrics_skip_tracking":false,"_exactmetrics_sitenote_active":false,"_exactmetrics_sitenote_note":"","_exactmetrics_sitenote_category":0,"footnotes":""},"categories":[21],"tags":[],"class_list":["post-10776","post","type-post","status-publish","format-standard","has-post-thumbnail","hentry","category-brasil"],"aioseo_notices":[],"_links":{"self":[{"href":"https:\/\/newsinfoco.com.br\/inicio\/wp-json\/wp\/v2\/posts\/10776","targetHints":{"allow":["GET"]}}],"collection":[{"href":"https:\/\/newsinfoco.com.br\/inicio\/wp-json\/wp\/v2\/posts"}],"about":[{"href":"https:\/\/newsinfoco.com.br\/inicio\/wp-json\/wp\/v2\/types\/post"}],"author":[{"embeddable":true,"href":"https:\/\/newsinfoco.com.br\/inicio\/wp-json\/wp\/v2\/users\/1"}],"replies":[{"embeddable":true,"href":"https:\/\/newsinfoco.com.br\/inicio\/wp-json\/wp\/v2\/comments?post=10776"}],"version-history":[{"count":0,"href":"https:\/\/newsinfoco.com.br\/inicio\/wp-json\/wp\/v2\/posts\/10776\/revisions"}],"wp:featuredmedia":[{"embeddable":true,"href":"https:\/\/newsinfoco.com.br\/inicio\/wp-json\/wp\/v2\/media\/10381"}],"wp:attachment":[{"href":"https:\/\/newsinfoco.com.br\/inicio\/wp-json\/wp\/v2\/media?parent=10776"}],"wp:term":[{"taxonomy":"category","embeddable":true,"href":"https:\/\/newsinfoco.com.br\/inicio\/wp-json\/wp\/v2\/categories?post=10776"},{"taxonomy":"post_tag","embeddable":true,"href":"https:\/\/newsinfoco.com.br\/inicio\/wp-json\/wp\/v2\/tags?post=10776"}],"curies":[{"name":"wp","href":"https:\/\/api.w.org\/{rel}","templated":true}]}}