{"id":10778,"date":"2018-10-23T21:12:04","date_gmt":"2018-10-23T23:12:04","guid":{"rendered":"http:\/\/newsinfoco.com.br\/?p=10778"},"modified":"2018-10-23T21:12:04","modified_gmt":"2018-10-23T23:12:04","slug":"combate-aos-bandidos-vermelhos-vai-se-dar-no-curso-da-lava-jato-diz-bolsonaro","status":"publish","type":"post","link":"https:\/\/newsinfoco.com.br\/inicio\/combate-aos-bandidos-vermelhos-vai-se-dar-no-curso-da-lava-jato-diz-bolsonaro\/","title":{"rendered":"\u2018Combate aos bandidos vermelhos\u2019 vai se dar no curso da Lava Jato, diz Bolsonaro"},"content":{"rendered":"<p style=\"text-align: justify;\">O candidato \u00e0 Presid\u00eancia da Rep\u00fablica pelo PSL, Jair Bolsonaro, usou a conta pessoal do Twitter na manh\u00e3 desta ter\u00e7a-feira, 23, para se explicar de uma controversa fala que fez neste domingo, 21, a manifestantes.<\/p>\n<p style=\"text-align: justify;\">Em ato de apoio a ele na Avenida Paulista, Bolsonaro disse por videoconfer\u00eancia que, se eleito, iria \u201cvarrer do mapa os bandidos vermelhos\u201d.<\/p><div class=\"newsi-conteudo_19\" id=\"newsi-4115956184\"><a href=\"https:\/\/www.instagram.com\/prefeituraalagoinhas?igsh=YzgzdDJ1bWR3aWI4\" aria-label=\"SAVE_20251006_221555\"><img loading=\"lazy\" decoding=\"async\" src=\"https:\/\/newsinfoco.com.br\/inicio\/wp-content\/uploads\/2025\/10\/SAVE_20251006_221555-rotated.jpg\" alt=\"\"  srcset=\"https:\/\/newsinfoco.com.br\/inicio\/wp-content\/uploads\/2025\/10\/SAVE_20251006_221555-rotated.jpg 1140w, https:\/\/newsinfoco.com.br\/inicio\/wp-content\/uploads\/2025\/10\/SAVE_20251006_221555-300x52.jpg 300w, https:\/\/newsinfoco.com.br\/inicio\/wp-content\/uploads\/2025\/10\/SAVE_20251006_221555-1024x177.jpg 1024w, https:\/\/newsinfoco.com.br\/inicio\/wp-content\/uploads\/2025\/10\/SAVE_20251006_221555-768x133.jpg 768w, https:\/\/newsinfoco.com.br\/inicio\/wp-content\/uploads\/2025\/10\/SAVE_20251006_221555-600x104.jpg 600w, https:\/\/newsinfoco.com.br\/inicio\/wp-content\/uploads\/2025\/10\/SAVE_20251006_221555-696x120.jpg 696w, https:\/\/newsinfoco.com.br\/inicio\/wp-content\/uploads\/2025\/10\/SAVE_20251006_221555-1068x185.jpg 1068w\" sizes=\"(max-width: 1140px) 100vw, 1140px\" width=\"1140\" height=\"197\"   \/><\/a><\/div>\n<p style=\"text-align: justify;\">\u201cFalamos em combater os bandidos vermelhos baseado no pr\u00f3prio curso das investiga\u00e7\u00f5es da Pol\u00edcia Federal e Lava Jato e houve uma grande histeria por parte do PT. Ao que parece a carapu\u00e7a serviu mais uma vez!\u201d, escreveu o candidato na rede social.<\/p>\n<p style=\"text-align: justify;\">\u201cEm breve vai ter mais gente pra jogar domin\u00f3 com o chefe corrupto presidi\u00e1rio na cadeia!\u201d, provocou, em mensagem minutos depois.<\/p>\n<p style=\"text-align: justify;\">A fala de Bolsonaro no domingo causou indigna\u00e7\u00e3o de membros da campanha de Fernando Haddad (PT). O pr\u00f3prio candidato do PT chegou a dizer, via Twitter, que o capit\u00e3o da reserva amea\u00e7ava a \u201csobreviv\u00eancia da oposi\u00e7\u00e3o\u201d.<\/p>\n<p style=\"text-align: justify;\">Ele tamb\u00e9m falou nesta segunda-feira, 22,, na sa\u00edda da TV Cultura, onde participou do \u201cRoda Viva\u201d, que tratou do tema durante liga\u00e7\u00e3o para o ex-presidente Fernando Henrique Cardoso (PSDB). O tucano, por sua vez, disse no Twitter que, para ele, a fala de Bolsonaro \u201clembra outros tempos\u201d.<\/p>\n<p style=\"text-align: right;\"><span style=\"color: #999999;\">Estad\u00e3o<\/span><\/p>\n<div class='share-to-whatsapp-wrapper'><div class='share-on-whsp'>Share on: <\/div><a data-text='\u2018Combate aos bandidos vermelhos\u2019 vai se dar no curso da Lava Jato, diz Bolsonaro' data-link='https:\/\/newsinfoco.com.br\/inicio\/combate-aos-bandidos-vermelhos-vai-se-dar-no-curso-da-lava-jato-diz-bolsonaro\/' class='whatsapp-button whatsapp-share'>WhatsApp<\/a><div class='clear '><\/div><\/div>","protected":false},"excerpt":{"rendered":"<p>O candidato \u00e0 Presid\u00eancia da Rep\u00fablica pelo PSL, Jair Bolsonaro, usou a conta pessoal do Twitter na manh\u00e3 desta ter\u00e7a-feira, 23, para se explicar de uma controversa fala que fez neste domingo, 21, a manifestantes. Em ato de apoio a ele na Avenida Paulista, Bolsonaro disse por videoconfer\u00eancia que, se eleito, iria \u201cvarrer do mapa [&hellip;]<\/p>\n","protected":false},"author":1,"featured_media":10474,"comment_status":"open","ping_status":"open","sticky":false,"template":"","format":"standard","meta":{"om_disable_all_campaigns":false,"_exactmetrics_skip_tracking":false,"_exactmetrics_sitenote_active":false,"_exactmetrics_sitenote_note":"","_exactmetrics_sitenote_category":0,"footnotes":""},"categories":[21],"tags":[],"class_list":["post-10778","post","type-post","status-publish","format-standard","has-post-thumbnail","hentry","category-brasil"],"aioseo_notices":[],"_links":{"self":[{"href":"https:\/\/newsinfoco.com.br\/inicio\/wp-json\/wp\/v2\/posts\/10778","targetHints":{"allow":["GET"]}}],"collection":[{"href":"https:\/\/newsinfoco.com.br\/inicio\/wp-json\/wp\/v2\/posts"}],"about":[{"href":"https:\/\/newsinfoco.com.br\/inicio\/wp-json\/wp\/v2\/types\/post"}],"author":[{"embeddable":true,"href":"https:\/\/newsinfoco.com.br\/inicio\/wp-json\/wp\/v2\/users\/1"}],"replies":[{"embeddable":true,"href":"https:\/\/newsinfoco.com.br\/inicio\/wp-json\/wp\/v2\/comments?post=10778"}],"version-history":[{"count":0,"href":"https:\/\/newsinfoco.com.br\/inicio\/wp-json\/wp\/v2\/posts\/10778\/revisions"}],"wp:featuredmedia":[{"embeddable":true,"href":"https:\/\/newsinfoco.com.br\/inicio\/wp-json\/wp\/v2\/media\/10474"}],"wp:attachment":[{"href":"https:\/\/newsinfoco.com.br\/inicio\/wp-json\/wp\/v2\/media?parent=10778"}],"wp:term":[{"taxonomy":"category","embeddable":true,"href":"https:\/\/newsinfoco.com.br\/inicio\/wp-json\/wp\/v2\/categories?post=10778"},{"taxonomy":"post_tag","embeddable":true,"href":"https:\/\/newsinfoco.com.br\/inicio\/wp-json\/wp\/v2\/tags?post=10778"}],"curies":[{"name":"wp","href":"https:\/\/api.w.org\/{rel}","templated":true}]}}