{"id":10784,"date":"2018-10-23T21:20:54","date_gmt":"2018-10-23T23:20:54","guid":{"rendered":"http:\/\/newsinfoco.com.br\/?p=10784"},"modified":"2018-10-23T21:20:54","modified_gmt":"2018-10-23T23:20:54","slug":"jaques-wagner-pede-que-ciro-gomes-declare-apoio-contundente-a-haddad","status":"publish","type":"post","link":"https:\/\/newsinfoco.com.br\/inicio\/jaques-wagner-pede-que-ciro-gomes-declare-apoio-contundente-a-haddad\/","title":{"rendered":"Jaques Wagner pede que Ciro Gomes declare apoio contundente a Haddad"},"content":{"rendered":"<p style=\"text-align: justify;\">O coordenador da campanha de Fernando Haddad (PT), Jaques Wagner, conversou com Cid Gomes (PDT), ex-governador do Cear\u00e1. Na conversa, o petista pediu que o candidato derrotado do PDT \u00e0 Presid\u00eancia da Rep\u00fablica, Ciro Gomes, tenha uma posi\u00e7\u00e3o \u201cmais contundente\u201d de apoio a Haddad nesta etapa final da campanha.<\/p>\n<p style=\"text-align: justify;\">\u201cNa verdade, ele [Ciro Gomes] j\u00e1 declarou [apoio]. O que a gente queria era algo mais contundente\u201d, disse Jaques Wagner. \u201cA gente quer que ele converse com o eleitor dele e diga, olhe, tudo bem, estou arretado com o PT, mas isso tudo fica menor diante da responsabilidade do momento.\u201d<\/p><div class=\"newsi-conteudo_19\" id=\"newsi-2094187065\"><a href=\"https:\/\/www.instagram.com\/prefeituraalagoinhas?igsh=YzgzdDJ1bWR3aWI4\" aria-label=\"SAVE_20251006_221555\"><img loading=\"lazy\" decoding=\"async\" src=\"https:\/\/newsinfoco.com.br\/inicio\/wp-content\/uploads\/2025\/10\/SAVE_20251006_221555-rotated.jpg\" alt=\"\"  srcset=\"https:\/\/newsinfoco.com.br\/inicio\/wp-content\/uploads\/2025\/10\/SAVE_20251006_221555-rotated.jpg 1140w, https:\/\/newsinfoco.com.br\/inicio\/wp-content\/uploads\/2025\/10\/SAVE_20251006_221555-300x52.jpg 300w, https:\/\/newsinfoco.com.br\/inicio\/wp-content\/uploads\/2025\/10\/SAVE_20251006_221555-1024x177.jpg 1024w, https:\/\/newsinfoco.com.br\/inicio\/wp-content\/uploads\/2025\/10\/SAVE_20251006_221555-768x133.jpg 768w, https:\/\/newsinfoco.com.br\/inicio\/wp-content\/uploads\/2025\/10\/SAVE_20251006_221555-600x104.jpg 600w, https:\/\/newsinfoco.com.br\/inicio\/wp-content\/uploads\/2025\/10\/SAVE_20251006_221555-696x120.jpg 696w, https:\/\/newsinfoco.com.br\/inicio\/wp-content\/uploads\/2025\/10\/SAVE_20251006_221555-1068x185.jpg 1068w\" sizes=\"(max-width: 1140px) 100vw, 1140px\" width=\"1140\" height=\"197\"   \/><\/a><\/div>\n<p style=\"text-align: justify;\">A conversa foi ontem (22). No di\u00e1logo, Jaques Wagner destacou a trajet\u00f3ria pol\u00edtica de Ciro e o peso que o ex-governador ganhou com a elei\u00e7\u00e3o.<\/p>\n<p style=\"text-align: justify;\">O pedetista foi o terceiro mais votado no primeiro turno e recebeu mais de 13 milh\u00f5es de votos. Para Jaques Wagner, o apoio \u201cmais contundente\u201d de Ciro Gomes \u00e9 fundamental a cinco dias do segundo turno.<\/p>\n<p style=\"text-align: justify;\">Segundo ele, h\u00e1 uma parcela do eleitorado de Ciro Gomes que ainda n\u00e3o est\u00e1 com Haddad e que poderia mudar de posi\u00e7\u00e3o com a reitera\u00e7\u00e3o do apoio.<\/p>\n<p style=\"text-align: justify;\">Em entrevista no programa Roda Viva, da TV Cultura, que foi ao ar na noite de ontem, Haddad disse que esperava um aceno de Ciro Gomes.<\/p>\n<h6 style=\"text-align: right;\"><span style=\"color: #999999;\">Agencia Brasil<\/span><\/h6>\n<div class='share-to-whatsapp-wrapper'><div class='share-on-whsp'>Share on: <\/div><a data-text='Jaques Wagner pede que Ciro Gomes declare apoio contundente a Haddad' data-link='https:\/\/newsinfoco.com.br\/inicio\/jaques-wagner-pede-que-ciro-gomes-declare-apoio-contundente-a-haddad\/' class='whatsapp-button whatsapp-share'>WhatsApp<\/a><div class='clear '><\/div><\/div>","protected":false},"excerpt":{"rendered":"<p>O coordenador da campanha de Fernando Haddad (PT), Jaques Wagner, conversou com Cid Gomes (PDT), ex-governador do Cear\u00e1. Na conversa, o petista pediu que o candidato derrotado do PDT \u00e0 Presid\u00eancia da Rep\u00fablica, Ciro Gomes, tenha uma posi\u00e7\u00e3o \u201cmais contundente\u201d de apoio a Haddad nesta etapa final da campanha. \u201cNa verdade, ele [Ciro Gomes] j\u00e1 [&hellip;]<\/p>\n","protected":false},"author":1,"featured_media":10785,"comment_status":"open","ping_status":"open","sticky":false,"template":"","format":"standard","meta":{"om_disable_all_campaigns":false,"_exactmetrics_skip_tracking":false,"_exactmetrics_sitenote_active":false,"_exactmetrics_sitenote_note":"","_exactmetrics_sitenote_category":0,"footnotes":""},"categories":[19],"tags":[],"class_list":["post-10784","post","type-post","status-publish","format-standard","has-post-thumbnail","hentry","category-bahia"],"aioseo_notices":[],"_links":{"self":[{"href":"https:\/\/newsinfoco.com.br\/inicio\/wp-json\/wp\/v2\/posts\/10784","targetHints":{"allow":["GET"]}}],"collection":[{"href":"https:\/\/newsinfoco.com.br\/inicio\/wp-json\/wp\/v2\/posts"}],"about":[{"href":"https:\/\/newsinfoco.com.br\/inicio\/wp-json\/wp\/v2\/types\/post"}],"author":[{"embeddable":true,"href":"https:\/\/newsinfoco.com.br\/inicio\/wp-json\/wp\/v2\/users\/1"}],"replies":[{"embeddable":true,"href":"https:\/\/newsinfoco.com.br\/inicio\/wp-json\/wp\/v2\/comments?post=10784"}],"version-history":[{"count":0,"href":"https:\/\/newsinfoco.com.br\/inicio\/wp-json\/wp\/v2\/posts\/10784\/revisions"}],"wp:featuredmedia":[{"embeddable":true,"href":"https:\/\/newsinfoco.com.br\/inicio\/wp-json\/wp\/v2\/media\/10785"}],"wp:attachment":[{"href":"https:\/\/newsinfoco.com.br\/inicio\/wp-json\/wp\/v2\/media?parent=10784"}],"wp:term":[{"taxonomy":"category","embeddable":true,"href":"https:\/\/newsinfoco.com.br\/inicio\/wp-json\/wp\/v2\/categories?post=10784"},{"taxonomy":"post_tag","embeddable":true,"href":"https:\/\/newsinfoco.com.br\/inicio\/wp-json\/wp\/v2\/tags?post=10784"}],"curies":[{"name":"wp","href":"https:\/\/api.w.org\/{rel}","templated":true}]}}