{"id":10793,"date":"2018-10-23T21:28:16","date_gmt":"2018-10-23T23:28:16","guid":{"rendered":"http:\/\/newsinfoco.com.br\/?p=10793"},"modified":"2018-10-23T21:28:16","modified_gmt":"2018-10-23T23:28:16","slug":"com-apoio-da-prefeitura-de-alagoinhas-projeto-leva-atendimentos-gratuitos-a-populacao-nesta-quarta-feira-24","status":"publish","type":"post","link":"https:\/\/newsinfoco.com.br\/inicio\/com-apoio-da-prefeitura-de-alagoinhas-projeto-leva-atendimentos-gratuitos-a-populacao-nesta-quarta-feira-24\/","title":{"rendered":"Com apoio da prefeitura de Alagoinhas, projeto leva atendimentos gratuitos \u00e0 popula\u00e7\u00e3o nesta quarta-feira (24)"},"content":{"rendered":"<p style=\"text-align: justify;\">Em parceria com a Prefeitura, atrav\u00e9s da Secretaria de Cultura, Esporte e Turismo (SECET), a Associa\u00e7\u00e3o de Cabeleireiros de Alagoinhas e regi\u00e3o realiza, nesta quarta-feira (24), uma a\u00e7\u00e3o do projeto \u201cBeleza para Todos\u201d, que visa proporcionar atendimentos gratuitos em um momento descontra\u00eddo de tratamento est\u00e9tico \u00e0 popula\u00e7\u00e3o em geral.<\/p>\n<p style=\"text-align: justify;\">Ser\u00e3o oferecidos cortes de cabelo, escova, design de sobrancelha, servi\u00e7os de barba, esmalta\u00e7\u00e3o para unhas e dicas com profissionais do setor.<\/p><div class=\"newsi-conteudo_19\" id=\"newsi-3053231249\"><a href=\"https:\/\/www.instagram.com\/prefeituraalagoinhas?igsh=YzgzdDJ1bWR3aWI4\" aria-label=\"SAVE_20251006_221555\"><img loading=\"lazy\" decoding=\"async\" src=\"https:\/\/newsinfoco.com.br\/inicio\/wp-content\/uploads\/2025\/10\/SAVE_20251006_221555-rotated.jpg\" alt=\"\"  srcset=\"https:\/\/newsinfoco.com.br\/inicio\/wp-content\/uploads\/2025\/10\/SAVE_20251006_221555-rotated.jpg 1140w, https:\/\/newsinfoco.com.br\/inicio\/wp-content\/uploads\/2025\/10\/SAVE_20251006_221555-300x52.jpg 300w, https:\/\/newsinfoco.com.br\/inicio\/wp-content\/uploads\/2025\/10\/SAVE_20251006_221555-1024x177.jpg 1024w, https:\/\/newsinfoco.com.br\/inicio\/wp-content\/uploads\/2025\/10\/SAVE_20251006_221555-768x133.jpg 768w, https:\/\/newsinfoco.com.br\/inicio\/wp-content\/uploads\/2025\/10\/SAVE_20251006_221555-600x104.jpg 600w, https:\/\/newsinfoco.com.br\/inicio\/wp-content\/uploads\/2025\/10\/SAVE_20251006_221555-696x120.jpg 696w, https:\/\/newsinfoco.com.br\/inicio\/wp-content\/uploads\/2025\/10\/SAVE_20251006_221555-1068x185.jpg 1068w\" sizes=\"(max-width: 1140px) 100vw, 1140px\" width=\"1140\" height=\"197\"   \/><\/a><\/div>\n<p style=\"text-align: justify;\">A iniciativa surgiu este ano, quando cabeleireiros e propriet\u00e1rios de sal\u00e3o de beleza se uniram e se mobilizaram para fazer a\u00e7\u00f5es volunt\u00e1rias nos bairros da cidade. \u201cEu fa\u00e7o esse trabalho h\u00e1 muito tempo, mas foi este ano que nos organizamos para levar o \u2018Beleza para Todos\u2019 \u00e0 comunidade. Convidamos tamb\u00e9m alunos e volunt\u00e1rios. J\u00e1 realizamos 4 a\u00e7\u00f5es este ano e tem sido muito gratificante. Como \u2018mainha\u2019 tinha sal\u00e3o, desde pequena eu n\u00e3o podia ver um cabelo que j\u00e1 queria pegar. Trabalho com isso h\u00e1 mais de 15 anos. \u00c9 um amor pela profiss\u00e3o que n\u00e3o sei explicar\u201d, revelou Rita de C\u00e1ssia dos Santos Nascimento, uma das organizadoras da a\u00e7\u00e3o.<\/p>\n<p style=\"text-align: justify;\">Com apoio do poder p\u00fablico municipal, a pr\u00f3xima interven\u00e7\u00e3o do \u201cBeleza para Todos\u201d acontece amanh\u00e3 (24), das 8h \u00e0s 12h, no Mercado do Artes\u00e3o.<\/p>\n<p style=\"text-align: justify;\">Todos os servi\u00e7os s\u00e3o gratuitos e qualquer pessoa pode participar.<\/p>\n<p style=\"text-align: right;\"><span style=\"color: #999999;\">Secom Alagoinhas<\/span><\/p>\n<div class='share-to-whatsapp-wrapper'><div class='share-on-whsp'>Share on: <\/div><a data-text='Com apoio da prefeitura de Alagoinhas, projeto leva atendimentos gratuitos \u00e0 popula\u00e7\u00e3o nesta quarta-feira (24)' data-link='https:\/\/newsinfoco.com.br\/inicio\/com-apoio-da-prefeitura-de-alagoinhas-projeto-leva-atendimentos-gratuitos-a-populacao-nesta-quarta-feira-24\/' class='whatsapp-button whatsapp-share'>WhatsApp<\/a><div class='clear '><\/div><\/div>","protected":false},"excerpt":{"rendered":"<p>Em parceria com a Prefeitura, atrav\u00e9s da Secretaria de Cultura, Esporte e Turismo (SECET), a Associa\u00e7\u00e3o de Cabeleireiros de Alagoinhas e regi\u00e3o realiza, nesta quarta-feira (24), uma a\u00e7\u00e3o do projeto \u201cBeleza para Todos\u201d, que visa proporcionar atendimentos gratuitos em um momento descontra\u00eddo de tratamento est\u00e9tico \u00e0 popula\u00e7\u00e3o em geral. Ser\u00e3o oferecidos cortes de cabelo, escova, [&hellip;]<\/p>\n","protected":false},"author":1,"featured_media":10794,"comment_status":"open","ping_status":"open","sticky":false,"template":"","format":"standard","meta":{"om_disable_all_campaigns":false,"_exactmetrics_skip_tracking":false,"_exactmetrics_sitenote_active":false,"_exactmetrics_sitenote_note":"","_exactmetrics_sitenote_category":0,"footnotes":""},"categories":[38,30],"tags":[],"class_list":["post-10793","post","type-post","status-publish","format-standard","has-post-thumbnail","hentry","category-alagoinhas-e-regiao","category-destaque"],"aioseo_notices":[],"_links":{"self":[{"href":"https:\/\/newsinfoco.com.br\/inicio\/wp-json\/wp\/v2\/posts\/10793","targetHints":{"allow":["GET"]}}],"collection":[{"href":"https:\/\/newsinfoco.com.br\/inicio\/wp-json\/wp\/v2\/posts"}],"about":[{"href":"https:\/\/newsinfoco.com.br\/inicio\/wp-json\/wp\/v2\/types\/post"}],"author":[{"embeddable":true,"href":"https:\/\/newsinfoco.com.br\/inicio\/wp-json\/wp\/v2\/users\/1"}],"replies":[{"embeddable":true,"href":"https:\/\/newsinfoco.com.br\/inicio\/wp-json\/wp\/v2\/comments?post=10793"}],"version-history":[{"count":0,"href":"https:\/\/newsinfoco.com.br\/inicio\/wp-json\/wp\/v2\/posts\/10793\/revisions"}],"wp:featuredmedia":[{"embeddable":true,"href":"https:\/\/newsinfoco.com.br\/inicio\/wp-json\/wp\/v2\/media\/10794"}],"wp:attachment":[{"href":"https:\/\/newsinfoco.com.br\/inicio\/wp-json\/wp\/v2\/media?parent=10793"}],"wp:term":[{"taxonomy":"category","embeddable":true,"href":"https:\/\/newsinfoco.com.br\/inicio\/wp-json\/wp\/v2\/categories?post=10793"},{"taxonomy":"post_tag","embeddable":true,"href":"https:\/\/newsinfoco.com.br\/inicio\/wp-json\/wp\/v2\/tags?post=10793"}],"curies":[{"name":"wp","href":"https:\/\/api.w.org\/{rel}","templated":true}]}}