{"id":10796,"date":"2018-10-23T21:30:23","date_gmt":"2018-10-23T23:30:23","guid":{"rendered":"http:\/\/newsinfoco.com.br\/?p=10796"},"modified":"2018-10-23T21:30:23","modified_gmt":"2018-10-23T23:30:23","slug":"prefeitura-de-alagoinhas-intensifica-realizacao-de-exames-a-saude-da-mulher-com-acoes-em-todas-as-unidades-durante-o-outubro-rosa","status":"publish","type":"post","link":"https:\/\/newsinfoco.com.br\/inicio\/prefeitura-de-alagoinhas-intensifica-realizacao-de-exames-a-saude-da-mulher-com-acoes-em-todas-as-unidades-durante-o-outubro-rosa\/","title":{"rendered":"Prefeitura de Alagoinhas intensifica realiza\u00e7\u00e3o de exames \u00e0 sa\u00fade da mulher com a\u00e7\u00f5es em todas as unidades durante o Outubro Rosa"},"content":{"rendered":"<p style=\"text-align: justify;\">Durante o m\u00eas de outubro, a Prefeitura, atrav\u00e9s da Secretaria Municipal de Sa\u00fade (SESAU), intensificou a Aten\u00e7\u00e3o \u00e0 Sa\u00fade da Mulher, com demandas livres para a realiza\u00e7\u00e3o de exames.<\/p>\n<p style=\"text-align: justify;\">De acordo com a coordena\u00e7\u00e3o da Aten\u00e7\u00e3o B\u00e1sica, o acompanhamento ginecol\u00f3gico, a realiza\u00e7\u00e3o de preventivo e os exames de mamografia t\u00eam sido intensificados durante o m\u00eas, com coletas di\u00e1rias realizadas nas unidades de sa\u00fade da fam\u00edlia.<\/p><div class=\"newsi-conteudo_19\" id=\"newsi-2240219596\"><a href=\"https:\/\/www.instagram.com\/prefeituraalagoinhas?igsh=YzgzdDJ1bWR3aWI4\" aria-label=\"SAVE_20251006_221555\"><img loading=\"lazy\" decoding=\"async\" src=\"https:\/\/newsinfoco.com.br\/inicio\/wp-content\/uploads\/2025\/10\/SAVE_20251006_221555-rotated.jpg\" alt=\"\"  srcset=\"https:\/\/newsinfoco.com.br\/inicio\/wp-content\/uploads\/2025\/10\/SAVE_20251006_221555-rotated.jpg 1140w, https:\/\/newsinfoco.com.br\/inicio\/wp-content\/uploads\/2025\/10\/SAVE_20251006_221555-300x52.jpg 300w, https:\/\/newsinfoco.com.br\/inicio\/wp-content\/uploads\/2025\/10\/SAVE_20251006_221555-1024x177.jpg 1024w, https:\/\/newsinfoco.com.br\/inicio\/wp-content\/uploads\/2025\/10\/SAVE_20251006_221555-768x133.jpg 768w, https:\/\/newsinfoco.com.br\/inicio\/wp-content\/uploads\/2025\/10\/SAVE_20251006_221555-600x104.jpg 600w, https:\/\/newsinfoco.com.br\/inicio\/wp-content\/uploads\/2025\/10\/SAVE_20251006_221555-696x120.jpg 696w, https:\/\/newsinfoco.com.br\/inicio\/wp-content\/uploads\/2025\/10\/SAVE_20251006_221555-1068x185.jpg 1068w\" sizes=\"(max-width: 1140px) 100vw, 1140px\" width=\"1140\" height=\"197\"   \/><\/a><\/div>\n<p style=\"text-align: justify;\">A Secretaria Municipal de Sa\u00fade tamb\u00e9m tem promovido palestras e atividades educativas, para alertar sobre a import\u00e2ncia da preven\u00e7\u00e3o e do diagn\u00f3stico precoce da doen\u00e7a.<\/p>\n<p style=\"text-align: justify;\">\u201cSolicitamos \u00e0s unidades de sa\u00fade da fam\u00edlia que fizessem a intensifica\u00e7\u00e3o, neste m\u00eas, da aten\u00e7\u00e3o voltada \u00e0 sa\u00fade da mulher, n\u00e3o apenas visando \u00e0 preven\u00e7\u00e3o do c\u00e2ncer de mama e do c\u00e2ncer de colo do \u00fatero, mas ao atendimento direcionado e ao acolhimento do p\u00fablico feminino. Colocamos as mamografias como demanda livre. Isso garante uma agilidade no processo, e significa que mulheres de 50 a 69 anos t\u00eam acesso gratuito a esse tipo de exame sem uma demora prolongada no sistema. A regula\u00e7\u00e3o est\u00e1 marcando diariamente as guias para dar agilidade. Ou seja, que era marcado mensalmente agora tem sido di\u00e1rio\u201d, afirmou Eliana Ferreira, diretora da Aten\u00e7\u00e3o B\u00e1sica.<\/p>\n<p style=\"text-align: justify;\">Segundo ela, cada unidade adotou uma forma de abordagem: de cartazes, mensagens, palestras e momentos de di\u00e1logo a decora\u00e7\u00e3o e uniformiza\u00e7\u00e3o das equipes, que adotaram a cor rosa para chamar a aten\u00e7\u00e3o em algumas localidades, seguindo o movimento nacional que vem ganhando for\u00e7a a cada ano com a bandeira da conscientiza\u00e7\u00e3o, os profissionais se voltaram \u00e0 necessidade de discutir, valorizar e investir no cuidado direcionado \u00e0 sa\u00fade da mulher.<\/p>\n<p style=\"text-align: justify;\">Com informativos e dados sobre o autocuidado compartilhados, a inten\u00e7\u00e3o, segundo a SESAU, \u00e9 de que a rede ajude a fortalecer a preven\u00e7\u00e3o e o diagn\u00f3stico.<\/p>\n<p style=\"text-align: justify;\">Tamb\u00e9m foram realizadas a\u00e7\u00f5es espec\u00edficas, em decorr\u00eancia da mobiliza\u00e7\u00e3o do Outubro Rosa, pela Guarda Municipal, pela Secretaria de Assist\u00eancia Social, atrav\u00e9s do Centro de Refer\u00eancia em Atendimento \u00e0 Mulher, e pelo Servi\u00e7o Aut\u00f4nomo de \u00c1gua e Esgoto (SAAE), que promoveu uma palestra sobre preven\u00e7\u00e3o para as funcion\u00e1rias da autarquia.<\/p>\n<p style=\"text-align: justify;\">A SESAU informou que, no que tange \u00e0 rede b\u00e1sica de aten\u00e7\u00e3o \u00e0 sa\u00fade no munic\u00edpio, a\u00e7\u00f5es afirmativas continuam sendo desenvolvidas em todas as unidades.<\/p>\n<h6 style=\"text-align: right;\"><span style=\"color: #999999;\">Secom Alagoinhas<\/span><\/h6>\n<p style=\"text-align: justify;\">\n<div class='share-to-whatsapp-wrapper'><div class='share-on-whsp'>Share on: <\/div><a data-text='Prefeitura de Alagoinhas intensifica realiza\u00e7\u00e3o de exames \u00e0 sa\u00fade da mulher com a\u00e7\u00f5es em todas as unidades durante o Outubro Rosa' data-link='https:\/\/newsinfoco.com.br\/inicio\/prefeitura-de-alagoinhas-intensifica-realizacao-de-exames-a-saude-da-mulher-com-acoes-em-todas-as-unidades-durante-o-outubro-rosa\/' class='whatsapp-button whatsapp-share'>WhatsApp<\/a><div class='clear '><\/div><\/div>","protected":false},"excerpt":{"rendered":"<p>Durante o m\u00eas de outubro, a Prefeitura, atrav\u00e9s da Secretaria Municipal de Sa\u00fade (SESAU), intensificou a Aten\u00e7\u00e3o \u00e0 Sa\u00fade da Mulher, com demandas livres para a realiza\u00e7\u00e3o de exames. De acordo com a coordena\u00e7\u00e3o da Aten\u00e7\u00e3o B\u00e1sica, o acompanhamento ginecol\u00f3gico, a realiza\u00e7\u00e3o de preventivo e os exames de mamografia t\u00eam sido intensificados durante o m\u00eas, [&hellip;]<\/p>\n","protected":false},"author":1,"featured_media":10797,"comment_status":"open","ping_status":"open","sticky":false,"template":"","format":"standard","meta":{"om_disable_all_campaigns":false,"_exactmetrics_skip_tracking":false,"_exactmetrics_sitenote_active":false,"_exactmetrics_sitenote_note":"","_exactmetrics_sitenote_category":0,"footnotes":""},"categories":[38,30],"tags":[],"class_list":["post-10796","post","type-post","status-publish","format-standard","has-post-thumbnail","hentry","category-alagoinhas-e-regiao","category-destaque"],"aioseo_notices":[],"_links":{"self":[{"href":"https:\/\/newsinfoco.com.br\/inicio\/wp-json\/wp\/v2\/posts\/10796","targetHints":{"allow":["GET"]}}],"collection":[{"href":"https:\/\/newsinfoco.com.br\/inicio\/wp-json\/wp\/v2\/posts"}],"about":[{"href":"https:\/\/newsinfoco.com.br\/inicio\/wp-json\/wp\/v2\/types\/post"}],"author":[{"embeddable":true,"href":"https:\/\/newsinfoco.com.br\/inicio\/wp-json\/wp\/v2\/users\/1"}],"replies":[{"embeddable":true,"href":"https:\/\/newsinfoco.com.br\/inicio\/wp-json\/wp\/v2\/comments?post=10796"}],"version-history":[{"count":0,"href":"https:\/\/newsinfoco.com.br\/inicio\/wp-json\/wp\/v2\/posts\/10796\/revisions"}],"wp:featuredmedia":[{"embeddable":true,"href":"https:\/\/newsinfoco.com.br\/inicio\/wp-json\/wp\/v2\/media\/10797"}],"wp:attachment":[{"href":"https:\/\/newsinfoco.com.br\/inicio\/wp-json\/wp\/v2\/media?parent=10796"}],"wp:term":[{"taxonomy":"category","embeddable":true,"href":"https:\/\/newsinfoco.com.br\/inicio\/wp-json\/wp\/v2\/categories?post=10796"},{"taxonomy":"post_tag","embeddable":true,"href":"https:\/\/newsinfoco.com.br\/inicio\/wp-json\/wp\/v2\/tags?post=10796"}],"curies":[{"name":"wp","href":"https:\/\/api.w.org\/{rel}","templated":true}]}}