{"id":10805,"date":"2018-10-24T13:20:24","date_gmt":"2018-10-24T15:20:24","guid":{"rendered":"http:\/\/newsinfoco.com.br\/?p=10805"},"modified":"2018-10-24T13:20:24","modified_gmt":"2018-10-24T15:20:24","slug":"fatec-lanca-mais-de-30-cursos-de-pos-graduacao-em-diversas-areas-bolsas-de-estudo-de-50-serao-disponibilizados","status":"publish","type":"post","link":"https:\/\/newsinfoco.com.br\/inicio\/fatec-lanca-mais-de-30-cursos-de-pos-graduacao-em-diversas-areas-bolsas-de-estudo-de-50-serao-disponibilizados\/","title":{"rendered":"FATEC lan\u00e7a mais de 30 cursos de p\u00f3s-gradua\u00e7\u00e3o em diversas \u00e1reas; bolsas de estudo de 50% ser\u00e3o disponibilizados"},"content":{"rendered":"<p style=\"text-align: justify;\">A Faculdade de Tecnologia e Ci\u00eancias da Bahia(FATEC) acaba de lan\u00e7ar a campanha &#8220;D\u00ea um Upgrade na Sua Carreira profissional. Fa\u00e7a P\u00f3s gradua\u00e7\u00e3o na Fatec e no Mais Solid\u00e1rio&#8221; disponibilizando vagas para mais de 30 cursos de p\u00f3s-gradua\u00e7\u00e3o nas mais variadas \u00e1reas de atua\u00e7\u00e3o.<\/p>\n<p style=\"text-align: justify;\">Na \u00e1rea de sa\u00fade por exemplo ser\u00e1 disponibilizado curso de especializa\u00e7\u00e3o em urg\u00eancia e emerg\u00eancia com UTI Geral, tendo como p\u00fablico alvo enfermeiras, fisioterapeutas e profissionais da sa\u00fade em geral.<\/p><div class=\"newsi-conteudo_19\" id=\"newsi-1816411633\"><a href=\"https:\/\/www.instagram.com\/prefeituraalagoinhas?igsh=YzgzdDJ1bWR3aWI4\" aria-label=\"SAVE_20251006_221555\"><img loading=\"lazy\" decoding=\"async\" src=\"https:\/\/newsinfoco.com.br\/inicio\/wp-content\/uploads\/2025\/10\/SAVE_20251006_221555-rotated.jpg\" alt=\"\"  srcset=\"https:\/\/newsinfoco.com.br\/inicio\/wp-content\/uploads\/2025\/10\/SAVE_20251006_221555-rotated.jpg 1140w, https:\/\/newsinfoco.com.br\/inicio\/wp-content\/uploads\/2025\/10\/SAVE_20251006_221555-300x52.jpg 300w, https:\/\/newsinfoco.com.br\/inicio\/wp-content\/uploads\/2025\/10\/SAVE_20251006_221555-1024x177.jpg 1024w, https:\/\/newsinfoco.com.br\/inicio\/wp-content\/uploads\/2025\/10\/SAVE_20251006_221555-768x133.jpg 768w, https:\/\/newsinfoco.com.br\/inicio\/wp-content\/uploads\/2025\/10\/SAVE_20251006_221555-600x104.jpg 600w, https:\/\/newsinfoco.com.br\/inicio\/wp-content\/uploads\/2025\/10\/SAVE_20251006_221555-696x120.jpg 696w, https:\/\/newsinfoco.com.br\/inicio\/wp-content\/uploads\/2025\/10\/SAVE_20251006_221555-1068x185.jpg 1068w\" sizes=\"(max-width: 1140px) 100vw, 1140px\" width=\"1140\" height=\"197\"   \/><\/a><\/div>\n<p style=\"text-align: justify;\">J\u00e1 na \u00e1rea de Direito est\u00e3o abertas as inscri\u00e7\u00f5es para especializa\u00e7\u00e3o em Direito Tribut\u00e1rio e Processos Tribut\u00e1rios; e especializa\u00e7\u00e3o em Direito Penal e Processo Penal.<\/p>\n<p style=\"text-align: justify;\">Na \u00e1rea de educa\u00e7\u00e3o, est\u00e3o sendo disponibilizados: Especializa\u00e7\u00e3o em Psicopedagogia institucional e Cl\u00ednica; Letramento e alfabetiza\u00e7\u00e3o; e Forma\u00e7\u00e3o Continuada de Professores.<\/p>\n<p style=\"text-align: justify;\">Na \u00e1rea de Gest\u00e3o e Neg\u00f3cios: especializa\u00e7\u00e3o em Gest\u00e3o Estrat\u00e9gica em Recursos Humanos e Lideran\u00e7a Coaching; e Gest\u00e3o e Planejamento Estrat\u00e9gico em Pol\u00edticas P\u00fablicas.<\/p>\n<p style=\"text-align: justify;\">E na \u00e1rea de engenharia, especializa\u00e7\u00e3o em engenharia de seguran\u00e7a no trabalho.<\/p>\n<p style=\"text-align: justify;\">Os cursos ter\u00e3o carga hor\u00e1ria a partir de 450 horas e titula\u00e7\u00e3o em Especialista e M\u00e1ster Business Academy(MBA). O in\u00edcio das aulas est\u00e1 prevista para 1\u00ba de Dezembro de 2018.<\/p>\n<p style=\"text-align: justify;\">A parceria entre a FATEC e o <a href=\"http:\/\/www.maissolidario.com.br\">Mais Solid\u00e1rio<\/a> ir\u00e1 disponibilizar 50 bolsas com 50% de desconto por todo o curso.<\/p>\n<p style=\"text-align: justify;\">Informa\u00e7\u00f5es e inscri\u00e7\u00f5es pelo WhatsApp 71-99259-2363\u00a0 e pelo telefone 75 3422-0423. Os interessados tamb\u00e9m podem acessar o site do Mais Solid\u00e1rio <a href=\"http:\/\/www.maissolidario.com.br\" target=\"_blank\" rel=\"noopener\" data-saferedirecturl=\"https:\/\/www.google.com\/url?q=http:\/\/www.maissolidario.com.br&amp;source=gmail&amp;ust=1540435463985000&amp;usg=AFQjCNGbbjZBoO1wWM1XUSPft6KmJesDFA\">www.maissolidario.com.br<\/a> e da FATEC <a href=\"http:\/\/www.fatecba.edu.br\/pos\" target=\"_blank\" rel=\"noopener\" data-saferedirecturl=\"https:\/\/www.google.com\/url?q=http:\/\/www.fatecba.edu.br\/pos&amp;source=gmail&amp;ust=1540435463985000&amp;usg=AFQjCNG6tA6gTHQ7wgA3iEeWwnvN63Ic4Q\">www.fatecba.edu.br\/pos<\/a><\/p>\n<div class='share-to-whatsapp-wrapper'><div class='share-on-whsp'>Share on: <\/div><a data-text='FATEC lan\u00e7a mais de 30 cursos de p\u00f3s-gradua\u00e7\u00e3o em diversas \u00e1reas; bolsas de estudo de 50% ser\u00e3o disponibilizados' data-link='https:\/\/newsinfoco.com.br\/inicio\/fatec-lanca-mais-de-30-cursos-de-pos-graduacao-em-diversas-areas-bolsas-de-estudo-de-50-serao-disponibilizados\/' class='whatsapp-button whatsapp-share'>WhatsApp<\/a><div class='clear '><\/div><\/div>","protected":false},"excerpt":{"rendered":"<p>A Faculdade de Tecnologia e Ci\u00eancias da Bahia(FATEC) acaba de lan\u00e7ar a campanha &#8220;D\u00ea um Upgrade na Sua Carreira profissional. Fa\u00e7a P\u00f3s gradua\u00e7\u00e3o na Fatec e no Mais Solid\u00e1rio&#8221; disponibilizando vagas para mais de 30 cursos de p\u00f3s-gradua\u00e7\u00e3o nas mais variadas \u00e1reas de atua\u00e7\u00e3o. Na \u00e1rea de sa\u00fade por exemplo ser\u00e1 disponibilizado curso de especializa\u00e7\u00e3o [&hellip;]<\/p>\n","protected":false},"author":1,"featured_media":10806,"comment_status":"open","ping_status":"open","sticky":false,"template":"","format":"standard","meta":{"om_disable_all_campaigns":false,"_exactmetrics_skip_tracking":false,"_exactmetrics_sitenote_active":false,"_exactmetrics_sitenote_note":"","_exactmetrics_sitenote_category":0,"footnotes":""},"categories":[38,30],"tags":[],"class_list":["post-10805","post","type-post","status-publish","format-standard","has-post-thumbnail","hentry","category-alagoinhas-e-regiao","category-destaque"],"aioseo_notices":[],"_links":{"self":[{"href":"https:\/\/newsinfoco.com.br\/inicio\/wp-json\/wp\/v2\/posts\/10805","targetHints":{"allow":["GET"]}}],"collection":[{"href":"https:\/\/newsinfoco.com.br\/inicio\/wp-json\/wp\/v2\/posts"}],"about":[{"href":"https:\/\/newsinfoco.com.br\/inicio\/wp-json\/wp\/v2\/types\/post"}],"author":[{"embeddable":true,"href":"https:\/\/newsinfoco.com.br\/inicio\/wp-json\/wp\/v2\/users\/1"}],"replies":[{"embeddable":true,"href":"https:\/\/newsinfoco.com.br\/inicio\/wp-json\/wp\/v2\/comments?post=10805"}],"version-history":[{"count":0,"href":"https:\/\/newsinfoco.com.br\/inicio\/wp-json\/wp\/v2\/posts\/10805\/revisions"}],"wp:featuredmedia":[{"embeddable":true,"href":"https:\/\/newsinfoco.com.br\/inicio\/wp-json\/wp\/v2\/media\/10806"}],"wp:attachment":[{"href":"https:\/\/newsinfoco.com.br\/inicio\/wp-json\/wp\/v2\/media?parent=10805"}],"wp:term":[{"taxonomy":"category","embeddable":true,"href":"https:\/\/newsinfoco.com.br\/inicio\/wp-json\/wp\/v2\/categories?post=10805"},{"taxonomy":"post_tag","embeddable":true,"href":"https:\/\/newsinfoco.com.br\/inicio\/wp-json\/wp\/v2\/tags?post=10805"}],"curies":[{"name":"wp","href":"https:\/\/api.w.org\/{rel}","templated":true}]}}