{"id":10811,"date":"2018-10-24T13:22:46","date_gmt":"2018-10-24T15:22:46","guid":{"rendered":"http:\/\/newsinfoco.com.br\/?p=10811"},"modified":"2018-10-24T13:22:46","modified_gmt":"2018-10-24T15:22:46","slug":"jovem-marcada-com-suastica-no-rs-sera-indiciada-por-falso-testemunho","status":"publish","type":"post","link":"https:\/\/newsinfoco.com.br\/inicio\/jovem-marcada-com-suastica-no-rs-sera-indiciada-por-falso-testemunho\/","title":{"rendered":"Jovem marcada com su\u00e1stica no RS ser\u00e1 indiciada por falso testemunho"},"content":{"rendered":"<p style=\"text-align: justify;\">A Pol\u00edcia Civil do Rio Grande do Sul concluiu que os cortes em forma de su\u00e1stica feitos em uma jovem que disse ter sido atacada na rua, h\u00e1 duas semanas, em Porto Alegre, \u00e9 um caso de \u201cautoles\u00e3o\u201d. Segundo o delegado Paulo S\u00e9rgio Jardim, h\u00e1 ind\u00edcios de automutila\u00e7\u00e3o ou de que tenham sido feitos de forma consentida. A jovem ser\u00e1 indiciada por falso testemunho.<\/p>\n<p style=\"text-align: justify;\">O laudo t\u00e9cnico da Pol\u00edcia Civil conclui que \u201cpode se afirmar com convic\u00e7\u00e3o que as les\u00f5es produzidas na v\u00edtima n\u00e3o s\u00e3o compat\u00edveis com as que seriam esperadas, na hip\u00f3tese de ter havido efetiva resist\u00eancia da parte dela \u00e0 a\u00e7\u00e3o de um agente agressor\u201d.<\/p><div class=\"newsi-conteudo_19\" id=\"newsi-3792699112\"><a href=\"https:\/\/www.instagram.com\/prefeituraalagoinhas?igsh=YzgzdDJ1bWR3aWI4\" aria-label=\"SAVE_20251006_221555\"><img loading=\"lazy\" decoding=\"async\" src=\"https:\/\/newsinfoco.com.br\/inicio\/wp-content\/uploads\/2025\/10\/SAVE_20251006_221555-rotated.jpg\" alt=\"\"  srcset=\"https:\/\/newsinfoco.com.br\/inicio\/wp-content\/uploads\/2025\/10\/SAVE_20251006_221555-rotated.jpg 1140w, https:\/\/newsinfoco.com.br\/inicio\/wp-content\/uploads\/2025\/10\/SAVE_20251006_221555-300x52.jpg 300w, https:\/\/newsinfoco.com.br\/inicio\/wp-content\/uploads\/2025\/10\/SAVE_20251006_221555-1024x177.jpg 1024w, https:\/\/newsinfoco.com.br\/inicio\/wp-content\/uploads\/2025\/10\/SAVE_20251006_221555-768x133.jpg 768w, https:\/\/newsinfoco.com.br\/inicio\/wp-content\/uploads\/2025\/10\/SAVE_20251006_221555-600x104.jpg 600w, https:\/\/newsinfoco.com.br\/inicio\/wp-content\/uploads\/2025\/10\/SAVE_20251006_221555-696x120.jpg 696w, https:\/\/newsinfoco.com.br\/inicio\/wp-content\/uploads\/2025\/10\/SAVE_20251006_221555-1068x185.jpg 1068w\" sizes=\"(max-width: 1140px) 100vw, 1140px\" width=\"1140\" height=\"197\"   \/><\/a><\/div>\n<p style=\"text-align: justify;\">Logo ap\u00f3s o primeiro turno das elei\u00e7\u00f5es, uma jovem de 19 anos, moradora de Porto Alegre, registrou boletim de ocorr\u00eancia na Pol\u00edcia Civil por les\u00e3o corporal na noite de segunda-feira, 8. Segundo o relato feito aos policiais, ela teria sido abordada por tr\u00eas homens e agredida por possuir adesivos LGBT colados na mochila.<\/p>\n<p style=\"text-align: justify;\">De acordo com a vers\u00e3o contada \u00e0 \u00e9poca pela jovem, ap\u00f3s diversas ofensas e amea\u00e7as, um trio a rendeu e marcou o corpo dela com a marca nazista. Quatro dias depois, ela teria desistido da a\u00e7\u00e3o \u201cpor quest\u00f5es emocionais\u201d.<\/p>\n<h6 style=\"text-align: right;\"><span style=\"color: #999999;\">Estad\u00e3o<\/span><\/h6>\n<div class='share-to-whatsapp-wrapper'><div class='share-on-whsp'>Share on: <\/div><a data-text='Jovem marcada com su\u00e1stica no RS ser\u00e1 indiciada por falso testemunho' data-link='https:\/\/newsinfoco.com.br\/inicio\/jovem-marcada-com-suastica-no-rs-sera-indiciada-por-falso-testemunho\/' class='whatsapp-button whatsapp-share'>WhatsApp<\/a><div class='clear '><\/div><\/div>","protected":false},"excerpt":{"rendered":"<p>A Pol\u00edcia Civil do Rio Grande do Sul concluiu que os cortes em forma de su\u00e1stica feitos em uma jovem que disse ter sido atacada na rua, h\u00e1 duas semanas, em Porto Alegre, \u00e9 um caso de \u201cautoles\u00e3o\u201d. Segundo o delegado Paulo S\u00e9rgio Jardim, h\u00e1 ind\u00edcios de automutila\u00e7\u00e3o ou de que tenham sido feitos de [&hellip;]<\/p>\n","protected":false},"author":1,"featured_media":10812,"comment_status":"open","ping_status":"open","sticky":false,"template":"","format":"standard","meta":{"om_disable_all_campaigns":false,"_exactmetrics_skip_tracking":false,"_exactmetrics_sitenote_active":false,"_exactmetrics_sitenote_note":"","_exactmetrics_sitenote_category":0,"footnotes":""},"categories":[21],"tags":[],"class_list":["post-10811","post","type-post","status-publish","format-standard","has-post-thumbnail","hentry","category-brasil"],"aioseo_notices":[],"_links":{"self":[{"href":"https:\/\/newsinfoco.com.br\/inicio\/wp-json\/wp\/v2\/posts\/10811","targetHints":{"allow":["GET"]}}],"collection":[{"href":"https:\/\/newsinfoco.com.br\/inicio\/wp-json\/wp\/v2\/posts"}],"about":[{"href":"https:\/\/newsinfoco.com.br\/inicio\/wp-json\/wp\/v2\/types\/post"}],"author":[{"embeddable":true,"href":"https:\/\/newsinfoco.com.br\/inicio\/wp-json\/wp\/v2\/users\/1"}],"replies":[{"embeddable":true,"href":"https:\/\/newsinfoco.com.br\/inicio\/wp-json\/wp\/v2\/comments?post=10811"}],"version-history":[{"count":0,"href":"https:\/\/newsinfoco.com.br\/inicio\/wp-json\/wp\/v2\/posts\/10811\/revisions"}],"wp:featuredmedia":[{"embeddable":true,"href":"https:\/\/newsinfoco.com.br\/inicio\/wp-json\/wp\/v2\/media\/10812"}],"wp:attachment":[{"href":"https:\/\/newsinfoco.com.br\/inicio\/wp-json\/wp\/v2\/media?parent=10811"}],"wp:term":[{"taxonomy":"category","embeddable":true,"href":"https:\/\/newsinfoco.com.br\/inicio\/wp-json\/wp\/v2\/categories?post=10811"},{"taxonomy":"post_tag","embeddable":true,"href":"https:\/\/newsinfoco.com.br\/inicio\/wp-json\/wp\/v2\/tags?post=10811"}],"curies":[{"name":"wp","href":"https:\/\/api.w.org\/{rel}","templated":true}]}}